{"id":22129,"date":"2019-08-12T13:23:44","date_gmt":"2019-08-12T13:23:44","guid":{"rendered":"https:\/\/iicolumnas.es\/?p=22129"},"modified":"2019-08-14T09:59:31","modified_gmt":"2019-08-14T09:59:31","slug":"los-quintos-del-1954-se-reunen-para-festejar-sus-65-anos","status":"publish","type":"post","link":"https:\/\/iicolumnas.es\/index.php\/actualidad\/2019\/08\/12\/los-quintos-del-1954-se-reunen-para-festejar-sus-65-anos\/","title":{"rendered":"Los quintos del 1954 se re\u00fanen para festejar sus 65 a\u00f1os"},"content":{"rendered":"<p style=\"text-align: justify;\">El pasado domingo, d\u00eda 11 de agosto, los quintos que este a\u00f1o cumplen 65 a\u00f1os se reunieron para celebrarlo.<br \/>\nEl d\u00eda comenz\u00f3 asistiendo a misa, donde participaron leyendo y haciendo varias ofendas. A la puerta de la iglesia, una vez finalizada la celebraci\u00f3n les estaba esperando la charanga los Tocacharros para acompa\u00f1arlos por el pueblo. La comida se realiz\u00f3 en el pabell\u00f3n y tras una pausa volvieron a la carga con numerosos bailes acompa\u00f1ados en todo momento por la charanga.<\/p>\n<p>&nbsp;<\/p>\n<p><img loading=\"lazy\" decoding=\"async\" class=\"aligncenter size-full wp-image-22158\" src=\"https:\/\/iicolumnas.es\/wp-content\/uploads\/2019\/08\/7C1BB34B-8822-4028-BB3F-66D0C3396490.jpeg\" alt=\"\" width=\"600\" height=\"800\" srcset=\"https:\/\/iicolumnas.es\/wp-content\/uploads\/2019\/08\/7C1BB34B-8822-4028-BB3F-66D0C3396490.jpeg 600w, https:\/\/iicolumnas.es\/wp-content\/uploads\/2019\/08\/7C1BB34B-8822-4028-BB3F-66D0C3396490-225x300.jpeg 225w\" sizes=\"auto, (max-width: 600px) 100vw, 600px\" \/> <img loading=\"lazy\" decoding=\"async\" class=\"aligncenter size-full wp-image-22160\" src=\"https:\/\/iicolumnas.es\/wp-content\/uploads\/2019\/08\/6E502E81-2019-4965-9B8C-DBE8462A8AD8.jpeg\" alt=\"\" width=\"600\" height=\"800\" srcset=\"https:\/\/iicolumnas.es\/wp-content\/uploads\/2019\/08\/6E502E81-2019-4965-9B8C-DBE8462A8AD8.jpeg 600w, https:\/\/iicolumnas.es\/wp-content\/uploads\/2019\/08\/6E502E81-2019-4965-9B8C-DBE8462A8AD8-225x300.jpeg 225w\" sizes=\"auto, (max-width: 600px) 100vw, 600px\" \/> <img loading=\"lazy\" decoding=\"async\" class=\"aligncenter size-full wp-image-22163\" src=\"https:\/\/iicolumnas.es\/wp-content\/uploads\/2019\/08\/52CF2B73-DCE6-432B-B4F7-D9A18E9D747C.jpeg\" alt=\"\" width=\"800\" height=\"450\" srcset=\"https:\/\/iicolumnas.es\/wp-content\/uploads\/2019\/08\/52CF2B73-DCE6-432B-B4F7-D9A18E9D747C.jpeg 800w, https:\/\/iicolumnas.es\/wp-content\/uploads\/2019\/08\/52CF2B73-DCE6-432B-B4F7-D9A18E9D747C-300x169.jpeg 300w\" sizes=\"auto, (max-width: 800px) 100vw, 800px\" \/><img loading=\"lazy\" decoding=\"async\" class=\"aligncenter size-full wp-image-22157\" src=\"https:\/\/iicolumnas.es\/wp-content\/uploads\/2019\/08\/9B0CF942-9917-42E4-A393-07A76FD0F49D.jpeg\" alt=\"\" width=\"800\" height=\"600\" srcset=\"https:\/\/iicolumnas.es\/wp-content\/uploads\/2019\/08\/9B0CF942-9917-42E4-A393-07A76FD0F49D.jpeg 800w, https:\/\/iicolumnas.es\/wp-content\/uploads\/2019\/08\/9B0CF942-9917-42E4-A393-07A76FD0F49D-300x225.jpeg 300w\" sizes=\"auto, (max-width: 800px) 100vw, 800px\" \/><\/p>\n","protected":false},"excerpt":{"rendered":"<p>El pasado domingo, d\u00eda 11 de agosto, los quintos que este a\u00f1o cumplen 65 a\u00f1os se reunieron para celebrarlo. El d\u00eda comenz\u00f3 asistiendo a misa, donde participaron leyendo y haciendo varias ofendas. A la&#46;&#46;&#46;<\/p>\n","protected":false},"author":19,"featured_media":22157,"comment_status":"open","ping_status":"open","sticky":false,"template":"","format":"standard","meta":{"footnotes":""},"categories":[1],"tags":[1888,1041],"class_list":["post-22129","post","type-post","status-publish","format-standard","has-post-thumbnail","hentry","category-actualidad","tag-agosto-2019","tag-quintos-65"],"yoast_head":"<!-- This site is optimized with the Yoast SEO plugin v26.6 - https:\/\/yoast.com\/wordpress\/plugins\/seo\/ -->\n<title>Los quintos del 1954 se re\u00fanen para festejar sus 65 a\u00f1os - Dos Columnas<\/title>\n<meta name=\"robots\" content=\"index, follow, max-snippet:-1, max-image-preview:large, max-video-preview:-1\" \/>\n<link rel=\"canonical\" href=\"https:\/\/iicolumnas.es\/index.php\/actualidad\/2019\/08\/12\/los-quintos-del-1954-se-reunen-para-festejar-sus-65-anos\/\" \/>\n<meta property=\"og:locale\" content=\"es_ES\" \/>\n<meta property=\"og:type\" content=\"article\" \/>\n<meta property=\"og:title\" content=\"Los quintos del 1954 se re\u00fanen para festejar sus 65 a\u00f1os - Dos Columnas\" \/>\n<meta property=\"og:description\" content=\"El pasado domingo, d\u00eda 11 de agosto, los quintos que este a\u00f1o cumplen 65 a\u00f1os se reunieron para celebrarlo. El d\u00eda comenz\u00f3 asistiendo a misa, donde participaron leyendo y haciendo varias ofendas. A la&#046;&#046;&#046;\" \/>\n<meta property=\"og:url\" content=\"https:\/\/iicolumnas.es\/index.php\/actualidad\/2019\/08\/12\/los-quintos-del-1954-se-reunen-para-festejar-sus-65-anos\/\" \/>\n<meta property=\"og:site_name\" content=\"Dos Columnas\" \/>\n<meta property=\"article:publisher\" content=\"https:\/\/www.facebook.com\/iicolumnas\/\" \/>\n<meta property=\"article:published_time\" content=\"2019-08-12T13:23:44+00:00\" \/>\n<meta property=\"article:modified_time\" content=\"2019-08-14T09:59:31+00:00\" \/>\n<meta property=\"og:image\" content=\"https:\/\/iicolumnas.es\/wp-content\/uploads\/2019\/08\/9B0CF942-9917-42E4-A393-07A76FD0F49D.jpeg\" \/>\n\t<meta property=\"og:image:width\" content=\"800\" \/>\n\t<meta property=\"og:image:height\" content=\"600\" \/>\n\t<meta property=\"og:image:type\" content=\"image\/jpeg\" \/>\n<meta name=\"author\" content=\"Rebeca Pedroso\" \/>\n<meta name=\"twitter:card\" content=\"summary_large_image\" \/>\n<meta name=\"twitter:creator\" content=\"@iicolumnas\" \/>\n<meta name=\"twitter:site\" content=\"@iicolumnas\" \/>\n<meta name=\"twitter:label1\" content=\"Escrito por\" \/>\n\t<meta name=\"twitter:data1\" content=\"Rebeca Pedroso\" \/>\n<script type=\"application\/ld+json\" class=\"yoast-schema-graph\">{\"@context\":\"https:\/\/schema.org\",\"@graph\":[{\"@type\":\"WebPage\",\"@id\":\"https:\/\/iicolumnas.es\/index.php\/actualidad\/2019\/08\/12\/los-quintos-del-1954-se-reunen-para-festejar-sus-65-anos\/\",\"url\":\"https:\/\/iicolumnas.es\/index.php\/actualidad\/2019\/08\/12\/los-quintos-del-1954-se-reunen-para-festejar-sus-65-anos\/\",\"name\":\"Los quintos del 1954 se re\u00fanen para festejar sus 65 a\u00f1os - Dos Columnas\",\"isPartOf\":{\"@id\":\"https:\/\/iicolumnas.es\/#website\"},\"primaryImageOfPage\":{\"@id\":\"https:\/\/iicolumnas.es\/index.php\/actualidad\/2019\/08\/12\/los-quintos-del-1954-se-reunen-para-festejar-sus-65-anos\/#primaryimage\"},\"image\":{\"@id\":\"https:\/\/iicolumnas.es\/index.php\/actualidad\/2019\/08\/12\/los-quintos-del-1954-se-reunen-para-festejar-sus-65-anos\/#primaryimage\"},\"thumbnailUrl\":\"https:\/\/iicolumnas.es\/wp-content\/uploads\/2019\/08\/9B0CF942-9917-42E4-A393-07A76FD0F49D.jpeg\",\"datePublished\":\"2019-08-12T13:23:44+00:00\",\"dateModified\":\"2019-08-14T09:59:31+00:00\",\"author\":{\"@id\":\"https:\/\/iicolumnas.es\/#\/schema\/person\/a332236529a0eb9a70b9d7ee8bd563fb\"},\"breadcrumb\":{\"@id\":\"https:\/\/iicolumnas.es\/index.php\/actualidad\/2019\/08\/12\/los-quintos-del-1954-se-reunen-para-festejar-sus-65-anos\/#breadcrumb\"},\"inLanguage\":\"es\",\"potentialAction\":[{\"@type\":\"ReadAction\",\"target\":[\"https:\/\/iicolumnas.es\/index.php\/actualidad\/2019\/08\/12\/los-quintos-del-1954-se-reunen-para-festejar-sus-65-anos\/\"]}]},{\"@type\":\"ImageObject\",\"inLanguage\":\"es\",\"@id\":\"https:\/\/iicolumnas.es\/index.php\/actualidad\/2019\/08\/12\/los-quintos-del-1954-se-reunen-para-festejar-sus-65-anos\/#primaryimage\",\"url\":\"https:\/\/iicolumnas.es\/wp-content\/uploads\/2019\/08\/9B0CF942-9917-42E4-A393-07A76FD0F49D.jpeg\",\"contentUrl\":\"https:\/\/iicolumnas.es\/wp-content\/uploads\/2019\/08\/9B0CF942-9917-42E4-A393-07A76FD0F49D.jpeg\",\"width\":800,\"height\":600},{\"@type\":\"BreadcrumbList\",\"@id\":\"https:\/\/iicolumnas.es\/index.php\/actualidad\/2019\/08\/12\/los-quintos-del-1954-se-reunen-para-festejar-sus-65-anos\/#breadcrumb\",\"itemListElement\":[{\"@type\":\"ListItem\",\"position\":1,\"name\":\"Portada\",\"item\":\"https:\/\/iicolumnas.es\/\"},{\"@type\":\"ListItem\",\"position\":2,\"name\":\"Actualidad\",\"item\":\"https:\/\/iicolumnas.es\/index.php\/category\/actualidad\/\"},{\"@type\":\"ListItem\",\"position\":3,\"name\":\"Los quintos del 1954 se re\u00fanen para festejar sus 65 a\u00f1os\"}]},{\"@type\":\"WebSite\",\"@id\":\"https:\/\/iicolumnas.es\/#website\",\"url\":\"https:\/\/iicolumnas.es\/\",\"name\":\"Dos Columnas\",\"description\":\"El peri\u00f3dico de la villa de Cantalpino\",\"potentialAction\":[{\"@type\":\"SearchAction\",\"target\":{\"@type\":\"EntryPoint\",\"urlTemplate\":\"https:\/\/iicolumnas.es\/?s={search_term_string}\"},\"query-input\":{\"@type\":\"PropertyValueSpecification\",\"valueRequired\":true,\"valueName\":\"search_term_string\"}}],\"inLanguage\":\"es\"},{\"@type\":\"Person\",\"@id\":\"https:\/\/iicolumnas.es\/#\/schema\/person\/a332236529a0eb9a70b9d7ee8bd563fb\",\"name\":\"Rebeca Pedroso\",\"image\":{\"@type\":\"ImageObject\",\"inLanguage\":\"es\",\"@id\":\"https:\/\/iicolumnas.es\/#\/schema\/person\/image\/\",\"url\":\"https:\/\/secure.gravatar.com\/avatar\/614d9018f8b4c9fd4e8b758b543c28678aa81484b0f22d5961129eb050cc7bf7?s=96&d=mm&r=g\",\"contentUrl\":\"https:\/\/secure.gravatar.com\/avatar\/614d9018f8b4c9fd4e8b758b543c28678aa81484b0f22d5961129eb050cc7bf7?s=96&d=mm&r=g\",\"caption\":\"Rebeca Pedroso\"}}]}<\/script>\n<!-- \/ Yoast SEO plugin. -->","yoast_head_json":{"title":"Los quintos del 1954 se re\u00fanen para festejar sus 65 a\u00f1os - Dos Columnas","robots":{"index":"index","follow":"follow","max-snippet":"max-snippet:-1","max-image-preview":"max-image-preview:large","max-video-preview":"max-video-preview:-1"},"canonical":"https:\/\/iicolumnas.es\/index.php\/actualidad\/2019\/08\/12\/los-quintos-del-1954-se-reunen-para-festejar-sus-65-anos\/","og_locale":"es_ES","og_type":"article","og_title":"Los quintos del 1954 se re\u00fanen para festejar sus 65 a\u00f1os - Dos Columnas","og_description":"El pasado domingo, d\u00eda 11 de agosto, los quintos que este a\u00f1o cumplen 65 a\u00f1os se reunieron para celebrarlo. El d\u00eda comenz\u00f3 asistiendo a misa, donde participaron leyendo y haciendo varias ofendas. A la&#46;&#46;&#46;","og_url":"https:\/\/iicolumnas.es\/index.php\/actualidad\/2019\/08\/12\/los-quintos-del-1954-se-reunen-para-festejar-sus-65-anos\/","og_site_name":"Dos Columnas","article_publisher":"https:\/\/www.facebook.com\/iicolumnas\/","article_published_time":"2019-08-12T13:23:44+00:00","article_modified_time":"2019-08-14T09:59:31+00:00","og_image":[{"width":800,"height":600,"url":"https:\/\/iicolumnas.es\/wp-content\/uploads\/2019\/08\/9B0CF942-9917-42E4-A393-07A76FD0F49D.jpeg","type":"image\/jpeg"}],"author":"Rebeca Pedroso","twitter_card":"summary_large_image","twitter_creator":"@iicolumnas","twitter_site":"@iicolumnas","twitter_misc":{"Escrito por":"Rebeca Pedroso"},"schema":{"@context":"https:\/\/schema.org","@graph":[{"@type":"WebPage","@id":"https:\/\/iicolumnas.es\/index.php\/actualidad\/2019\/08\/12\/los-quintos-del-1954-se-reunen-para-festejar-sus-65-anos\/","url":"https:\/\/iicolumnas.es\/index.php\/actualidad\/2019\/08\/12\/los-quintos-del-1954-se-reunen-para-festejar-sus-65-anos\/","name":"Los quintos del 1954 se re\u00fanen para festejar sus 65 a\u00f1os - Dos Columnas","isPartOf":{"@id":"https:\/\/iicolumnas.es\/#website"},"primaryImageOfPage":{"@id":"https:\/\/iicolumnas.es\/index.php\/actualidad\/2019\/08\/12\/los-quintos-del-1954-se-reunen-para-festejar-sus-65-anos\/#primaryimage"},"image":{"@id":"https:\/\/iicolumnas.es\/index.php\/actualidad\/2019\/08\/12\/los-quintos-del-1954-se-reunen-para-festejar-sus-65-anos\/#primaryimage"},"thumbnailUrl":"https:\/\/iicolumnas.es\/wp-content\/uploads\/2019\/08\/9B0CF942-9917-42E4-A393-07A76FD0F49D.jpeg","datePublished":"2019-08-12T13:23:44+00:00","dateModified":"2019-08-14T09:59:31+00:00","author":{"@id":"https:\/\/iicolumnas.es\/#\/schema\/person\/a332236529a0eb9a70b9d7ee8bd563fb"},"breadcrumb":{"@id":"https:\/\/iicolumnas.es\/index.php\/actualidad\/2019\/08\/12\/los-quintos-del-1954-se-reunen-para-festejar-sus-65-anos\/#breadcrumb"},"inLanguage":"es","potentialAction":[{"@type":"ReadAction","target":["https:\/\/iicolumnas.es\/index.php\/actualidad\/2019\/08\/12\/los-quintos-del-1954-se-reunen-para-festejar-sus-65-anos\/"]}]},{"@type":"ImageObject","inLanguage":"es","@id":"https:\/\/iicolumnas.es\/index.php\/actualidad\/2019\/08\/12\/los-quintos-del-1954-se-reunen-para-festejar-sus-65-anos\/#primaryimage","url":"https:\/\/iicolumnas.es\/wp-content\/uploads\/2019\/08\/9B0CF942-9917-42E4-A393-07A76FD0F49D.jpeg","contentUrl":"https:\/\/iicolumnas.es\/wp-content\/uploads\/2019\/08\/9B0CF942-9917-42E4-A393-07A76FD0F49D.jpeg","width":800,"height":600},{"@type":"BreadcrumbList","@id":"https:\/\/iicolumnas.es\/index.php\/actualidad\/2019\/08\/12\/los-quintos-del-1954-se-reunen-para-festejar-sus-65-anos\/#breadcrumb","itemListElement":[{"@type":"ListItem","position":1,"name":"Portada","item":"https:\/\/iicolumnas.es\/"},{"@type":"ListItem","position":2,"name":"Actualidad","item":"https:\/\/iicolumnas.es\/index.php\/category\/actualidad\/"},{"@type":"ListItem","position":3,"name":"Los quintos del 1954 se re\u00fanen para festejar sus 65 a\u00f1os"}]},{"@type":"WebSite","@id":"https:\/\/iicolumnas.es\/#website","url":"https:\/\/iicolumnas.es\/","name":"Dos Columnas","description":"El peri\u00f3dico de la villa de Cantalpino","potentialAction":[{"@type":"SearchAction","target":{"@type":"EntryPoint","urlTemplate":"https:\/\/iicolumnas.es\/?s={search_term_string}"},"query-input":{"@type":"PropertyValueSpecification","valueRequired":true,"valueName":"search_term_string"}}],"inLanguage":"es"},{"@type":"Person","@id":"https:\/\/iicolumnas.es\/#\/schema\/person\/a332236529a0eb9a70b9d7ee8bd563fb","name":"Rebeca Pedroso","image":{"@type":"ImageObject","inLanguage":"es","@id":"https:\/\/iicolumnas.es\/#\/schema\/person\/image\/","url":"https:\/\/secure.gravatar.com\/avatar\/614d9018f8b4c9fd4e8b758b543c28678aa81484b0f22d5961129eb050cc7bf7?s=96&d=mm&r=g","contentUrl":"https:\/\/secure.gravatar.com\/avatar\/614d9018f8b4c9fd4e8b758b543c28678aa81484b0f22d5961129eb050cc7bf7?s=96&d=mm&r=g","caption":"Rebeca Pedroso"}}]}},"_links":{"self":[{"href":"https:\/\/iicolumnas.es\/index.php\/wp-json\/wp\/v2\/posts\/22129","targetHints":{"allow":["GET"]}}],"collection":[{"href":"https:\/\/iicolumnas.es\/index.php\/wp-json\/wp\/v2\/posts"}],"about":[{"href":"https:\/\/iicolumnas.es\/index.php\/wp-json\/wp\/v2\/types\/post"}],"author":[{"embeddable":true,"href":"https:\/\/iicolumnas.es\/index.php\/wp-json\/wp\/v2\/users\/19"}],"replies":[{"embeddable":true,"href":"https:\/\/iicolumnas.es\/index.php\/wp-json\/wp\/v2\/comments?post=22129"}],"version-history":[{"count":5,"href":"https:\/\/iicolumnas.es\/index.php\/wp-json\/wp\/v2\/posts\/22129\/revisions"}],"predecessor-version":[{"id":22177,"href":"https:\/\/iicolumnas.es\/index.php\/wp-json\/wp\/v2\/posts\/22129\/revisions\/22177"}],"wp:featuredmedia":[{"embeddable":true,"href":"https:\/\/iicolumnas.es\/index.php\/wp-json\/wp\/v2\/media\/22157"}],"wp:attachment":[{"href":"https:\/\/iicolumnas.es\/index.php\/wp-json\/wp\/v2\/media?parent=22129"}],"wp:term":[{"taxonomy":"category","embeddable":true,"href":"https:\/\/iicolumnas.es\/index.php\/wp-json\/wp\/v2\/categories?post=22129"},{"taxonomy":"post_tag","embeddable":true,"href":"https:\/\/iicolumnas.es\/index.php\/wp-json\/wp\/v2\/tags?post=22129"}],"curies":[{"name":"wp","href":"https:\/\/api.w.org\/{rel}","templated":true}]}}