{"id":22045,"date":"2019-08-11T15:06:09","date_gmt":"2019-08-11T15:06:09","guid":{"rendered":"https:\/\/iicolumnas.es\/?p=22045"},"modified":"2019-08-11T15:09:14","modified_gmt":"2019-08-11T15:09:14","slug":"exitosa-marcha-nocturna","status":"publish","type":"post","link":"https:\/\/iicolumnas.es\/index.php\/actualidad\/2019\/08\/11\/exitosa-marcha-nocturna\/","title":{"rendered":"Exitosa marcha nocturna"},"content":{"rendered":"<p style=\"text-align: justify;\">El pasado jueves, d\u00eda 8 de agosto, tuvo lugar el primer paseo nocturno por Cantalpino.<\/p>\n<p style=\"text-align: justify;\">Todos los interesados estaban citados a las 22:30 horas en la plaza del pueblo y fueron bastantes los vecinos que se animaron a realizar algo diferente durante la noche. Tras una foto grupal, antes de arrancar el paseo, el nutrido grupo de participantes, de todas las edades, realizaron un recorrido de 6,6 kil\u00f3metros por los alrededores de Cantalpino realizando varias paradas para poder disfrutar del cielo estrellado de las noches de agosto y esperar a los m\u00e1s rezagados para que no se perdiera nadie por el camino.<\/p>\n<p style=\"text-align: justify;\">El paseo concluy\u00f3 a las 12:15 horas en el mismo sitio de donde se sali\u00f3 llegando un total de 123 personas y finaliz\u00f3 igual que comenz\u00f3, con una foto de todos los que aguantaron hasta el final.<\/p>\n<div id=\"attachment_22046\" style=\"width: 810px\" class=\"wp-caption aligncenter\"><img loading=\"lazy\" decoding=\"async\" aria-describedby=\"caption-attachment-22046\" class=\"size-full wp-image-22046\" src=\"https:\/\/iicolumnas.es\/wp-content\/uploads\/2019\/08\/C937760A-934A-4C5B-AE8E-96E5313750A3.jpeg\" alt=\"\" width=\"800\" height=\"600\" srcset=\"https:\/\/iicolumnas.es\/wp-content\/uploads\/2019\/08\/C937760A-934A-4C5B-AE8E-96E5313750A3.jpeg 800w, https:\/\/iicolumnas.es\/wp-content\/uploads\/2019\/08\/C937760A-934A-4C5B-AE8E-96E5313750A3-300x225.jpeg 300w\" sizes=\"auto, (max-width: 800px) 100vw, 800px\" \/><p id=\"caption-attachment-22046\" class=\"wp-caption-text\">Inicio de la marcha<\/p><\/div>\n<div id=\"attachment_22047\" style=\"width: 810px\" class=\"wp-caption aligncenter\"><img loading=\"lazy\" decoding=\"async\" aria-describedby=\"caption-attachment-22047\" class=\"size-full wp-image-22047\" src=\"https:\/\/iicolumnas.es\/wp-content\/uploads\/2019\/08\/5914AC0F-B85D-4D1C-A966-968BF5DF6A90.jpeg\" alt=\"\" width=\"800\" height=\"600\" srcset=\"https:\/\/iicolumnas.es\/wp-content\/uploads\/2019\/08\/5914AC0F-B85D-4D1C-A966-968BF5DF6A90.jpeg 800w, https:\/\/iicolumnas.es\/wp-content\/uploads\/2019\/08\/5914AC0F-B85D-4D1C-A966-968BF5DF6A90-300x225.jpeg 300w\" sizes=\"auto, (max-width: 800px) 100vw, 800px\" \/><p id=\"caption-attachment-22047\" class=\"wp-caption-text\">Final de la marcha<\/p><\/div>\n<p>&nbsp;<\/p>\n","protected":false},"excerpt":{"rendered":"<p>El pasado jueves, d\u00eda 8 de agosto, tuvo lugar el primer paseo nocturno por Cantalpino. Todos los interesados estaban citados a las 22:30 horas en la plaza del pueblo y fueron bastantes los vecinos&#46;&#46;&#46;<\/p>\n","protected":false},"author":19,"featured_media":22046,"comment_status":"open","ping_status":"open","sticky":false,"template":"","format":"standard","meta":{"footnotes":""},"categories":[1],"tags":[1888,1904],"class_list":["post-22045","post","type-post","status-publish","format-standard","has-post-thumbnail","hentry","category-actualidad","tag-agosto-2019","tag-marcha-nocturna"],"yoast_head":"<!-- This site is optimized with the Yoast SEO plugin v26.6 - https:\/\/yoast.com\/wordpress\/plugins\/seo\/ -->\n<title>Exitosa marcha nocturna - Dos Columnas<\/title>\n<meta name=\"robots\" content=\"index, follow, max-snippet:-1, max-image-preview:large, max-video-preview:-1\" \/>\n<link rel=\"canonical\" href=\"https:\/\/iicolumnas.es\/index.php\/actualidad\/2019\/08\/11\/exitosa-marcha-nocturna\/\" \/>\n<meta property=\"og:locale\" content=\"es_ES\" \/>\n<meta property=\"og:type\" content=\"article\" \/>\n<meta property=\"og:title\" content=\"Exitosa marcha nocturna - Dos Columnas\" \/>\n<meta property=\"og:description\" content=\"El pasado jueves, d\u00eda 8 de agosto, tuvo lugar el primer paseo nocturno por Cantalpino. Todos los interesados estaban citados a las 22:30 horas en la plaza del pueblo y fueron bastantes los vecinos&#046;&#046;&#046;\" \/>\n<meta property=\"og:url\" content=\"https:\/\/iicolumnas.es\/index.php\/actualidad\/2019\/08\/11\/exitosa-marcha-nocturna\/\" \/>\n<meta property=\"og:site_name\" content=\"Dos Columnas\" \/>\n<meta property=\"article:publisher\" content=\"https:\/\/www.facebook.com\/iicolumnas\/\" \/>\n<meta property=\"article:published_time\" content=\"2019-08-11T15:06:09+00:00\" \/>\n<meta property=\"article:modified_time\" content=\"2019-08-11T15:09:14+00:00\" \/>\n<meta property=\"og:image\" content=\"https:\/\/iicolumnas.es\/wp-content\/uploads\/2019\/08\/C937760A-934A-4C5B-AE8E-96E5313750A3.jpeg\" \/>\n\t<meta property=\"og:image:width\" content=\"800\" \/>\n\t<meta property=\"og:image:height\" content=\"600\" \/>\n\t<meta property=\"og:image:type\" content=\"image\/jpeg\" \/>\n<meta name=\"author\" content=\"Rebeca Pedroso\" \/>\n<meta name=\"twitter:card\" content=\"summary_large_image\" \/>\n<meta name=\"twitter:creator\" content=\"@iicolumnas\" \/>\n<meta name=\"twitter:site\" content=\"@iicolumnas\" \/>\n<meta name=\"twitter:label1\" content=\"Escrito por\" \/>\n\t<meta name=\"twitter:data1\" content=\"Rebeca Pedroso\" \/>\n\t<meta name=\"twitter:label2\" content=\"Tiempo de lectura\" \/>\n\t<meta name=\"twitter:data2\" content=\"1 minuto\" \/>\n<script type=\"application\/ld+json\" class=\"yoast-schema-graph\">{\"@context\":\"https:\/\/schema.org\",\"@graph\":[{\"@type\":\"WebPage\",\"@id\":\"https:\/\/iicolumnas.es\/index.php\/actualidad\/2019\/08\/11\/exitosa-marcha-nocturna\/\",\"url\":\"https:\/\/iicolumnas.es\/index.php\/actualidad\/2019\/08\/11\/exitosa-marcha-nocturna\/\",\"name\":\"Exitosa marcha nocturna - Dos Columnas\",\"isPartOf\":{\"@id\":\"https:\/\/iicolumnas.es\/#website\"},\"primaryImageOfPage\":{\"@id\":\"https:\/\/iicolumnas.es\/index.php\/actualidad\/2019\/08\/11\/exitosa-marcha-nocturna\/#primaryimage\"},\"image\":{\"@id\":\"https:\/\/iicolumnas.es\/index.php\/actualidad\/2019\/08\/11\/exitosa-marcha-nocturna\/#primaryimage\"},\"thumbnailUrl\":\"https:\/\/iicolumnas.es\/wp-content\/uploads\/2019\/08\/C937760A-934A-4C5B-AE8E-96E5313750A3.jpeg\",\"datePublished\":\"2019-08-11T15:06:09+00:00\",\"dateModified\":\"2019-08-11T15:09:14+00:00\",\"author\":{\"@id\":\"https:\/\/iicolumnas.es\/#\/schema\/person\/a332236529a0eb9a70b9d7ee8bd563fb\"},\"breadcrumb\":{\"@id\":\"https:\/\/iicolumnas.es\/index.php\/actualidad\/2019\/08\/11\/exitosa-marcha-nocturna\/#breadcrumb\"},\"inLanguage\":\"es\",\"potentialAction\":[{\"@type\":\"ReadAction\",\"target\":[\"https:\/\/iicolumnas.es\/index.php\/actualidad\/2019\/08\/11\/exitosa-marcha-nocturna\/\"]}]},{\"@type\":\"ImageObject\",\"inLanguage\":\"es\",\"@id\":\"https:\/\/iicolumnas.es\/index.php\/actualidad\/2019\/08\/11\/exitosa-marcha-nocturna\/#primaryimage\",\"url\":\"https:\/\/iicolumnas.es\/wp-content\/uploads\/2019\/08\/C937760A-934A-4C5B-AE8E-96E5313750A3.jpeg\",\"contentUrl\":\"https:\/\/iicolumnas.es\/wp-content\/uploads\/2019\/08\/C937760A-934A-4C5B-AE8E-96E5313750A3.jpeg\",\"width\":800,\"height\":600,\"caption\":\"Inicio de la marcha\"},{\"@type\":\"BreadcrumbList\",\"@id\":\"https:\/\/iicolumnas.es\/index.php\/actualidad\/2019\/08\/11\/exitosa-marcha-nocturna\/#breadcrumb\",\"itemListElement\":[{\"@type\":\"ListItem\",\"position\":1,\"name\":\"Portada\",\"item\":\"https:\/\/iicolumnas.es\/\"},{\"@type\":\"ListItem\",\"position\":2,\"name\":\"Actualidad\",\"item\":\"https:\/\/iicolumnas.es\/index.php\/category\/actualidad\/\"},{\"@type\":\"ListItem\",\"position\":3,\"name\":\"Exitosa marcha nocturna\"}]},{\"@type\":\"WebSite\",\"@id\":\"https:\/\/iicolumnas.es\/#website\",\"url\":\"https:\/\/iicolumnas.es\/\",\"name\":\"Dos Columnas\",\"description\":\"El peri\u00f3dico de la villa de Cantalpino\",\"potentialAction\":[{\"@type\":\"SearchAction\",\"target\":{\"@type\":\"EntryPoint\",\"urlTemplate\":\"https:\/\/iicolumnas.es\/?s={search_term_string}\"},\"query-input\":{\"@type\":\"PropertyValueSpecification\",\"valueRequired\":true,\"valueName\":\"search_term_string\"}}],\"inLanguage\":\"es\"},{\"@type\":\"Person\",\"@id\":\"https:\/\/iicolumnas.es\/#\/schema\/person\/a332236529a0eb9a70b9d7ee8bd563fb\",\"name\":\"Rebeca Pedroso\",\"image\":{\"@type\":\"ImageObject\",\"inLanguage\":\"es\",\"@id\":\"https:\/\/iicolumnas.es\/#\/schema\/person\/image\/\",\"url\":\"https:\/\/secure.gravatar.com\/avatar\/614d9018f8b4c9fd4e8b758b543c28678aa81484b0f22d5961129eb050cc7bf7?s=96&d=mm&r=g\",\"contentUrl\":\"https:\/\/secure.gravatar.com\/avatar\/614d9018f8b4c9fd4e8b758b543c28678aa81484b0f22d5961129eb050cc7bf7?s=96&d=mm&r=g\",\"caption\":\"Rebeca Pedroso\"}}]}<\/script>\n<!-- \/ Yoast SEO plugin. -->","yoast_head_json":{"title":"Exitosa marcha nocturna - Dos Columnas","robots":{"index":"index","follow":"follow","max-snippet":"max-snippet:-1","max-image-preview":"max-image-preview:large","max-video-preview":"max-video-preview:-1"},"canonical":"https:\/\/iicolumnas.es\/index.php\/actualidad\/2019\/08\/11\/exitosa-marcha-nocturna\/","og_locale":"es_ES","og_type":"article","og_title":"Exitosa marcha nocturna - Dos Columnas","og_description":"El pasado jueves, d\u00eda 8 de agosto, tuvo lugar el primer paseo nocturno por Cantalpino. Todos los interesados estaban citados a las 22:30 horas en la plaza del pueblo y fueron bastantes los vecinos&#46;&#46;&#46;","og_url":"https:\/\/iicolumnas.es\/index.php\/actualidad\/2019\/08\/11\/exitosa-marcha-nocturna\/","og_site_name":"Dos Columnas","article_publisher":"https:\/\/www.facebook.com\/iicolumnas\/","article_published_time":"2019-08-11T15:06:09+00:00","article_modified_time":"2019-08-11T15:09:14+00:00","og_image":[{"width":800,"height":600,"url":"https:\/\/iicolumnas.es\/wp-content\/uploads\/2019\/08\/C937760A-934A-4C5B-AE8E-96E5313750A3.jpeg","type":"image\/jpeg"}],"author":"Rebeca Pedroso","twitter_card":"summary_large_image","twitter_creator":"@iicolumnas","twitter_site":"@iicolumnas","twitter_misc":{"Escrito por":"Rebeca Pedroso","Tiempo de lectura":"1 minuto"},"schema":{"@context":"https:\/\/schema.org","@graph":[{"@type":"WebPage","@id":"https:\/\/iicolumnas.es\/index.php\/actualidad\/2019\/08\/11\/exitosa-marcha-nocturna\/","url":"https:\/\/iicolumnas.es\/index.php\/actualidad\/2019\/08\/11\/exitosa-marcha-nocturna\/","name":"Exitosa marcha nocturna - Dos Columnas","isPartOf":{"@id":"https:\/\/iicolumnas.es\/#website"},"primaryImageOfPage":{"@id":"https:\/\/iicolumnas.es\/index.php\/actualidad\/2019\/08\/11\/exitosa-marcha-nocturna\/#primaryimage"},"image":{"@id":"https:\/\/iicolumnas.es\/index.php\/actualidad\/2019\/08\/11\/exitosa-marcha-nocturna\/#primaryimage"},"thumbnailUrl":"https:\/\/iicolumnas.es\/wp-content\/uploads\/2019\/08\/C937760A-934A-4C5B-AE8E-96E5313750A3.jpeg","datePublished":"2019-08-11T15:06:09+00:00","dateModified":"2019-08-11T15:09:14+00:00","author":{"@id":"https:\/\/iicolumnas.es\/#\/schema\/person\/a332236529a0eb9a70b9d7ee8bd563fb"},"breadcrumb":{"@id":"https:\/\/iicolumnas.es\/index.php\/actualidad\/2019\/08\/11\/exitosa-marcha-nocturna\/#breadcrumb"},"inLanguage":"es","potentialAction":[{"@type":"ReadAction","target":["https:\/\/iicolumnas.es\/index.php\/actualidad\/2019\/08\/11\/exitosa-marcha-nocturna\/"]}]},{"@type":"ImageObject","inLanguage":"es","@id":"https:\/\/iicolumnas.es\/index.php\/actualidad\/2019\/08\/11\/exitosa-marcha-nocturna\/#primaryimage","url":"https:\/\/iicolumnas.es\/wp-content\/uploads\/2019\/08\/C937760A-934A-4C5B-AE8E-96E5313750A3.jpeg","contentUrl":"https:\/\/iicolumnas.es\/wp-content\/uploads\/2019\/08\/C937760A-934A-4C5B-AE8E-96E5313750A3.jpeg","width":800,"height":600,"caption":"Inicio de la marcha"},{"@type":"BreadcrumbList","@id":"https:\/\/iicolumnas.es\/index.php\/actualidad\/2019\/08\/11\/exitosa-marcha-nocturna\/#breadcrumb","itemListElement":[{"@type":"ListItem","position":1,"name":"Portada","item":"https:\/\/iicolumnas.es\/"},{"@type":"ListItem","position":2,"name":"Actualidad","item":"https:\/\/iicolumnas.es\/index.php\/category\/actualidad\/"},{"@type":"ListItem","position":3,"name":"Exitosa marcha nocturna"}]},{"@type":"WebSite","@id":"https:\/\/iicolumnas.es\/#website","url":"https:\/\/iicolumnas.es\/","name":"Dos Columnas","description":"El peri\u00f3dico de la villa de Cantalpino","potentialAction":[{"@type":"SearchAction","target":{"@type":"EntryPoint","urlTemplate":"https:\/\/iicolumnas.es\/?s={search_term_string}"},"query-input":{"@type":"PropertyValueSpecification","valueRequired":true,"valueName":"search_term_string"}}],"inLanguage":"es"},{"@type":"Person","@id":"https:\/\/iicolumnas.es\/#\/schema\/person\/a332236529a0eb9a70b9d7ee8bd563fb","name":"Rebeca Pedroso","image":{"@type":"ImageObject","inLanguage":"es","@id":"https:\/\/iicolumnas.es\/#\/schema\/person\/image\/","url":"https:\/\/secure.gravatar.com\/avatar\/614d9018f8b4c9fd4e8b758b543c28678aa81484b0f22d5961129eb050cc7bf7?s=96&d=mm&r=g","contentUrl":"https:\/\/secure.gravatar.com\/avatar\/614d9018f8b4c9fd4e8b758b543c28678aa81484b0f22d5961129eb050cc7bf7?s=96&d=mm&r=g","caption":"Rebeca Pedroso"}}]}},"_links":{"self":[{"href":"https:\/\/iicolumnas.es\/index.php\/wp-json\/wp\/v2\/posts\/22045","targetHints":{"allow":["GET"]}}],"collection":[{"href":"https:\/\/iicolumnas.es\/index.php\/wp-json\/wp\/v2\/posts"}],"about":[{"href":"https:\/\/iicolumnas.es\/index.php\/wp-json\/wp\/v2\/types\/post"}],"author":[{"embeddable":true,"href":"https:\/\/iicolumnas.es\/index.php\/wp-json\/wp\/v2\/users\/19"}],"replies":[{"embeddable":true,"href":"https:\/\/iicolumnas.es\/index.php\/wp-json\/wp\/v2\/comments?post=22045"}],"version-history":[{"count":5,"href":"https:\/\/iicolumnas.es\/index.php\/wp-json\/wp\/v2\/posts\/22045\/revisions"}],"predecessor-version":[{"id":22052,"href":"https:\/\/iicolumnas.es\/index.php\/wp-json\/wp\/v2\/posts\/22045\/revisions\/22052"}],"wp:featuredmedia":[{"embeddable":true,"href":"https:\/\/iicolumnas.es\/index.php\/wp-json\/wp\/v2\/media\/22046"}],"wp:attachment":[{"href":"https:\/\/iicolumnas.es\/index.php\/wp-json\/wp\/v2\/media?parent=22045"}],"wp:term":[{"taxonomy":"category","embeddable":true,"href":"https:\/\/iicolumnas.es\/index.php\/wp-json\/wp\/v2\/categories?post=22045"},{"taxonomy":"post_tag","embeddable":true,"href":"https:\/\/iicolumnas.es\/index.php\/wp-json\/wp\/v2\/tags?post=22045"}],"curies":[{"name":"wp","href":"https:\/\/api.w.org\/{rel}","templated":true}]}}