{"id":21795,"date":"2019-07-30T18:57:39","date_gmt":"2019-07-30T18:57:39","guid":{"rendered":"https:\/\/iicolumnas.es\/?p=21795"},"modified":"2019-07-30T18:57:39","modified_gmt":"2019-07-30T18:57:39","slug":"aviso-sobre-el-centro-de-espiritualidad-sor-eusebia","status":"publish","type":"post","link":"https:\/\/iicolumnas.es\/index.php\/actualidad\/2019\/07\/30\/aviso-sobre-el-centro-de-espiritualidad-sor-eusebia\/","title":{"rendered":"Aviso sobre el Centro de Espiritualidad Sor Eusebia"},"content":{"rendered":"<div dir=\"auto\">El proximo domingo 4 de agosto la celebraci\u00f3n de la Eucarist\u00eda dominical ser\u00e1 por Sor Eusebia, adem\u00e1s de la celebraci\u00f3n de las confirmaciones de varios j\u00f3venes cantalpineses. Por ese motivo la urna que recoge los donativos para vestir la capilla del nuevo <span style=\"color: #36cccc;\">Centro de Espiritualidad Sor Eusebia<\/span> se colocar\u00e1 en la iglesia durante la misa.<\/div>\n<div dir=\"auto\"><\/div>\n<div dir=\"auto\"><img loading=\"lazy\" decoding=\"async\" class=\"size-full wp-image-21796 aligncenter\" src=\"https:\/\/iicolumnas.es\/wp-content\/uploads\/2019\/07\/espertualidad_sor_eusebia.jpg\" alt=\"\" width=\"800\" height=\"600\" srcset=\"https:\/\/iicolumnas.es\/wp-content\/uploads\/2019\/07\/espertualidad_sor_eusebia.jpg 800w, https:\/\/iicolumnas.es\/wp-content\/uploads\/2019\/07\/espertualidad_sor_eusebia-300x225.jpg 300w\" sizes=\"auto, (max-width: 800px) 100vw, 800px\" \/><\/div>\n","protected":false},"excerpt":{"rendered":"<p>El proximo domingo 4 de agosto la celebraci\u00f3n de la Eucarist\u00eda dominical ser\u00e1 por Sor Eusebia, adem\u00e1s de la celebraci\u00f3n de las confirmaciones de varios j\u00f3venes cantalpineses. Por ese motivo la urna que recoge&#46;&#46;&#46;<\/p>\n","protected":false},"author":1,"featured_media":21796,"comment_status":"open","ping_status":"open","sticky":false,"template":"","format":"standard","meta":{"footnotes":""},"categories":[1,203],"tags":[1886,801],"class_list":["post-21795","post","type-post","status-publish","format-standard","has-post-thumbnail","hentry","category-actualidad","category-tablon-de-anuncios","tag-centro-de-espiritualidad-sor-eusebia","tag-sor-eusebia-palomino"],"yoast_head":"<!-- This site is optimized with the Yoast SEO plugin v26.6 - https:\/\/yoast.com\/wordpress\/plugins\/seo\/ -->\n<title>Aviso sobre el Centro de Espiritualidad Sor Eusebia - Dos Columnas<\/title>\n<meta name=\"robots\" content=\"index, follow, max-snippet:-1, max-image-preview:large, max-video-preview:-1\" \/>\n<link rel=\"canonical\" href=\"https:\/\/iicolumnas.es\/index.php\/actualidad\/2019\/07\/30\/aviso-sobre-el-centro-de-espiritualidad-sor-eusebia\/\" \/>\n<meta property=\"og:locale\" content=\"es_ES\" \/>\n<meta property=\"og:type\" content=\"article\" \/>\n<meta property=\"og:title\" content=\"Aviso sobre el Centro de Espiritualidad Sor Eusebia - Dos Columnas\" \/>\n<meta property=\"og:description\" content=\"El proximo domingo 4 de agosto la celebraci\u00f3n de la Eucarist\u00eda dominical ser\u00e1 por Sor Eusebia, adem\u00e1s de la celebraci\u00f3n de las confirmaciones de varios j\u00f3venes cantalpineses. Por ese motivo la urna que recoge&#046;&#046;&#046;\" \/>\n<meta property=\"og:url\" content=\"https:\/\/iicolumnas.es\/index.php\/actualidad\/2019\/07\/30\/aviso-sobre-el-centro-de-espiritualidad-sor-eusebia\/\" \/>\n<meta property=\"og:site_name\" content=\"Dos Columnas\" \/>\n<meta property=\"article:publisher\" content=\"https:\/\/www.facebook.com\/iicolumnas\/\" \/>\n<meta property=\"article:published_time\" content=\"2019-07-30T18:57:39+00:00\" \/>\n<meta property=\"og:image\" content=\"https:\/\/iicolumnas.es\/wp-content\/uploads\/2019\/07\/espertualidad_sor_eusebia.jpg\" \/>\n\t<meta property=\"og:image:width\" content=\"800\" \/>\n\t<meta property=\"og:image:height\" content=\"600\" \/>\n\t<meta property=\"og:image:type\" content=\"image\/jpeg\" \/>\n<meta name=\"author\" content=\"Juan Alberto Garc\u00eda\" \/>\n<meta name=\"twitter:card\" content=\"summary_large_image\" \/>\n<meta name=\"twitter:creator\" content=\"@iicolumnas\" \/>\n<meta name=\"twitter:site\" content=\"@iicolumnas\" \/>\n<meta name=\"twitter:label1\" content=\"Escrito por\" \/>\n\t<meta name=\"twitter:data1\" content=\"Juan Alberto Garc\u00eda\" \/>\n<script type=\"application\/ld+json\" class=\"yoast-schema-graph\">{\"@context\":\"https:\/\/schema.org\",\"@graph\":[{\"@type\":\"WebPage\",\"@id\":\"https:\/\/iicolumnas.es\/index.php\/actualidad\/2019\/07\/30\/aviso-sobre-el-centro-de-espiritualidad-sor-eusebia\/\",\"url\":\"https:\/\/iicolumnas.es\/index.php\/actualidad\/2019\/07\/30\/aviso-sobre-el-centro-de-espiritualidad-sor-eusebia\/\",\"name\":\"Aviso sobre el Centro de Espiritualidad Sor Eusebia - Dos Columnas\",\"isPartOf\":{\"@id\":\"https:\/\/iicolumnas.es\/#website\"},\"primaryImageOfPage\":{\"@id\":\"https:\/\/iicolumnas.es\/index.php\/actualidad\/2019\/07\/30\/aviso-sobre-el-centro-de-espiritualidad-sor-eusebia\/#primaryimage\"},\"image\":{\"@id\":\"https:\/\/iicolumnas.es\/index.php\/actualidad\/2019\/07\/30\/aviso-sobre-el-centro-de-espiritualidad-sor-eusebia\/#primaryimage\"},\"thumbnailUrl\":\"https:\/\/iicolumnas.es\/wp-content\/uploads\/2019\/07\/espertualidad_sor_eusebia.jpg\",\"datePublished\":\"2019-07-30T18:57:39+00:00\",\"author\":{\"@id\":\"https:\/\/iicolumnas.es\/#\/schema\/person\/454e592beb5051596092682bc7744870\"},\"breadcrumb\":{\"@id\":\"https:\/\/iicolumnas.es\/index.php\/actualidad\/2019\/07\/30\/aviso-sobre-el-centro-de-espiritualidad-sor-eusebia\/#breadcrumb\"},\"inLanguage\":\"es\",\"potentialAction\":[{\"@type\":\"ReadAction\",\"target\":[\"https:\/\/iicolumnas.es\/index.php\/actualidad\/2019\/07\/30\/aviso-sobre-el-centro-de-espiritualidad-sor-eusebia\/\"]}]},{\"@type\":\"ImageObject\",\"inLanguage\":\"es\",\"@id\":\"https:\/\/iicolumnas.es\/index.php\/actualidad\/2019\/07\/30\/aviso-sobre-el-centro-de-espiritualidad-sor-eusebia\/#primaryimage\",\"url\":\"https:\/\/iicolumnas.es\/wp-content\/uploads\/2019\/07\/espertualidad_sor_eusebia.jpg\",\"contentUrl\":\"https:\/\/iicolumnas.es\/wp-content\/uploads\/2019\/07\/espertualidad_sor_eusebia.jpg\",\"width\":800,\"height\":600},{\"@type\":\"BreadcrumbList\",\"@id\":\"https:\/\/iicolumnas.es\/index.php\/actualidad\/2019\/07\/30\/aviso-sobre-el-centro-de-espiritualidad-sor-eusebia\/#breadcrumb\",\"itemListElement\":[{\"@type\":\"ListItem\",\"position\":1,\"name\":\"Portada\",\"item\":\"https:\/\/iicolumnas.es\/\"},{\"@type\":\"ListItem\",\"position\":2,\"name\":\"Actualidad\",\"item\":\"https:\/\/iicolumnas.es\/index.php\/category\/actualidad\/\"},{\"@type\":\"ListItem\",\"position\":3,\"name\":\"Aviso sobre el Centro de Espiritualidad Sor Eusebia\"}]},{\"@type\":\"WebSite\",\"@id\":\"https:\/\/iicolumnas.es\/#website\",\"url\":\"https:\/\/iicolumnas.es\/\",\"name\":\"Dos Columnas\",\"description\":\"El peri\u00f3dico de la villa de Cantalpino\",\"potentialAction\":[{\"@type\":\"SearchAction\",\"target\":{\"@type\":\"EntryPoint\",\"urlTemplate\":\"https:\/\/iicolumnas.es\/?s={search_term_string}\"},\"query-input\":{\"@type\":\"PropertyValueSpecification\",\"valueRequired\":true,\"valueName\":\"search_term_string\"}}],\"inLanguage\":\"es\"},{\"@type\":\"Person\",\"@id\":\"https:\/\/iicolumnas.es\/#\/schema\/person\/454e592beb5051596092682bc7744870\",\"name\":\"Juan Alberto Garc\u00eda\",\"image\":{\"@type\":\"ImageObject\",\"inLanguage\":\"es\",\"@id\":\"https:\/\/iicolumnas.es\/#\/schema\/person\/image\/\",\"url\":\"https:\/\/secure.gravatar.com\/avatar\/b5e9097f5115a63587d45ece976d47f33159b9258fd778d9fbb56ce1c9d21ca8?s=96&d=mm&r=g\",\"contentUrl\":\"https:\/\/secure.gravatar.com\/avatar\/b5e9097f5115a63587d45ece976d47f33159b9258fd778d9fbb56ce1c9d21ca8?s=96&d=mm&r=g\",\"caption\":\"Juan Alberto Garc\u00eda\"},\"description\":\"los admin tienen demasiados privilegios sobre otros admin, no crees?\",\"sameAs\":[\"https:\/\/www.linkedin.com\/in\/juan-alberto-garc%C3%ADa-esteban-85389310b\"]}]}<\/script>\n<!-- \/ Yoast SEO plugin. -->","yoast_head_json":{"title":"Aviso sobre el Centro de Espiritualidad Sor Eusebia - Dos Columnas","robots":{"index":"index","follow":"follow","max-snippet":"max-snippet:-1","max-image-preview":"max-image-preview:large","max-video-preview":"max-video-preview:-1"},"canonical":"https:\/\/iicolumnas.es\/index.php\/actualidad\/2019\/07\/30\/aviso-sobre-el-centro-de-espiritualidad-sor-eusebia\/","og_locale":"es_ES","og_type":"article","og_title":"Aviso sobre el Centro de Espiritualidad Sor Eusebia - Dos Columnas","og_description":"El proximo domingo 4 de agosto la celebraci\u00f3n de la Eucarist\u00eda dominical ser\u00e1 por Sor Eusebia, adem\u00e1s de la celebraci\u00f3n de las confirmaciones de varios j\u00f3venes cantalpineses. Por ese motivo la urna que recoge&#46;&#46;&#46;","og_url":"https:\/\/iicolumnas.es\/index.php\/actualidad\/2019\/07\/30\/aviso-sobre-el-centro-de-espiritualidad-sor-eusebia\/","og_site_name":"Dos Columnas","article_publisher":"https:\/\/www.facebook.com\/iicolumnas\/","article_published_time":"2019-07-30T18:57:39+00:00","og_image":[{"width":800,"height":600,"url":"https:\/\/iicolumnas.es\/wp-content\/uploads\/2019\/07\/espertualidad_sor_eusebia.jpg","type":"image\/jpeg"}],"author":"Juan Alberto Garc\u00eda","twitter_card":"summary_large_image","twitter_creator":"@iicolumnas","twitter_site":"@iicolumnas","twitter_misc":{"Escrito por":"Juan Alberto Garc\u00eda"},"schema":{"@context":"https:\/\/schema.org","@graph":[{"@type":"WebPage","@id":"https:\/\/iicolumnas.es\/index.php\/actualidad\/2019\/07\/30\/aviso-sobre-el-centro-de-espiritualidad-sor-eusebia\/","url":"https:\/\/iicolumnas.es\/index.php\/actualidad\/2019\/07\/30\/aviso-sobre-el-centro-de-espiritualidad-sor-eusebia\/","name":"Aviso sobre el Centro de Espiritualidad Sor Eusebia - Dos Columnas","isPartOf":{"@id":"https:\/\/iicolumnas.es\/#website"},"primaryImageOfPage":{"@id":"https:\/\/iicolumnas.es\/index.php\/actualidad\/2019\/07\/30\/aviso-sobre-el-centro-de-espiritualidad-sor-eusebia\/#primaryimage"},"image":{"@id":"https:\/\/iicolumnas.es\/index.php\/actualidad\/2019\/07\/30\/aviso-sobre-el-centro-de-espiritualidad-sor-eusebia\/#primaryimage"},"thumbnailUrl":"https:\/\/iicolumnas.es\/wp-content\/uploads\/2019\/07\/espertualidad_sor_eusebia.jpg","datePublished":"2019-07-30T18:57:39+00:00","author":{"@id":"https:\/\/iicolumnas.es\/#\/schema\/person\/454e592beb5051596092682bc7744870"},"breadcrumb":{"@id":"https:\/\/iicolumnas.es\/index.php\/actualidad\/2019\/07\/30\/aviso-sobre-el-centro-de-espiritualidad-sor-eusebia\/#breadcrumb"},"inLanguage":"es","potentialAction":[{"@type":"ReadAction","target":["https:\/\/iicolumnas.es\/index.php\/actualidad\/2019\/07\/30\/aviso-sobre-el-centro-de-espiritualidad-sor-eusebia\/"]}]},{"@type":"ImageObject","inLanguage":"es","@id":"https:\/\/iicolumnas.es\/index.php\/actualidad\/2019\/07\/30\/aviso-sobre-el-centro-de-espiritualidad-sor-eusebia\/#primaryimage","url":"https:\/\/iicolumnas.es\/wp-content\/uploads\/2019\/07\/espertualidad_sor_eusebia.jpg","contentUrl":"https:\/\/iicolumnas.es\/wp-content\/uploads\/2019\/07\/espertualidad_sor_eusebia.jpg","width":800,"height":600},{"@type":"BreadcrumbList","@id":"https:\/\/iicolumnas.es\/index.php\/actualidad\/2019\/07\/30\/aviso-sobre-el-centro-de-espiritualidad-sor-eusebia\/#breadcrumb","itemListElement":[{"@type":"ListItem","position":1,"name":"Portada","item":"https:\/\/iicolumnas.es\/"},{"@type":"ListItem","position":2,"name":"Actualidad","item":"https:\/\/iicolumnas.es\/index.php\/category\/actualidad\/"},{"@type":"ListItem","position":3,"name":"Aviso sobre el Centro de Espiritualidad Sor Eusebia"}]},{"@type":"WebSite","@id":"https:\/\/iicolumnas.es\/#website","url":"https:\/\/iicolumnas.es\/","name":"Dos Columnas","description":"El peri\u00f3dico de la villa de Cantalpino","potentialAction":[{"@type":"SearchAction","target":{"@type":"EntryPoint","urlTemplate":"https:\/\/iicolumnas.es\/?s={search_term_string}"},"query-input":{"@type":"PropertyValueSpecification","valueRequired":true,"valueName":"search_term_string"}}],"inLanguage":"es"},{"@type":"Person","@id":"https:\/\/iicolumnas.es\/#\/schema\/person\/454e592beb5051596092682bc7744870","name":"Juan Alberto Garc\u00eda","image":{"@type":"ImageObject","inLanguage":"es","@id":"https:\/\/iicolumnas.es\/#\/schema\/person\/image\/","url":"https:\/\/secure.gravatar.com\/avatar\/b5e9097f5115a63587d45ece976d47f33159b9258fd778d9fbb56ce1c9d21ca8?s=96&d=mm&r=g","contentUrl":"https:\/\/secure.gravatar.com\/avatar\/b5e9097f5115a63587d45ece976d47f33159b9258fd778d9fbb56ce1c9d21ca8?s=96&d=mm&r=g","caption":"Juan Alberto Garc\u00eda"},"description":"los admin tienen demasiados privilegios sobre otros admin, no crees?","sameAs":["https:\/\/www.linkedin.com\/in\/juan-alberto-garc%C3%ADa-esteban-85389310b"]}]}},"_links":{"self":[{"href":"https:\/\/iicolumnas.es\/index.php\/wp-json\/wp\/v2\/posts\/21795","targetHints":{"allow":["GET"]}}],"collection":[{"href":"https:\/\/iicolumnas.es\/index.php\/wp-json\/wp\/v2\/posts"}],"about":[{"href":"https:\/\/iicolumnas.es\/index.php\/wp-json\/wp\/v2\/types\/post"}],"author":[{"embeddable":true,"href":"https:\/\/iicolumnas.es\/index.php\/wp-json\/wp\/v2\/users\/1"}],"replies":[{"embeddable":true,"href":"https:\/\/iicolumnas.es\/index.php\/wp-json\/wp\/v2\/comments?post=21795"}],"version-history":[{"count":1,"href":"https:\/\/iicolumnas.es\/index.php\/wp-json\/wp\/v2\/posts\/21795\/revisions"}],"predecessor-version":[{"id":21798,"href":"https:\/\/iicolumnas.es\/index.php\/wp-json\/wp\/v2\/posts\/21795\/revisions\/21798"}],"wp:featuredmedia":[{"embeddable":true,"href":"https:\/\/iicolumnas.es\/index.php\/wp-json\/wp\/v2\/media\/21796"}],"wp:attachment":[{"href":"https:\/\/iicolumnas.es\/index.php\/wp-json\/wp\/v2\/media?parent=21795"}],"wp:term":[{"taxonomy":"category","embeddable":true,"href":"https:\/\/iicolumnas.es\/index.php\/wp-json\/wp\/v2\/categories?post=21795"},{"taxonomy":"post_tag","embeddable":true,"href":"https:\/\/iicolumnas.es\/index.php\/wp-json\/wp\/v2\/tags?post=21795"}],"curies":[{"name":"wp","href":"https:\/\/api.w.org\/{rel}","templated":true}]}}