{"id":2124,"date":"2016-04-16T16:41:07","date_gmt":"2016-04-16T16:41:07","guid":{"rendered":"https:\/\/iicolumnas.es\/?p=2124"},"modified":"2016-04-17T14:55:22","modified_gmt":"2016-04-17T14:55:22","slug":"los-cuatro-van-llodio-rocio-hacen-noche-cantalpino","status":"publish","type":"post","link":"https:\/\/iicolumnas.es\/index.php\/actualidad\/2016\/04\/16\/los-cuatro-van-llodio-rocio-hacen-noche-cantalpino\/","title":{"rendered":"Cuatro peregrinos jubilados van en carro desde Llodio al Rocio y hacen noche en Cantalpino"},"content":{"rendered":"<p>Entre las 13:30 y las 14:00 horas llegaban a Cantalpino cuatro jubilados que hace ya diecis\u00e9is d\u00edas salieron de la localidad de Llodio (\u00c1lava). Los cantalpineses los han recibido con alegr\u00eda y les han abierto las puertas del pueblo. La colaboraci\u00f3n ha sido muy buena por parte de los vecinos y del ayuntamiento. Las mulas dormir\u00e1n en un cercado de Arturo junto a su caballo. El carro ha sido guardado en la cochera de la concejala Elena S\u00e1nchez, muy cercano al lugar donde dormir\u00e1n las mulas. Los cuatro hombres pasar\u00e1n la noche en el centro c\u00edvico, lugar en el que dispondr\u00e1n de duchas y calefacci\u00f3n.<\/p>\n<p>La comida la han realizado en Bar Espa\u00f1a invitados por el Ayuntamiento, hasta Cantalpino se ha acercado Estibalitz, hija de uno de los peregrinos, que ha tra\u00eddo a los ni\u00f1os para que vean a su abuelo. \u00abLlevaban mucho tiempo prepar\u00e1ndolo y, por fin, este a\u00f1o han decidido salir y realizar esta bonita aventura\u00bb, explica.<\/p>\n<p>El camino constar\u00e1 de 45 etapas de entre 20 y 30 km. Con la llegada a Cantalpino han recorrido ya 495 km de los 980km totales. \u00abHemos llegado al ecuador de nuestro viaje, Cantalpino es el ecuador\u00bb, explicaba uno de los peregrinos. Tambi\u00e9n afirmaba que Cantalpino es uno m\u00e1s de los pueblos en los que los han acogido con mucho cari\u00f1o y en el que les han ofrecido cantidad de posibilidades para que su estancia sea los m\u00e1s agradable posible.<\/p>\n<p>&#8216;Chula&#8217; y &#8216;Charo&#8217;, sus dos mulas, son unos animales que, seg\u00fan cuentan los protagonistas, son tratados de forma impecable, \u00abapenas sudan cuando tiran del carro, son animales muy fuertes y nosotros las cuidamos al m\u00e1ximo\u00bb, afirman, llevan todos los papeles en regla y \u00ablo primero que hacemos es buscar un lugar para las mulas, luego ya lo buscamos para nosotros\u00bb, cuenta uno de los peregrinos. \u00abNosotros las cuidamos mucho y cuando acabemos nuestro viaje buscaremos a alguien que las vaya a tratar bien, no nos importa el dinero, s\u00f3lo queremos que las cuiden\u00bb, afirmaba otro de los peregrinos.<\/p>\n<p>A su llegada a Coria del R\u00edo les espera la Hermandad de Lucena, que les acoger\u00e1n con los brazos abiertos y juntos continuar\u00e1n el camino hasta llegar al Roc\u00edo.<\/p>\n<p>Desde Dos Columnas deseamos a estas cuatro aventureros mucha suerte en lo que resta de viaje y que disfruten de la festividad del Roc\u00edo.<\/p>\n<div id=\"metaslider-id-2161\" style=\"max-width: 960px; margin: 0 auto;\" class=\"ml-slider-3-104-0 metaslider metaslider-nivo metaslider-2161 ml-slider ms-theme-default\" role=\"region\" aria-label=\"peregrinos\" data-height=\"540\" data-width=\"960\">\n    <div id=\"metaslider_container_2161\">\n        <div class='slider-wrapper theme-default'><div class='ribbon'><\/div><div id='metaslider_2161' class='nivoSlider'><img loading=\"lazy\" decoding=\"async\" src=\"https:\/\/iicolumnas.es\/wp-content\/uploads\/2016\/04\/jubilados-llodio-paran-cantalpino919-960x540.jpg\" height=\"540\" width=\"960\" title=\"jubilados llodio paran cantalpino\" alt=\"jubilados llodio paran cantalpino\" class=\"slider-2161 slide-2150 msDefaultImage\" \/><img loading=\"lazy\" decoding=\"async\" src=\"https:\/\/iicolumnas.es\/wp-content\/uploads\/2016\/04\/jubilados-llodio-paran-cantalpino206-960x540.jpg\" height=\"540\" width=\"960\" title=\"jubilados llodio paran cantalpino\" alt=\"jubilados llodio paran cantalpino\" class=\"slider-2161 slide-2130 msDefaultImage\" \/><img loading=\"lazy\" decoding=\"async\" src=\"https:\/\/iicolumnas.es\/wp-content\/uploads\/2016\/04\/jubilados-llodio-paran-cantalpino403-960x540.jpg\" height=\"540\" width=\"960\" title=\"jubilados llodio paran cantalpino\" alt=\"jubilados llodio paran cantalpino\" class=\"slider-2161 slide-2141 msDefaultImage\" \/><img loading=\"lazy\" decoding=\"async\" src=\"https:\/\/iicolumnas.es\/wp-content\/uploads\/2016\/04\/jubilados-llodio-paran-cantalpino723-960x540.jpg\" height=\"540\" width=\"960\" title=\"jubilados llodio paran cantalpino\" alt=\"jubilados llodio paran cantalpino\" class=\"slider-2161 slide-2148 msDefaultImage\" \/><img loading=\"lazy\" decoding=\"async\" src=\"https:\/\/iicolumnas.es\/wp-content\/uploads\/2016\/04\/jubilados-llodio-paran-cantalpino208-960x540.jpg\" height=\"540\" width=\"960\" title=\"jubilados llodio paran cantalpino\" alt=\"jubilados llodio paran cantalpino\" class=\"slider-2161 slide-2131 msDefaultImage\" \/><img loading=\"lazy\" decoding=\"async\" src=\"https:\/\/iicolumnas.es\/wp-content\/uploads\/2016\/04\/jubilados-llodio-paran-cantalpino359-960x540.jpg\" height=\"540\" width=\"960\" title=\"jubilados llodio paran cantalpino\" alt=\"jubilados llodio paran cantalpino\" class=\"slider-2161 slide-2140 msDefaultImage\" \/><img loading=\"lazy\" decoding=\"async\" src=\"https:\/\/iicolumnas.es\/wp-content\/uploads\/2016\/04\/jubilados-llodio-paran-cantalpino433-960x540.jpg\" height=\"540\" width=\"960\" title=\"jubilados llodio paran cantalpino\" alt=\"jubilados llodio paran cantalpino\" class=\"slider-2161 slide-2142 msDefaultImage\" \/><img loading=\"lazy\" decoding=\"async\" src=\"https:\/\/iicolumnas.es\/wp-content\/uploads\/2016\/04\/jubilados-llodio-paran-cantalpino927-960x540.jpg\" height=\"540\" width=\"960\" title=\"jubilados llodio paran cantalpino\" alt=\"jubilados llodio paran cantalpino\" class=\"slider-2161 slide-2151 msDefaultImage\" \/><img loading=\"lazy\" decoding=\"async\" src=\"https:\/\/iicolumnas.es\/wp-content\/uploads\/2016\/04\/jubilados-llodio-paran-cantalpino243-960x540.jpg\" height=\"540\" width=\"960\" title=\"jubilados llodio paran cantalpino\" alt=\"jubilados llodio paran cantalpino\" class=\"slider-2161 slide-2135 msDefaultImage\" \/><img loading=\"lazy\" decoding=\"async\" src=\"https:\/\/iicolumnas.es\/wp-content\/uploads\/2016\/04\/jubilados-llodio-paran-cantalpino536-960x540.jpg\" height=\"540\" width=\"960\" title=\"jubilados llodio paran cantalpino\" alt=\"jubilados llodio paran cantalpino\" class=\"slider-2161 slide-2143 msDefaultImage\" \/><img loading=\"lazy\" decoding=\"async\" src=\"https:\/\/iicolumnas.es\/wp-content\/uploads\/2016\/04\/jubilados-llodio-paran-cantalpino702-960x540.jpg\" height=\"540\" width=\"960\" title=\"jubilados llodio paran cantalpino\" alt=\"jubilados llodio paran cantalpino\" class=\"slider-2161 slide-2146 msDefaultImage\" \/><img loading=\"lazy\" decoding=\"async\" src=\"https:\/\/iicolumnas.es\/wp-content\/uploads\/2016\/04\/jubilados-llodio-paran-cantalpino4923-960x540.jpg\" height=\"540\" width=\"960\" title=\"jubilados llodio paran cantalpino\" alt=\"jubilados llodio paran cantalpino\" class=\"slider-2161 slide-2153 msDefaultImage\" \/><img loading=\"lazy\" decoding=\"async\" src=\"https:\/\/iicolumnas.es\/wp-content\/uploads\/2016\/04\/jubilados-llodio-paran-cantalpino5743-960x540.jpg\" height=\"540\" width=\"960\" title=\"jubilados llodio paran cantalpino\" alt=\"jubilados llodio paran cantalpino\" class=\"slider-2161 slide-2156 msDefaultImage\" \/><img loading=\"lazy\" decoding=\"async\" src=\"https:\/\/iicolumnas.es\/wp-content\/uploads\/2016\/04\/jubilados-llodio-paran-cantalpino4954-960x540.jpg\" height=\"540\" width=\"960\" title=\"jubilados llodio paran cantalpino\" alt=\"jubilados llodio paran cantalpino\" class=\"slider-2161 slide-2154 msDefaultImage\" \/><img loading=\"lazy\" decoding=\"async\" src=\"https:\/\/iicolumnas.es\/wp-content\/uploads\/2016\/04\/jubilados-llodio-paran-cantalpino-960x540.jpeg\" height=\"540\" width=\"960\" title=\"jubilados llodio paran cantalpino\" alt=\"jubilados llodio paran cantalpino\" class=\"slider-2161 slide-2128 msDefaultImage\" \/><img loading=\"lazy\" decoding=\"async\" src=\"https:\/\/iicolumnas.es\/wp-content\/uploads\/2016\/04\/jubilados-llodio-paran-cantalpino5758-960x540.jpg\" height=\"540\" width=\"960\" title=\"jubilados llodio paran cantalpino\" alt=\"jubilados llodio paran cantalpino\" class=\"slider-2161 slide-2158 msDefaultImage\" \/><img loading=\"lazy\" decoding=\"async\" src=\"https:\/\/iicolumnas.es\/wp-content\/uploads\/2016\/04\/jubilados-llodio-paran-cantalpino209-960x540.jpg\" height=\"540\" width=\"960\" title=\"jubilados llodio paran cantalpino\" alt=\"jubilados llodio paran cantalpino\" class=\"slider-2161 slide-2132 msDefaultImage\" \/><img loading=\"lazy\" decoding=\"async\" src=\"https:\/\/iicolumnas.es\/wp-content\/uploads\/2016\/04\/jubilados-llodio-paran-cantalpino2-960x540.jpeg\" height=\"540\" width=\"960\" title=\"jubilados llodio paran cantalpino\" alt=\"jubilados llodio paran cantalpino\" class=\"slider-2161 slide-2129 msDefaultImage\" \/><img loading=\"lazy\" decoding=\"async\" src=\"https:\/\/iicolumnas.es\/wp-content\/uploads\/2016\/04\/jubilados-llodio-paran-cantalpino306-960x540.jpg\" height=\"540\" width=\"960\" title=\"jubilados llodio paran cantalpino\" alt=\"jubilados llodio paran cantalpino\" class=\"slider-2161 slide-2137 msDefaultImage\" \/><img loading=\"lazy\" decoding=\"async\" src=\"https:\/\/iicolumnas.es\/wp-content\/uploads\/2016\/04\/jubilados-llodio-paran-cantalpino738-960x540.jpg\" height=\"540\" width=\"960\" title=\"jubilados llodio paran cantalpino\" alt=\"jubilados llodio paran cantalpino\" class=\"slider-2161 slide-2149 msDefaultImage\" \/><img loading=\"lazy\" decoding=\"async\" src=\"https:\/\/iicolumnas.es\/wp-content\/uploads\/2016\/04\/jubilados-llodio-paran-cantalpino5752-960x540.jpg\" height=\"540\" width=\"960\" title=\"jubilados llodio paran cantalpino\" alt=\"jubilados llodio paran cantalpino\" class=\"slider-2161 slide-2157 msDefaultImage\" \/><img loading=\"lazy\" decoding=\"async\" src=\"https:\/\/iicolumnas.es\/wp-content\/uploads\/2016\/04\/jubilados-llodio-paran-cantalpino5815-960x540.jpg\" height=\"540\" width=\"960\" title=\"jubilados llodio paran cantalpino\" alt=\"jubilados llodio paran cantalpino\" class=\"slider-2161 slide-2159 msDefaultImage\" \/><img loading=\"lazy\" decoding=\"async\" src=\"https:\/\/iicolumnas.es\/wp-content\/uploads\/2016\/04\/jubilados-llodio-paran-cantalpino324-960x540.jpg\" height=\"540\" width=\"960\" title=\"jubilados llodio paran cantalpino\" alt=\"jubilados llodio paran cantalpino\" class=\"slider-2161 slide-2138 msDefaultImage\" \/><img loading=\"lazy\" decoding=\"async\" src=\"https:\/\/iicolumnas.es\/wp-content\/uploads\/2016\/04\/jubilados-llodio-paran-cantalpino210-960x540.jpg\" height=\"540\" width=\"960\" title=\"jubilados llodio paran cantalpino\" alt=\"jubilados llodio paran cantalpino\" class=\"slider-2161 slide-2133 msDefaultImage\" \/><img loading=\"lazy\" decoding=\"async\" src=\"https:\/\/iicolumnas.es\/wp-content\/uploads\/2016\/04\/jubilados-llodio-paran-cantalpino705-960x540.jpg\" height=\"540\" width=\"960\" title=\"jubilados llodio paran cantalpino\" alt=\"jubilados llodio paran cantalpino\" class=\"slider-2161 slide-2147 msDefaultImage\" \/><img loading=\"lazy\" decoding=\"async\" src=\"https:\/\/iicolumnas.es\/wp-content\/uploads\/2016\/04\/jubilados-llodio-paran-cantalpino5347-960x540.jpg\" height=\"540\" width=\"960\" title=\"jubilados llodio paran cantalpino\" alt=\"jubilados llodio paran cantalpino\" class=\"slider-2161 slide-2155 msDefaultImage\" \/><img loading=\"lazy\" decoding=\"async\" src=\"https:\/\/iicolumnas.es\/wp-content\/uploads\/2016\/04\/jubilados-llodio-paran-cantalpino249-960x540.jpg\" height=\"540\" width=\"960\" title=\"jubilados llodio paran cantalpino\" alt=\"jubilados llodio paran cantalpino\" class=\"slider-2161 slide-2136 msDefaultImage\" \/><img loading=\"lazy\" decoding=\"async\" src=\"https:\/\/iicolumnas.es\/wp-content\/uploads\/2016\/04\/jubilados-llodio-paran-cantalpino236-960x540.jpg\" height=\"540\" width=\"960\" title=\"jubilados llodio paran cantalpino\" alt=\"jubilados llodio paran cantalpino\" class=\"slider-2161 slide-2134 msDefaultImage\" \/><img loading=\"lazy\" decoding=\"async\" src=\"https:\/\/iicolumnas.es\/wp-content\/uploads\/2016\/04\/jubilados-llodio-paran-cantalpino931-960x540.jpg\" height=\"540\" width=\"960\" title=\"jubilados llodio paran cantalpino\" alt=\"jubilados llodio paran cantalpino\" class=\"slider-2161 slide-2152 msDefaultImage\" \/><img loading=\"lazy\" decoding=\"async\" src=\"https:\/\/iicolumnas.es\/wp-content\/uploads\/2016\/04\/jubilados-llodio-paran-cantalpino550-960x540.jpg\" height=\"540\" width=\"960\" title=\"jubilados llodio paran cantalpino\" alt=\"jubilados llodio paran cantalpino\" class=\"slider-2161 slide-2144 msDefaultImage\" \/><img loading=\"lazy\" decoding=\"async\" src=\"https:\/\/iicolumnas.es\/wp-content\/uploads\/2016\/04\/jubilados-llodio-paran-cantalpino607-960x540.jpg\" height=\"540\" width=\"960\" title=\"jubilados llodio paran cantalpino\" alt=\"jubilados llodio paran cantalpino\" class=\"slider-2161 slide-2145 msDefaultImage\" \/><img loading=\"lazy\" decoding=\"async\" src=\"https:\/\/iicolumnas.es\/wp-content\/uploads\/2016\/04\/jubilados-llodio-paran-cantalpino326-960x540.jpg\" height=\"540\" width=\"960\" title=\"jubilados llodio paran cantalpino\" alt=\"jubilados llodio paran cantalpino\" class=\"slider-2161 slide-2139 msDefaultImage\" \/><img loading=\"lazy\" decoding=\"async\" src=\"https:\/\/iicolumnas.es\/wp-content\/uploads\/2016\/04\/jubilados-llodio-paran-cantalpino5816-960x540.jpg\" height=\"540\" width=\"960\" title=\"jubilados llodio paran cantalpino\" alt=\"jubilados llodio paran cantalpino\" class=\"slider-2161 slide-2160 msDefaultImage\" \/><\/div><\/div>\n        \n    <\/div>\n<\/div>\n","protected":false},"excerpt":{"rendered":"<p>Entre las 13:30 y las 14:00 horas llegaban a Cantalpino cuatro jubilados que hace ya diecis\u00e9is d\u00edas salieron de la localidad de Llodio (\u00c1lava). Los cantalpineses los han recibido con alegr\u00eda y les han&#46;&#46;&#46;<\/p>\n","protected":false},"author":1,"featured_media":2128,"comment_status":"open","ping_status":"open","sticky":false,"template":"","format":"standard","meta":{"footnotes":""},"categories":[1],"tags":[228,138,227,226],"class_list":["post-2124","post","type-post","status-publish","format-standard","has-post-thumbnail","hentry","category-actualidad","tag-jubilados","tag-mulas","tag-peregrinos","tag-rocio"],"yoast_head":"<!-- This site is optimized with the Yoast SEO plugin v26.6 - https:\/\/yoast.com\/wordpress\/plugins\/seo\/ -->\n<title>Cuatro peregrinos jubilados van en carro desde Llodio al Rocio y hacen noche en Cantalpino - Dos Columnas<\/title>\n<meta name=\"robots\" content=\"index, follow, max-snippet:-1, max-image-preview:large, max-video-preview:-1\" \/>\n<link rel=\"canonical\" href=\"https:\/\/iicolumnas.es\/index.php\/actualidad\/2016\/04\/16\/los-cuatro-van-llodio-rocio-hacen-noche-cantalpino\/\" \/>\n<meta property=\"og:locale\" content=\"es_ES\" \/>\n<meta property=\"og:type\" content=\"article\" \/>\n<meta property=\"og:title\" content=\"Cuatro peregrinos jubilados van en carro desde Llodio al Rocio y hacen noche en Cantalpino - Dos Columnas\" \/>\n<meta property=\"og:description\" content=\"Entre las 13:30 y las 14:00 horas llegaban a Cantalpino cuatro jubilados que hace ya diecis\u00e9is d\u00edas salieron de la localidad de Llodio (\u00c1lava). Los cantalpineses los han recibido con alegr\u00eda y les han&#046;&#046;&#046;\" \/>\n<meta property=\"og:url\" content=\"https:\/\/iicolumnas.es\/index.php\/actualidad\/2016\/04\/16\/los-cuatro-van-llodio-rocio-hacen-noche-cantalpino\/\" \/>\n<meta property=\"og:site_name\" content=\"Dos Columnas\" \/>\n<meta property=\"article:publisher\" content=\"https:\/\/www.facebook.com\/iicolumnas\/\" \/>\n<meta property=\"article:published_time\" content=\"2016-04-16T16:41:07+00:00\" \/>\n<meta property=\"article:modified_time\" content=\"2016-04-17T14:55:22+00:00\" \/>\n<meta property=\"og:image\" content=\"https:\/\/iicolumnas.es\/wp-content\/uploads\/2016\/04\/jubilados-llodio-paran-cantalpino.jpeg\" \/>\n\t<meta property=\"og:image:width\" content=\"1000\" \/>\n\t<meta property=\"og:image:height\" content=\"750\" \/>\n\t<meta property=\"og:image:type\" content=\"image\/jpeg\" \/>\n<meta name=\"author\" content=\"Juan Alberto Garc\u00eda\" \/>\n<meta name=\"twitter:card\" content=\"summary_large_image\" \/>\n<meta name=\"twitter:creator\" content=\"@iicolumnas\" \/>\n<meta name=\"twitter:site\" content=\"@iicolumnas\" \/>\n<meta name=\"twitter:label1\" content=\"Escrito por\" \/>\n\t<meta name=\"twitter:data1\" content=\"Juan Alberto Garc\u00eda\" \/>\n\t<meta name=\"twitter:label2\" content=\"Tiempo de lectura\" \/>\n\t<meta name=\"twitter:data2\" content=\"2 minutos\" \/>\n<script type=\"application\/ld+json\" class=\"yoast-schema-graph\">{\"@context\":\"https:\/\/schema.org\",\"@graph\":[{\"@type\":\"WebPage\",\"@id\":\"https:\/\/iicolumnas.es\/index.php\/actualidad\/2016\/04\/16\/los-cuatro-van-llodio-rocio-hacen-noche-cantalpino\/\",\"url\":\"https:\/\/iicolumnas.es\/index.php\/actualidad\/2016\/04\/16\/los-cuatro-van-llodio-rocio-hacen-noche-cantalpino\/\",\"name\":\"Cuatro peregrinos jubilados van en carro desde Llodio al Rocio y hacen noche en Cantalpino - Dos Columnas\",\"isPartOf\":{\"@id\":\"https:\/\/iicolumnas.es\/#website\"},\"primaryImageOfPage\":{\"@id\":\"https:\/\/iicolumnas.es\/index.php\/actualidad\/2016\/04\/16\/los-cuatro-van-llodio-rocio-hacen-noche-cantalpino\/#primaryimage\"},\"image\":{\"@id\":\"https:\/\/iicolumnas.es\/index.php\/actualidad\/2016\/04\/16\/los-cuatro-van-llodio-rocio-hacen-noche-cantalpino\/#primaryimage\"},\"thumbnailUrl\":\"https:\/\/iicolumnas.es\/wp-content\/uploads\/2016\/04\/jubilados-llodio-paran-cantalpino.jpeg\",\"datePublished\":\"2016-04-16T16:41:07+00:00\",\"dateModified\":\"2016-04-17T14:55:22+00:00\",\"author\":{\"@id\":\"https:\/\/iicolumnas.es\/#\/schema\/person\/454e592beb5051596092682bc7744870\"},\"breadcrumb\":{\"@id\":\"https:\/\/iicolumnas.es\/index.php\/actualidad\/2016\/04\/16\/los-cuatro-van-llodio-rocio-hacen-noche-cantalpino\/#breadcrumb\"},\"inLanguage\":\"es\",\"potentialAction\":[{\"@type\":\"ReadAction\",\"target\":[\"https:\/\/iicolumnas.es\/index.php\/actualidad\/2016\/04\/16\/los-cuatro-van-llodio-rocio-hacen-noche-cantalpino\/\"]}]},{\"@type\":\"ImageObject\",\"inLanguage\":\"es\",\"@id\":\"https:\/\/iicolumnas.es\/index.php\/actualidad\/2016\/04\/16\/los-cuatro-van-llodio-rocio-hacen-noche-cantalpino\/#primaryimage\",\"url\":\"https:\/\/iicolumnas.es\/wp-content\/uploads\/2016\/04\/jubilados-llodio-paran-cantalpino.jpeg\",\"contentUrl\":\"https:\/\/iicolumnas.es\/wp-content\/uploads\/2016\/04\/jubilados-llodio-paran-cantalpino.jpeg\",\"width\":\"1000\",\"height\":\"750\",\"caption\":\"jubilados llodio paran cantalpino\"},{\"@type\":\"BreadcrumbList\",\"@id\":\"https:\/\/iicolumnas.es\/index.php\/actualidad\/2016\/04\/16\/los-cuatro-van-llodio-rocio-hacen-noche-cantalpino\/#breadcrumb\",\"itemListElement\":[{\"@type\":\"ListItem\",\"position\":1,\"name\":\"Portada\",\"item\":\"https:\/\/iicolumnas.es\/\"},{\"@type\":\"ListItem\",\"position\":2,\"name\":\"Actualidad\",\"item\":\"https:\/\/iicolumnas.es\/index.php\/category\/actualidad\/\"},{\"@type\":\"ListItem\",\"position\":3,\"name\":\"Cuatro peregrinos jubilados van en carro desde Llodio al Rocio y hacen noche en Cantalpino\"}]},{\"@type\":\"WebSite\",\"@id\":\"https:\/\/iicolumnas.es\/#website\",\"url\":\"https:\/\/iicolumnas.es\/\",\"name\":\"Dos Columnas\",\"description\":\"El peri\u00f3dico de la villa de Cantalpino\",\"potentialAction\":[{\"@type\":\"SearchAction\",\"target\":{\"@type\":\"EntryPoint\",\"urlTemplate\":\"https:\/\/iicolumnas.es\/?s={search_term_string}\"},\"query-input\":{\"@type\":\"PropertyValueSpecification\",\"valueRequired\":true,\"valueName\":\"search_term_string\"}}],\"inLanguage\":\"es\"},{\"@type\":\"Person\",\"@id\":\"https:\/\/iicolumnas.es\/#\/schema\/person\/454e592beb5051596092682bc7744870\",\"name\":\"Juan Alberto Garc\u00eda\",\"image\":{\"@type\":\"ImageObject\",\"inLanguage\":\"es\",\"@id\":\"https:\/\/iicolumnas.es\/#\/schema\/person\/image\/\",\"url\":\"https:\/\/secure.gravatar.com\/avatar\/b5e9097f5115a63587d45ece976d47f33159b9258fd778d9fbb56ce1c9d21ca8?s=96&d=mm&r=g\",\"contentUrl\":\"https:\/\/secure.gravatar.com\/avatar\/b5e9097f5115a63587d45ece976d47f33159b9258fd778d9fbb56ce1c9d21ca8?s=96&d=mm&r=g\",\"caption\":\"Juan Alberto Garc\u00eda\"},\"description\":\"los admin tienen demasiados privilegios sobre otros admin, no crees?\",\"sameAs\":[\"https:\/\/www.linkedin.com\/in\/juan-alberto-garc%C3%ADa-esteban-85389310b\"]}]}<\/script>\n<!-- \/ Yoast SEO plugin. -->","yoast_head_json":{"title":"Cuatro peregrinos jubilados van en carro desde Llodio al Rocio y hacen noche en Cantalpino - Dos Columnas","robots":{"index":"index","follow":"follow","max-snippet":"max-snippet:-1","max-image-preview":"max-image-preview:large","max-video-preview":"max-video-preview:-1"},"canonical":"https:\/\/iicolumnas.es\/index.php\/actualidad\/2016\/04\/16\/los-cuatro-van-llodio-rocio-hacen-noche-cantalpino\/","og_locale":"es_ES","og_type":"article","og_title":"Cuatro peregrinos jubilados van en carro desde Llodio al Rocio y hacen noche en Cantalpino - Dos Columnas","og_description":"Entre las 13:30 y las 14:00 horas llegaban a Cantalpino cuatro jubilados que hace ya diecis\u00e9is d\u00edas salieron de la localidad de Llodio (\u00c1lava). Los cantalpineses los han recibido con alegr\u00eda y les han&#46;&#46;&#46;","og_url":"https:\/\/iicolumnas.es\/index.php\/actualidad\/2016\/04\/16\/los-cuatro-van-llodio-rocio-hacen-noche-cantalpino\/","og_site_name":"Dos Columnas","article_publisher":"https:\/\/www.facebook.com\/iicolumnas\/","article_published_time":"2016-04-16T16:41:07+00:00","article_modified_time":"2016-04-17T14:55:22+00:00","og_image":[{"width":1000,"height":750,"url":"https:\/\/iicolumnas.es\/wp-content\/uploads\/2016\/04\/jubilados-llodio-paran-cantalpino.jpeg","type":"image\/jpeg"}],"author":"Juan Alberto Garc\u00eda","twitter_card":"summary_large_image","twitter_creator":"@iicolumnas","twitter_site":"@iicolumnas","twitter_misc":{"Escrito por":"Juan Alberto Garc\u00eda","Tiempo de lectura":"2 minutos"},"schema":{"@context":"https:\/\/schema.org","@graph":[{"@type":"WebPage","@id":"https:\/\/iicolumnas.es\/index.php\/actualidad\/2016\/04\/16\/los-cuatro-van-llodio-rocio-hacen-noche-cantalpino\/","url":"https:\/\/iicolumnas.es\/index.php\/actualidad\/2016\/04\/16\/los-cuatro-van-llodio-rocio-hacen-noche-cantalpino\/","name":"Cuatro peregrinos jubilados van en carro desde Llodio al Rocio y hacen noche en Cantalpino - Dos Columnas","isPartOf":{"@id":"https:\/\/iicolumnas.es\/#website"},"primaryImageOfPage":{"@id":"https:\/\/iicolumnas.es\/index.php\/actualidad\/2016\/04\/16\/los-cuatro-van-llodio-rocio-hacen-noche-cantalpino\/#primaryimage"},"image":{"@id":"https:\/\/iicolumnas.es\/index.php\/actualidad\/2016\/04\/16\/los-cuatro-van-llodio-rocio-hacen-noche-cantalpino\/#primaryimage"},"thumbnailUrl":"https:\/\/iicolumnas.es\/wp-content\/uploads\/2016\/04\/jubilados-llodio-paran-cantalpino.jpeg","datePublished":"2016-04-16T16:41:07+00:00","dateModified":"2016-04-17T14:55:22+00:00","author":{"@id":"https:\/\/iicolumnas.es\/#\/schema\/person\/454e592beb5051596092682bc7744870"},"breadcrumb":{"@id":"https:\/\/iicolumnas.es\/index.php\/actualidad\/2016\/04\/16\/los-cuatro-van-llodio-rocio-hacen-noche-cantalpino\/#breadcrumb"},"inLanguage":"es","potentialAction":[{"@type":"ReadAction","target":["https:\/\/iicolumnas.es\/index.php\/actualidad\/2016\/04\/16\/los-cuatro-van-llodio-rocio-hacen-noche-cantalpino\/"]}]},{"@type":"ImageObject","inLanguage":"es","@id":"https:\/\/iicolumnas.es\/index.php\/actualidad\/2016\/04\/16\/los-cuatro-van-llodio-rocio-hacen-noche-cantalpino\/#primaryimage","url":"https:\/\/iicolumnas.es\/wp-content\/uploads\/2016\/04\/jubilados-llodio-paran-cantalpino.jpeg","contentUrl":"https:\/\/iicolumnas.es\/wp-content\/uploads\/2016\/04\/jubilados-llodio-paran-cantalpino.jpeg","width":"1000","height":"750","caption":"jubilados llodio paran cantalpino"},{"@type":"BreadcrumbList","@id":"https:\/\/iicolumnas.es\/index.php\/actualidad\/2016\/04\/16\/los-cuatro-van-llodio-rocio-hacen-noche-cantalpino\/#breadcrumb","itemListElement":[{"@type":"ListItem","position":1,"name":"Portada","item":"https:\/\/iicolumnas.es\/"},{"@type":"ListItem","position":2,"name":"Actualidad","item":"https:\/\/iicolumnas.es\/index.php\/category\/actualidad\/"},{"@type":"ListItem","position":3,"name":"Cuatro peregrinos jubilados van en carro desde Llodio al Rocio y hacen noche en Cantalpino"}]},{"@type":"WebSite","@id":"https:\/\/iicolumnas.es\/#website","url":"https:\/\/iicolumnas.es\/","name":"Dos Columnas","description":"El peri\u00f3dico de la villa de Cantalpino","potentialAction":[{"@type":"SearchAction","target":{"@type":"EntryPoint","urlTemplate":"https:\/\/iicolumnas.es\/?s={search_term_string}"},"query-input":{"@type":"PropertyValueSpecification","valueRequired":true,"valueName":"search_term_string"}}],"inLanguage":"es"},{"@type":"Person","@id":"https:\/\/iicolumnas.es\/#\/schema\/person\/454e592beb5051596092682bc7744870","name":"Juan Alberto Garc\u00eda","image":{"@type":"ImageObject","inLanguage":"es","@id":"https:\/\/iicolumnas.es\/#\/schema\/person\/image\/","url":"https:\/\/secure.gravatar.com\/avatar\/b5e9097f5115a63587d45ece976d47f33159b9258fd778d9fbb56ce1c9d21ca8?s=96&d=mm&r=g","contentUrl":"https:\/\/secure.gravatar.com\/avatar\/b5e9097f5115a63587d45ece976d47f33159b9258fd778d9fbb56ce1c9d21ca8?s=96&d=mm&r=g","caption":"Juan Alberto Garc\u00eda"},"description":"los admin tienen demasiados privilegios sobre otros admin, no crees?","sameAs":["https:\/\/www.linkedin.com\/in\/juan-alberto-garc%C3%ADa-esteban-85389310b"]}]}},"_links":{"self":[{"href":"https:\/\/iicolumnas.es\/index.php\/wp-json\/wp\/v2\/posts\/2124","targetHints":{"allow":["GET"]}}],"collection":[{"href":"https:\/\/iicolumnas.es\/index.php\/wp-json\/wp\/v2\/posts"}],"about":[{"href":"https:\/\/iicolumnas.es\/index.php\/wp-json\/wp\/v2\/types\/post"}],"author":[{"embeddable":true,"href":"https:\/\/iicolumnas.es\/index.php\/wp-json\/wp\/v2\/users\/1"}],"replies":[{"embeddable":true,"href":"https:\/\/iicolumnas.es\/index.php\/wp-json\/wp\/v2\/comments?post=2124"}],"version-history":[{"count":0,"href":"https:\/\/iicolumnas.es\/index.php\/wp-json\/wp\/v2\/posts\/2124\/revisions"}],"wp:featuredmedia":[{"embeddable":true,"href":"https:\/\/iicolumnas.es\/index.php\/wp-json\/wp\/v2\/media\/2128"}],"wp:attachment":[{"href":"https:\/\/iicolumnas.es\/index.php\/wp-json\/wp\/v2\/media?parent=2124"}],"wp:term":[{"taxonomy":"category","embeddable":true,"href":"https:\/\/iicolumnas.es\/index.php\/wp-json\/wp\/v2\/categories?post=2124"},{"taxonomy":"post_tag","embeddable":true,"href":"https:\/\/iicolumnas.es\/index.php\/wp-json\/wp\/v2\/tags?post=2124"}],"curies":[{"name":"wp","href":"https:\/\/api.w.org\/{rel}","templated":true}]}}