{"id":20714,"date":"2019-05-01T19:33:00","date_gmt":"2019-05-01T19:33:00","guid":{"rendered":"https:\/\/iicolumnas.es\/?p=20714"},"modified":"2019-05-01T20:27:55","modified_gmt":"2019-05-01T20:27:55","slug":"quintos-y-boteros","status":"publish","type":"post","link":"https:\/\/iicolumnas.es\/index.php\/actualidad\/2019\/05\/01\/quintos-y-boteros\/","title":{"rendered":"Quintos y Boteros"},"content":{"rendered":"<p style=\"text-align: justify;\">Con la festividad del 1 de mayo, y coincidiendo con la tradici\u00f3n popular de la puesta del mayo en la plaza del pueblo por los quintos, Pedro os deja un peque\u00f1o recuerdo a esa tradici\u00f3n&#8230;<\/p>\n<p style=\"text-align: center;\"><em><strong>Quintos y Boteros<\/strong><\/em><\/p>\n<p style=\"text-align: center;\"><em><span style=\"font-weight: 400;\">Uno de mayo es hoy<\/span><\/em><\/p>\n<p style=\"text-align: center;\"><em><span style=\"font-weight: 400;\">Y en la plaza se han citao<\/span><\/em><\/p>\n<p style=\"text-align: center;\"><em><span style=\"font-weight: 400;\">todos los quintos del pueblo<\/span><\/em><\/p>\n<p style=\"text-align: center;\"><em><span style=\"font-weight: 400;\">y un gran mayo han alzao<\/span><\/em><\/p>\n<p style=\"text-align: center;\"><em><img loading=\"lazy\" decoding=\"async\" class=\"aligncenter size-full wp-image-20715\" src=\"https:\/\/iicolumnas.es\/wp-content\/uploads\/2019\/05\/IMG_20190501_211958.jpg\" alt=\"\" width=\"800\" height=\"534\" srcset=\"https:\/\/iicolumnas.es\/wp-content\/uploads\/2019\/05\/IMG_20190501_211958.jpg 800w, https:\/\/iicolumnas.es\/wp-content\/uploads\/2019\/05\/IMG_20190501_211958-300x200.jpg 300w\" sizes=\"auto, (max-width: 800px) 100vw, 800px\" \/><\/em><\/p>\n<p style=\"text-align: center;\"><em><span style=\"font-weight: 400;\">Son los quintos de este a\u00f1o<\/span><\/em><\/p>\n<p style=\"text-align: center;\"><em><span style=\"font-weight: 400;\">en doce meses censaos <\/span><\/em><\/p>\n<p style=\"text-align: center;\"><em><span style=\"font-weight: 400;\">Dejaran pronto sus rondas<\/span><\/em><\/p>\n<p style=\"text-align: center;\"><em><span style=\"font-weight: 400;\">la Patria les ha llamao<\/span><\/em><\/p>\n<p style=\"text-align: center;\"><em><span style=\"font-weight: 400;\">El relevo de boteros<\/span><\/em><\/p>\n<p style=\"text-align: center;\"><em><span style=\"font-weight: 400;\">en la Plaza se ha otorgao<\/span><\/em><\/p>\n<p style=\"text-align: center;\"><em><span style=\"font-weight: 400;\">De los quintos a boteros <\/span><\/em><\/p>\n<p style=\"text-align: center;\"><em><span style=\"font-weight: 400;\">con el mayo levantao<\/span><\/em><\/p>\n<p style=\"text-align: center;\"><em><span style=\"font-weight: 400;\">Con pase de bota y todo<\/span><\/em><\/p>\n<p style=\"text-align: center;\"><em><span style=\"font-weight: 400;\">como ya esta estipulao<\/span><\/em><\/p>\n<p style=\"text-align: center;\"><em><span style=\"font-weight: 400;\">Vino, regocijo, algarab\u00eda, charanga<\/span><\/em><\/p>\n<p style=\"text-align: center;\"><em><span style=\"font-weight: 400;\">por las calles pasearon<\/span><\/em><\/p>\n<p style=\"text-align: center;\"><em><span style=\"font-weight: 400;\">mozos y mozas del pueblo<\/span><\/em><\/p>\n<p style=\"text-align: center;\"><em><span style=\"font-weight: 400;\">que este a\u00f1o en quinta entraron<\/span><\/em><\/p>\n<p style=\"text-align: center;\"><em><img loading=\"lazy\" decoding=\"async\" class=\"aligncenter size-full wp-image-20717\" src=\"https:\/\/iicolumnas.es\/wp-content\/uploads\/2019\/05\/IMG_20190501_211935.jpg\" alt=\"\" width=\"800\" height=\"537\" srcset=\"https:\/\/iicolumnas.es\/wp-content\/uploads\/2019\/05\/IMG_20190501_211935.jpg 800w, https:\/\/iicolumnas.es\/wp-content\/uploads\/2019\/05\/IMG_20190501_211935-300x201.jpg 300w\" sizes=\"auto, (max-width: 800px) 100vw, 800px\" \/><\/em><\/p>\n<p style=\"text-align: center;\"><em><span style=\"font-weight: 400;\">Tomen nota boteros<\/span><\/em><\/p>\n<p style=\"text-align: center;\"><em><span style=\"font-weight: 400;\">de este mayo bien alzao<\/span><\/em><\/p>\n<p style=\"text-align: center;\"><em><span style=\"font-weight: 400;\">por la quinta de este a\u00f1o<\/span><\/em><\/p>\n<p style=\"text-align: center;\"><em><span style=\"font-weight: 400;\">con los gallos ya colgaos<\/span><\/em><\/p>\n<p style=\"text-align: center;\"><em><span style=\"font-weight: 400;\">En el juego de pelota<\/span><\/em><\/p>\n<p style=\"text-align: center;\"><em><span style=\"font-weight: 400;\">La tradici\u00f3n ha culminao<\/span><\/em><\/p>\n<p style=\"text-align: center;\"><em><span style=\"font-weight: 400;\">como ya lo hicieran otros<\/span><\/em><\/p>\n<p style=\"text-align: center;\"><em><span style=\"font-weight: 400;\">en los a\u00f1os ya pasaos<\/span><\/em><\/p>\n<p style=\"text-align: center;\"><em><span style=\"font-weight: 400;\">Con pintura brocha en mano<\/span><\/em><\/p>\n<p style=\"text-align: center;\"><em><span style=\"font-weight: 400;\">Ha quedao reflejao<\/span><\/em><\/p>\n<p style=\"text-align: center;\"><em><span style=\"font-weight: 400;\">\u00a1 VIVAN \u00a0LOS QUINTOS Y TAL!<\/span><\/em><\/p>\n<p style=\"text-align: center;\"><em><span style=\"font-weight: 400;\">a otras quintas se han sumao<\/span><\/em><\/p>\n<p style=\"text-align: right;\"><em>\u00a0Pedro P\u00e9rez Gonz\u00e1lez<\/em><\/p>\n","protected":false},"excerpt":{"rendered":"<p>Con la festividad del 1 de mayo, y coincidiendo con la tradici\u00f3n popular de la puesta del mayo en la plaza del pueblo por los quintos, Pedro os deja un peque\u00f1o recuerdo a esa&#46;&#46;&#46;<\/p>\n","protected":false},"author":15,"featured_media":20715,"comment_status":"open","ping_status":"open","sticky":false,"template":"","format":"standard","meta":{"footnotes":""},"categories":[1,3],"tags":[1798,1841],"class_list":["post-20714","post","type-post","status-publish","format-standard","has-post-thumbnail","hentry","category-actualidad","category-colaboraciones","tag-pedro-perez-gonzalez","tag-quintos-y-boteros"],"yoast_head":"<!-- This site is optimized with the Yoast SEO plugin v26.6 - https:\/\/yoast.com\/wordpress\/plugins\/seo\/ -->\n<title>Quintos y Boteros - Dos Columnas<\/title>\n<meta name=\"robots\" content=\"index, follow, max-snippet:-1, max-image-preview:large, max-video-preview:-1\" \/>\n<link rel=\"canonical\" href=\"https:\/\/iicolumnas.es\/index.php\/actualidad\/2019\/05\/01\/quintos-y-boteros\/\" \/>\n<meta property=\"og:locale\" content=\"es_ES\" \/>\n<meta property=\"og:type\" content=\"article\" \/>\n<meta property=\"og:title\" content=\"Quintos y Boteros - Dos Columnas\" \/>\n<meta property=\"og:description\" content=\"Con la festividad del 1 de mayo, y coincidiendo con la tradici\u00f3n popular de la puesta del mayo en la plaza del pueblo por los quintos, Pedro os deja un peque\u00f1o recuerdo a esa&#046;&#046;&#046;\" \/>\n<meta property=\"og:url\" content=\"https:\/\/iicolumnas.es\/index.php\/actualidad\/2019\/05\/01\/quintos-y-boteros\/\" \/>\n<meta property=\"og:site_name\" content=\"Dos Columnas\" \/>\n<meta property=\"article:publisher\" content=\"https:\/\/www.facebook.com\/iicolumnas\/\" \/>\n<meta property=\"article:published_time\" content=\"2019-05-01T19:33:00+00:00\" \/>\n<meta property=\"article:modified_time\" content=\"2019-05-01T20:27:55+00:00\" \/>\n<meta property=\"og:image\" content=\"https:\/\/iicolumnas.es\/wp-content\/uploads\/2019\/05\/IMG_20190501_211958.jpg\" \/>\n\t<meta property=\"og:image:width\" content=\"800\" \/>\n\t<meta property=\"og:image:height\" content=\"534\" \/>\n\t<meta property=\"og:image:type\" content=\"image\/jpeg\" \/>\n<meta name=\"author\" content=\"Jonathan Mart\u00edn\" \/>\n<meta name=\"twitter:card\" content=\"summary_large_image\" \/>\n<meta name=\"twitter:creator\" content=\"@iicolumnas\" \/>\n<meta name=\"twitter:site\" content=\"@iicolumnas\" \/>\n<meta name=\"twitter:label1\" content=\"Escrito por\" \/>\n\t<meta name=\"twitter:data1\" content=\"Jonathan Mart\u00edn\" \/>\n\t<meta name=\"twitter:label2\" content=\"Tiempo de lectura\" \/>\n\t<meta name=\"twitter:data2\" content=\"1 minuto\" \/>\n<script type=\"application\/ld+json\" class=\"yoast-schema-graph\">{\"@context\":\"https:\/\/schema.org\",\"@graph\":[{\"@type\":\"WebPage\",\"@id\":\"https:\/\/iicolumnas.es\/index.php\/actualidad\/2019\/05\/01\/quintos-y-boteros\/\",\"url\":\"https:\/\/iicolumnas.es\/index.php\/actualidad\/2019\/05\/01\/quintos-y-boteros\/\",\"name\":\"Quintos y Boteros - Dos Columnas\",\"isPartOf\":{\"@id\":\"https:\/\/iicolumnas.es\/#website\"},\"primaryImageOfPage\":{\"@id\":\"https:\/\/iicolumnas.es\/index.php\/actualidad\/2019\/05\/01\/quintos-y-boteros\/#primaryimage\"},\"image\":{\"@id\":\"https:\/\/iicolumnas.es\/index.php\/actualidad\/2019\/05\/01\/quintos-y-boteros\/#primaryimage\"},\"thumbnailUrl\":\"https:\/\/iicolumnas.es\/wp-content\/uploads\/2019\/05\/IMG_20190501_211958.jpg\",\"datePublished\":\"2019-05-01T19:33:00+00:00\",\"dateModified\":\"2019-05-01T20:27:55+00:00\",\"author\":{\"@id\":\"https:\/\/iicolumnas.es\/#\/schema\/person\/9454e693a00b654499448fce52078962\"},\"breadcrumb\":{\"@id\":\"https:\/\/iicolumnas.es\/index.php\/actualidad\/2019\/05\/01\/quintos-y-boteros\/#breadcrumb\"},\"inLanguage\":\"es\",\"potentialAction\":[{\"@type\":\"ReadAction\",\"target\":[\"https:\/\/iicolumnas.es\/index.php\/actualidad\/2019\/05\/01\/quintos-y-boteros\/\"]}]},{\"@type\":\"ImageObject\",\"inLanguage\":\"es\",\"@id\":\"https:\/\/iicolumnas.es\/index.php\/actualidad\/2019\/05\/01\/quintos-y-boteros\/#primaryimage\",\"url\":\"https:\/\/iicolumnas.es\/wp-content\/uploads\/2019\/05\/IMG_20190501_211958.jpg\",\"contentUrl\":\"https:\/\/iicolumnas.es\/wp-content\/uploads\/2019\/05\/IMG_20190501_211958.jpg\",\"width\":800,\"height\":534},{\"@type\":\"BreadcrumbList\",\"@id\":\"https:\/\/iicolumnas.es\/index.php\/actualidad\/2019\/05\/01\/quintos-y-boteros\/#breadcrumb\",\"itemListElement\":[{\"@type\":\"ListItem\",\"position\":1,\"name\":\"Portada\",\"item\":\"https:\/\/iicolumnas.es\/\"},{\"@type\":\"ListItem\",\"position\":2,\"name\":\"Actualidad\",\"item\":\"https:\/\/iicolumnas.es\/index.php\/category\/actualidad\/\"},{\"@type\":\"ListItem\",\"position\":3,\"name\":\"Quintos y Boteros\"}]},{\"@type\":\"WebSite\",\"@id\":\"https:\/\/iicolumnas.es\/#website\",\"url\":\"https:\/\/iicolumnas.es\/\",\"name\":\"Dos Columnas\",\"description\":\"El peri\u00f3dico de la villa de Cantalpino\",\"potentialAction\":[{\"@type\":\"SearchAction\",\"target\":{\"@type\":\"EntryPoint\",\"urlTemplate\":\"https:\/\/iicolumnas.es\/?s={search_term_string}\"},\"query-input\":{\"@type\":\"PropertyValueSpecification\",\"valueRequired\":true,\"valueName\":\"search_term_string\"}}],\"inLanguage\":\"es\"},{\"@type\":\"Person\",\"@id\":\"https:\/\/iicolumnas.es\/#\/schema\/person\/9454e693a00b654499448fce52078962\",\"name\":\"Jonathan Mart\u00edn\",\"image\":{\"@type\":\"ImageObject\",\"inLanguage\":\"es\",\"@id\":\"https:\/\/iicolumnas.es\/#\/schema\/person\/image\/\",\"url\":\"https:\/\/secure.gravatar.com\/avatar\/8f84b73d8cfcbec514e94597235e91417ea919340a79e734ab4f39abe5099950?s=96&d=mm&r=g\",\"contentUrl\":\"https:\/\/secure.gravatar.com\/avatar\/8f84b73d8cfcbec514e94597235e91417ea919340a79e734ab4f39abe5099950?s=96&d=mm&r=g\",\"caption\":\"Jonathan Mart\u00edn\"}}]}<\/script>\n<!-- \/ Yoast SEO plugin. -->","yoast_head_json":{"title":"Quintos y Boteros - Dos Columnas","robots":{"index":"index","follow":"follow","max-snippet":"max-snippet:-1","max-image-preview":"max-image-preview:large","max-video-preview":"max-video-preview:-1"},"canonical":"https:\/\/iicolumnas.es\/index.php\/actualidad\/2019\/05\/01\/quintos-y-boteros\/","og_locale":"es_ES","og_type":"article","og_title":"Quintos y Boteros - Dos Columnas","og_description":"Con la festividad del 1 de mayo, y coincidiendo con la tradici\u00f3n popular de la puesta del mayo en la plaza del pueblo por los quintos, Pedro os deja un peque\u00f1o recuerdo a esa&#46;&#46;&#46;","og_url":"https:\/\/iicolumnas.es\/index.php\/actualidad\/2019\/05\/01\/quintos-y-boteros\/","og_site_name":"Dos Columnas","article_publisher":"https:\/\/www.facebook.com\/iicolumnas\/","article_published_time":"2019-05-01T19:33:00+00:00","article_modified_time":"2019-05-01T20:27:55+00:00","og_image":[{"width":800,"height":534,"url":"https:\/\/iicolumnas.es\/wp-content\/uploads\/2019\/05\/IMG_20190501_211958.jpg","type":"image\/jpeg"}],"author":"Jonathan Mart\u00edn","twitter_card":"summary_large_image","twitter_creator":"@iicolumnas","twitter_site":"@iicolumnas","twitter_misc":{"Escrito por":"Jonathan Mart\u00edn","Tiempo de lectura":"1 minuto"},"schema":{"@context":"https:\/\/schema.org","@graph":[{"@type":"WebPage","@id":"https:\/\/iicolumnas.es\/index.php\/actualidad\/2019\/05\/01\/quintos-y-boteros\/","url":"https:\/\/iicolumnas.es\/index.php\/actualidad\/2019\/05\/01\/quintos-y-boteros\/","name":"Quintos y Boteros - Dos Columnas","isPartOf":{"@id":"https:\/\/iicolumnas.es\/#website"},"primaryImageOfPage":{"@id":"https:\/\/iicolumnas.es\/index.php\/actualidad\/2019\/05\/01\/quintos-y-boteros\/#primaryimage"},"image":{"@id":"https:\/\/iicolumnas.es\/index.php\/actualidad\/2019\/05\/01\/quintos-y-boteros\/#primaryimage"},"thumbnailUrl":"https:\/\/iicolumnas.es\/wp-content\/uploads\/2019\/05\/IMG_20190501_211958.jpg","datePublished":"2019-05-01T19:33:00+00:00","dateModified":"2019-05-01T20:27:55+00:00","author":{"@id":"https:\/\/iicolumnas.es\/#\/schema\/person\/9454e693a00b654499448fce52078962"},"breadcrumb":{"@id":"https:\/\/iicolumnas.es\/index.php\/actualidad\/2019\/05\/01\/quintos-y-boteros\/#breadcrumb"},"inLanguage":"es","potentialAction":[{"@type":"ReadAction","target":["https:\/\/iicolumnas.es\/index.php\/actualidad\/2019\/05\/01\/quintos-y-boteros\/"]}]},{"@type":"ImageObject","inLanguage":"es","@id":"https:\/\/iicolumnas.es\/index.php\/actualidad\/2019\/05\/01\/quintos-y-boteros\/#primaryimage","url":"https:\/\/iicolumnas.es\/wp-content\/uploads\/2019\/05\/IMG_20190501_211958.jpg","contentUrl":"https:\/\/iicolumnas.es\/wp-content\/uploads\/2019\/05\/IMG_20190501_211958.jpg","width":800,"height":534},{"@type":"BreadcrumbList","@id":"https:\/\/iicolumnas.es\/index.php\/actualidad\/2019\/05\/01\/quintos-y-boteros\/#breadcrumb","itemListElement":[{"@type":"ListItem","position":1,"name":"Portada","item":"https:\/\/iicolumnas.es\/"},{"@type":"ListItem","position":2,"name":"Actualidad","item":"https:\/\/iicolumnas.es\/index.php\/category\/actualidad\/"},{"@type":"ListItem","position":3,"name":"Quintos y Boteros"}]},{"@type":"WebSite","@id":"https:\/\/iicolumnas.es\/#website","url":"https:\/\/iicolumnas.es\/","name":"Dos Columnas","description":"El peri\u00f3dico de la villa de Cantalpino","potentialAction":[{"@type":"SearchAction","target":{"@type":"EntryPoint","urlTemplate":"https:\/\/iicolumnas.es\/?s={search_term_string}"},"query-input":{"@type":"PropertyValueSpecification","valueRequired":true,"valueName":"search_term_string"}}],"inLanguage":"es"},{"@type":"Person","@id":"https:\/\/iicolumnas.es\/#\/schema\/person\/9454e693a00b654499448fce52078962","name":"Jonathan Mart\u00edn","image":{"@type":"ImageObject","inLanguage":"es","@id":"https:\/\/iicolumnas.es\/#\/schema\/person\/image\/","url":"https:\/\/secure.gravatar.com\/avatar\/8f84b73d8cfcbec514e94597235e91417ea919340a79e734ab4f39abe5099950?s=96&d=mm&r=g","contentUrl":"https:\/\/secure.gravatar.com\/avatar\/8f84b73d8cfcbec514e94597235e91417ea919340a79e734ab4f39abe5099950?s=96&d=mm&r=g","caption":"Jonathan Mart\u00edn"}}]}},"_links":{"self":[{"href":"https:\/\/iicolumnas.es\/index.php\/wp-json\/wp\/v2\/posts\/20714","targetHints":{"allow":["GET"]}}],"collection":[{"href":"https:\/\/iicolumnas.es\/index.php\/wp-json\/wp\/v2\/posts"}],"about":[{"href":"https:\/\/iicolumnas.es\/index.php\/wp-json\/wp\/v2\/types\/post"}],"author":[{"embeddable":true,"href":"https:\/\/iicolumnas.es\/index.php\/wp-json\/wp\/v2\/users\/15"}],"replies":[{"embeddable":true,"href":"https:\/\/iicolumnas.es\/index.php\/wp-json\/wp\/v2\/comments?post=20714"}],"version-history":[{"count":8,"href":"https:\/\/iicolumnas.es\/index.php\/wp-json\/wp\/v2\/posts\/20714\/revisions"}],"predecessor-version":[{"id":20725,"href":"https:\/\/iicolumnas.es\/index.php\/wp-json\/wp\/v2\/posts\/20714\/revisions\/20725"}],"wp:featuredmedia":[{"embeddable":true,"href":"https:\/\/iicolumnas.es\/index.php\/wp-json\/wp\/v2\/media\/20715"}],"wp:attachment":[{"href":"https:\/\/iicolumnas.es\/index.php\/wp-json\/wp\/v2\/media?parent=20714"}],"wp:term":[{"taxonomy":"category","embeddable":true,"href":"https:\/\/iicolumnas.es\/index.php\/wp-json\/wp\/v2\/categories?post=20714"},{"taxonomy":"post_tag","embeddable":true,"href":"https:\/\/iicolumnas.es\/index.php\/wp-json\/wp\/v2\/tags?post=20714"}],"curies":[{"name":"wp","href":"https:\/\/api.w.org\/{rel}","templated":true}]}}