{"id":20695,"date":"2019-05-07T18:27:25","date_gmt":"2019-05-07T18:27:25","guid":{"rendered":"https:\/\/iicolumnas.es\/?p=20695"},"modified":"2019-05-15T21:36:45","modified_gmt":"2019-05-15T21:36:45","slug":"programa-de-fiestas-san-isidro-2019","status":"publish","type":"post","link":"https:\/\/iicolumnas.es\/index.php\/actualidad\/2019\/05\/07\/programa-de-fiestas-san-isidro-2019\/","title":{"rendered":"Programa de Fiestas San Isidro 2019"},"content":{"rendered":"<p style=\"text-align: justify;\"><img loading=\"lazy\" decoding=\"async\" class=\"size-full wp-image-20706\" src=\"https:\/\/iicolumnas.es\/wp-content\/uploads\/2019\/04\/FotoJet-5.jpg\" alt=\"\" width=\"800\" height=\"671\" srcset=\"https:\/\/iicolumnas.es\/wp-content\/uploads\/2019\/04\/FotoJet-5.jpg 800w, https:\/\/iicolumnas.es\/wp-content\/uploads\/2019\/04\/FotoJet-5-300x252.jpg 300w\" sizes=\"auto, (max-width: 800px) 100vw, 800px\" \/><\/p>\n<p style=\"text-align: justify;\"><strong><u>S\u00e1bado d\u00eda 11 de mayo<\/u><\/strong><\/p>\n<ul style=\"text-align: justify;\">\n<li>13:00H Aprox.\u00a0<strong>ENCIERRO INFANTIL<\/strong>\u00a0para el disfrute de los aficionados m\u00e1s peque\u00f1os organizado por la Asociaci\u00f3n Cultural Taurina de Cantalpino. Lugar: Calle Santa Mar\u00eda (zona Bar Gago y Bar Las Delicias).<\/li>\n<\/ul>\n<p style=\"padding-left: 30px; text-align: justify;\"><img loading=\"lazy\" decoding=\"async\" class=\"aligncenter size-full wp-image-20765\" src=\"https:\/\/iicolumnas.es\/wp-content\/uploads\/2019\/05\/collage-encierro-infantil-mayo-2019.jpg\" alt=\"\" width=\"800\" height=\"444\" srcset=\"https:\/\/iicolumnas.es\/wp-content\/uploads\/2019\/05\/collage-encierro-infantil-mayo-2019.jpg 800w, https:\/\/iicolumnas.es\/wp-content\/uploads\/2019\/05\/collage-encierro-infantil-mayo-2019-300x167.jpg 300w\" sizes=\"auto, (max-width: 800px) 100vw, 800px\" \/><\/p>\n<ul style=\"text-align: justify;\">\n<li>17:00H\u00a0<strong>SUELTA DEL\u00a0IV TORO DEL CAJ\u00d3N<\/strong>\u00a0desde la calle Santa Mar\u00eda hasta el parque municipal.\u00a0Recordamos las\u00a0<span style=\"color: #36cccc;\"><strong><a style=\"color: #36cccc;\" href=\"https:\/\/iicolumnas.es\/index.php\/actualidad\/2016\/05\/09\/la-atc-anuncia-las-prohibiciones-los-festejos-taurinos-las-fiestas-san-isidro\/\" target=\"_blank\" rel=\"noopener\">prohibiciones<\/a><\/strong>.<\/span>\u00a0Organizado por la Asociaci\u00f3n Taurina Y el ayuntamiento de Cantalpino.<\/li>\n<\/ul>\n<p style=\"padding-left: 30px; text-align: justify;\"><img loading=\"lazy\" decoding=\"async\" class=\"aligncenter size-full wp-image-20661\" src=\"https:\/\/iicolumnas.es\/wp-content\/uploads\/2019\/04\/IMG-20190427-WA0021.jpg\" alt=\"\" width=\"560\" height=\"800\" srcset=\"https:\/\/iicolumnas.es\/wp-content\/uploads\/2019\/04\/IMG-20190427-WA0021.jpg 560w, https:\/\/iicolumnas.es\/wp-content\/uploads\/2019\/04\/IMG-20190427-WA0021-210x300.jpg 210w\" sizes=\"auto, (max-width: 560px) 100vw, 560px\" \/><\/p>\n<p style=\"padding-left: 30px; text-align: justify;\"><img loading=\"lazy\" decoding=\"async\" class=\"aligncenter size-full wp-image-20766\" src=\"https:\/\/iicolumnas.es\/wp-content\/uploads\/2019\/05\/collage-fotos-fiestas-mayo-2019-toro-del-cajon.jpg\" alt=\"\" width=\"800\" height=\"533\" srcset=\"https:\/\/iicolumnas.es\/wp-content\/uploads\/2019\/05\/collage-fotos-fiestas-mayo-2019-toro-del-cajon.jpg 800w, https:\/\/iicolumnas.es\/wp-content\/uploads\/2019\/05\/collage-fotos-fiestas-mayo-2019-toro-del-cajon-300x200.jpg 300w\" sizes=\"auto, (max-width: 800px) 100vw, 800px\" \/><\/p>\n<ul>\n<li style=\"text-align: justify;\"><b>SORTEO.\u00a0<\/b>Tras finalizar el IV toro del caj\u00f3n de San Isidro se realizar\u00e1 el sorteo de un monopat\u00edn el\u00e9ctrico cuyas papeletas se vender\u00e1n durante el d\u00eda del festejo.<img loading=\"lazy\" decoding=\"async\" class=\"size-full wp-image-20855 aligncenter\" src=\"https:\/\/iicolumnas.es\/wp-content\/uploads\/2019\/05\/sorteo-monopat\u00edn-el\u00e9ctrico.jpg\" alt=\"\" width=\"565\" height=\"800\" srcset=\"https:\/\/iicolumnas.es\/wp-content\/uploads\/2019\/05\/sorteo-monopat\u00edn-el\u00e9ctrico.jpg 565w, https:\/\/iicolumnas.es\/wp-content\/uploads\/2019\/05\/sorteo-monopat\u00edn-el\u00e9ctrico-212x300.jpg 212w\" sizes=\"auto, (max-width: 565px) 100vw, 565px\" \/><\/li>\n<\/ul>\n<p>&nbsp;<\/p>\n<ul>\n<li>22:00H\u00a0<strong>DISCOTECA MOVIL<\/strong>\u00a0<strong>VIBRASS<\/strong> hasta altas horas de la madrugada\u00a0en la plaza de Espa\u00f1a.<\/li>\n<\/ul>\n<p style=\"padding-left: 30px; text-align: justify;\"><img loading=\"lazy\" decoding=\"async\" class=\"aligncenter size-full wp-image-3429\" src=\"https:\/\/iicolumnas.es\/wp-content\/uploads\/2016\/05\/noche-san-isidro-2016-2.jpg\" alt=\"SMS San isidro 2016\" width=\"1000\" height=\"563\" srcset=\"https:\/\/iicolumnas.es\/wp-content\/uploads\/2016\/05\/noche-san-isidro-2016-2.jpg 1000w, https:\/\/iicolumnas.es\/wp-content\/uploads\/2016\/05\/noche-san-isidro-2016-2-300x169.jpg 300w\" sizes=\"auto, (max-width: 1000px) 100vw, 1000px\" \/><\/p>\n<p style=\"text-align: justify;\"><strong><u>Domingo d\u00eda 12 de mayo<\/u><\/strong><\/p>\n<ul style=\"text-align: justify;\">\n<li>17:30H Teatro de calle <strong>\u201cUN CIRCO MUY TIRITI TRAUN\u201d<\/strong>, en la plaza de Espa\u00f1a.<\/li>\n<\/ul>\n<p style=\"padding-left: 30px; text-align: justify;\"><img loading=\"lazy\" decoding=\"async\" class=\"aligncenter size-full wp-image-20844\" src=\"https:\/\/iicolumnas.es\/wp-content\/uploads\/2019\/05\/CIRCO-MUY-TIRITI-TRAUN.jpeg\" alt=\"\" width=\"800\" height=\"566\" srcset=\"https:\/\/iicolumnas.es\/wp-content\/uploads\/2019\/05\/CIRCO-MUY-TIRITI-TRAUN.jpeg 800w, https:\/\/iicolumnas.es\/wp-content\/uploads\/2019\/05\/CIRCO-MUY-TIRITI-TRAUN-300x212.jpeg 300w\" sizes=\"auto, (max-width: 800px) 100vw, 800px\" \/><\/p>\n<p style=\"text-align: justify;\"><strong><span style=\"text-decoration: underline;\"><u>Martes d\u00eda 14 de mayo<\/u><\/span><\/strong><\/p>\n<ul style=\"text-align: justify;\">\n<li>23:00H\u00a0<strong>Gran verbena AMENIZADA POR LA ORQUESTA \u00abSMS\u00bb.<\/strong>Hasta altas horas de la madrugada.<\/li>\n<\/ul>\n<p style=\"padding-left: 30px; text-align: justify;\"><img loading=\"lazy\" decoding=\"async\" class=\"aligncenter size-full wp-image-20838\" src=\"https:\/\/iicolumnas.es\/wp-content\/uploads\/2019\/05\/SMS-COLLAGE-4.jpg\" alt=\"\" width=\"800\" height=\"565\" srcset=\"https:\/\/iicolumnas.es\/wp-content\/uploads\/2019\/05\/SMS-COLLAGE-4.jpg 800w, https:\/\/iicolumnas.es\/wp-content\/uploads\/2019\/05\/SMS-COLLAGE-4-300x212.jpg 300w\" sizes=\"auto, (max-width: 800px) 100vw, 800px\" \/><\/p>\n<p style=\"text-align: justify;\"><strong><u><span style=\"text-decoration: underline;\">Mi\u00e9rcoles<\/span><span style=\"text-decoration: underline;\">\u00a0d\u00eda 15 de may<\/span>o<\/u><\/strong><\/p>\n<ul style=\"text-align: justify;\">\n<li>13:00H\u00a0<strong>SANTA MISA<\/strong>\u00a0en honor a SAN ISIDRO, seguida de la procesi\u00f3n tradicional y la bendici\u00f3n de los campos.<\/li>\n<\/ul>\n<p style=\"padding-left: 30px; text-align: justify;\"><img loading=\"lazy\" decoding=\"async\" class=\"aligncenter size-full wp-image-20774\" src=\"https:\/\/iicolumnas.es\/wp-content\/uploads\/2019\/05\/collage-misa-fotos-fiestas-mayo-2019.jpg\" alt=\"\" width=\"800\" height=\"800\" srcset=\"https:\/\/iicolumnas.es\/wp-content\/uploads\/2019\/05\/collage-misa-fotos-fiestas-mayo-2019.jpg 800w, https:\/\/iicolumnas.es\/wp-content\/uploads\/2019\/05\/collage-misa-fotos-fiestas-mayo-2019-150x150.jpg 150w, https:\/\/iicolumnas.es\/wp-content\/uploads\/2019\/05\/collage-misa-fotos-fiestas-mayo-2019-300x300.jpg 300w, https:\/\/iicolumnas.es\/wp-content\/uploads\/2019\/05\/collage-misa-fotos-fiestas-mayo-2019-160x160.jpg 160w, https:\/\/iicolumnas.es\/wp-content\/uploads\/2019\/05\/collage-misa-fotos-fiestas-mayo-2019-320x320.jpg 320w\" sizes=\"auto, (max-width: 800px) 100vw, 800px\" \/><\/p>\n<ul style=\"text-align: justify;\">\n<li>15:00H\u00a0<strong>PAELLA POPULAR<\/strong>, en la plaza de Espa\u00f1a. (Para degustar el plato de comida, se deber\u00e1n adquirir tickets previamente por un valor de 1\u20ac)<\/li>\n<\/ul>\n<p style=\"padding-left: 30px; text-align: justify;\"><img loading=\"lazy\" decoding=\"async\" class=\"aligncenter size-full wp-image-20836\" src=\"https:\/\/iicolumnas.es\/wp-content\/uploads\/2019\/05\/COLLAGE-PAELLA-2.jpg\" alt=\"\" width=\"800\" height=\"800\" srcset=\"https:\/\/iicolumnas.es\/wp-content\/uploads\/2019\/05\/COLLAGE-PAELLA-2.jpg 800w, https:\/\/iicolumnas.es\/wp-content\/uploads\/2019\/05\/COLLAGE-PAELLA-2-150x150.jpg 150w, https:\/\/iicolumnas.es\/wp-content\/uploads\/2019\/05\/COLLAGE-PAELLA-2-300x300.jpg 300w, https:\/\/iicolumnas.es\/wp-content\/uploads\/2019\/05\/COLLAGE-PAELLA-2-160x160.jpg 160w, https:\/\/iicolumnas.es\/wp-content\/uploads\/2019\/05\/COLLAGE-PAELLA-2-320x320.jpg 320w\" sizes=\"auto, (max-width: 800px) 100vw, 800px\" \/><\/p>\n<ul style=\"text-align: justify;\">\n<li><strong>SORTEO DE REGALOS<\/strong>\u00a0en la plaza de Espa\u00f1a con el n\u00famero del ticket de la comida.<\/li>\n<\/ul>\n<p style=\"padding-left: 30px; text-align: justify;\"><img loading=\"lazy\" decoding=\"async\" class=\"aligncenter size-full wp-image-20842\" src=\"https:\/\/iicolumnas.es\/wp-content\/uploads\/2019\/05\/regalo-sorpresa.jpg\" alt=\"\" width=\"458\" height=\"458\" srcset=\"https:\/\/iicolumnas.es\/wp-content\/uploads\/2019\/05\/regalo-sorpresa.jpg 458w, https:\/\/iicolumnas.es\/wp-content\/uploads\/2019\/05\/regalo-sorpresa-150x150.jpg 150w, https:\/\/iicolumnas.es\/wp-content\/uploads\/2019\/05\/regalo-sorpresa-300x300.jpg 300w, https:\/\/iicolumnas.es\/wp-content\/uploads\/2019\/05\/regalo-sorpresa-160x160.jpg 160w, https:\/\/iicolumnas.es\/wp-content\/uploads\/2019\/05\/regalo-sorpresa-320x320.jpg 320w\" sizes=\"auto, (max-width: 458px) 100vw, 458px\" \/><\/p>\n<ul style=\"text-align: justify;\">\n<li>17:30H Todo tipo de\u00a0<strong>HINCHABLES<\/strong>\u00a0para el disfrute de los m\u00e1s peque\u00f1os.<\/li>\n<\/ul>\n<p style=\"padding-left: 30px; text-align: justify;\"><img loading=\"lazy\" decoding=\"async\" class=\"size-full wp-image-20840\" src=\"https:\/\/iicolumnas.es\/wp-content\/uploads\/2019\/05\/COLLAGE-HINCHABLES-1.jpg\" alt=\"\" width=\"800\" height=\"800\" srcset=\"https:\/\/iicolumnas.es\/wp-content\/uploads\/2019\/05\/COLLAGE-HINCHABLES-1.jpg 800w, https:\/\/iicolumnas.es\/wp-content\/uploads\/2019\/05\/COLLAGE-HINCHABLES-1-150x150.jpg 150w, https:\/\/iicolumnas.es\/wp-content\/uploads\/2019\/05\/COLLAGE-HINCHABLES-1-300x300.jpg 300w, https:\/\/iicolumnas.es\/wp-content\/uploads\/2019\/05\/COLLAGE-HINCHABLES-1-160x160.jpg 160w, https:\/\/iicolumnas.es\/wp-content\/uploads\/2019\/05\/COLLAGE-HINCHABLES-1-320x320.jpg 320w\" sizes=\"auto, (max-width: 800px) 100vw, 800px\" \/><\/p>\n","protected":false},"excerpt":{"rendered":"<p>S\u00e1bado d\u00eda 11 de mayo 13:00H Aprox.\u00a0ENCIERRO INFANTIL\u00a0para el disfrute de los aficionados m\u00e1s peque\u00f1os organizado por la Asociaci\u00f3n Cultural Taurina de Cantalpino. Lugar: Calle Santa Mar\u00eda (zona Bar Gago y Bar Las Delicias).&#46;&#46;&#46;<\/p>\n","protected":false},"author":18,"featured_media":20706,"comment_status":"open","ping_status":"open","sticky":false,"template":"","format":"standard","meta":{"footnotes":""},"categories":[1],"tags":[346,326,1821,1840,173,1832],"class_list":["post-20695","post","type-post","status-publish","format-standard","has-post-thumbnail","hentry","category-actualidad","tag-fiesta-chica","tag-fiestas","tag-programa","tag-programa-de-fiesta-de-cantalpino-san-isidro-2019","tag-san-isidro","tag-san-isidro-2019"],"yoast_head":"<!-- This site is optimized with the Yoast SEO plugin v26.6 - https:\/\/yoast.com\/wordpress\/plugins\/seo\/ -->\n<title>Programa de Fiestas San Isidro 2019 - Dos Columnas<\/title>\n<meta name=\"robots\" content=\"index, follow, max-snippet:-1, max-image-preview:large, max-video-preview:-1\" \/>\n<link rel=\"canonical\" href=\"https:\/\/iicolumnas.es\/index.php\/actualidad\/2019\/05\/07\/programa-de-fiestas-san-isidro-2019\/\" \/>\n<meta property=\"og:locale\" content=\"es_ES\" \/>\n<meta property=\"og:type\" content=\"article\" \/>\n<meta property=\"og:title\" content=\"Programa de Fiestas San Isidro 2019 - Dos Columnas\" \/>\n<meta property=\"og:description\" content=\"S\u00e1bado d\u00eda 11 de mayo 13:00H Aprox.\u00a0ENCIERRO INFANTIL\u00a0para el disfrute de los aficionados m\u00e1s peque\u00f1os organizado por la Asociaci\u00f3n Cultural Taurina de Cantalpino. Lugar: Calle Santa Mar\u00eda (zona Bar Gago y Bar Las Delicias).&#046;&#046;&#046;\" \/>\n<meta property=\"og:url\" content=\"https:\/\/iicolumnas.es\/index.php\/actualidad\/2019\/05\/07\/programa-de-fiestas-san-isidro-2019\/\" \/>\n<meta property=\"og:site_name\" content=\"Dos Columnas\" \/>\n<meta property=\"article:publisher\" content=\"https:\/\/www.facebook.com\/iicolumnas\/\" \/>\n<meta property=\"article:published_time\" content=\"2019-05-07T18:27:25+00:00\" \/>\n<meta property=\"article:modified_time\" content=\"2019-05-15T21:36:45+00:00\" \/>\n<meta property=\"og:image\" content=\"https:\/\/iicolumnas.es\/wp-content\/uploads\/2019\/04\/FotoJet-5.jpg\" \/>\n\t<meta property=\"og:image:width\" content=\"800\" \/>\n\t<meta property=\"og:image:height\" content=\"671\" \/>\n\t<meta property=\"og:image:type\" content=\"image\/jpeg\" \/>\n<meta name=\"author\" content=\"Lucia Pedroso\" \/>\n<meta name=\"twitter:card\" content=\"summary_large_image\" \/>\n<meta name=\"twitter:creator\" content=\"@iicolumnas\" \/>\n<meta name=\"twitter:site\" content=\"@iicolumnas\" \/>\n<meta name=\"twitter:label1\" content=\"Escrito por\" \/>\n\t<meta name=\"twitter:data1\" content=\"Lucia Pedroso\" \/>\n\t<meta name=\"twitter:label2\" content=\"Tiempo de lectura\" \/>\n\t<meta name=\"twitter:data2\" content=\"1 minuto\" \/>\n<script type=\"application\/ld+json\" class=\"yoast-schema-graph\">{\"@context\":\"https:\/\/schema.org\",\"@graph\":[{\"@type\":\"WebPage\",\"@id\":\"https:\/\/iicolumnas.es\/index.php\/actualidad\/2019\/05\/07\/programa-de-fiestas-san-isidro-2019\/\",\"url\":\"https:\/\/iicolumnas.es\/index.php\/actualidad\/2019\/05\/07\/programa-de-fiestas-san-isidro-2019\/\",\"name\":\"Programa de Fiestas San Isidro 2019 - Dos Columnas\",\"isPartOf\":{\"@id\":\"https:\/\/iicolumnas.es\/#website\"},\"primaryImageOfPage\":{\"@id\":\"https:\/\/iicolumnas.es\/index.php\/actualidad\/2019\/05\/07\/programa-de-fiestas-san-isidro-2019\/#primaryimage\"},\"image\":{\"@id\":\"https:\/\/iicolumnas.es\/index.php\/actualidad\/2019\/05\/07\/programa-de-fiestas-san-isidro-2019\/#primaryimage\"},\"thumbnailUrl\":\"https:\/\/iicolumnas.es\/wp-content\/uploads\/2019\/04\/FotoJet-5.jpg\",\"datePublished\":\"2019-05-07T18:27:25+00:00\",\"dateModified\":\"2019-05-15T21:36:45+00:00\",\"author\":{\"@id\":\"https:\/\/iicolumnas.es\/#\/schema\/person\/703e12a73a5090b041b461663c8f0531\"},\"breadcrumb\":{\"@id\":\"https:\/\/iicolumnas.es\/index.php\/actualidad\/2019\/05\/07\/programa-de-fiestas-san-isidro-2019\/#breadcrumb\"},\"inLanguage\":\"es\",\"potentialAction\":[{\"@type\":\"ReadAction\",\"target\":[\"https:\/\/iicolumnas.es\/index.php\/actualidad\/2019\/05\/07\/programa-de-fiestas-san-isidro-2019\/\"]}]},{\"@type\":\"ImageObject\",\"inLanguage\":\"es\",\"@id\":\"https:\/\/iicolumnas.es\/index.php\/actualidad\/2019\/05\/07\/programa-de-fiestas-san-isidro-2019\/#primaryimage\",\"url\":\"https:\/\/iicolumnas.es\/wp-content\/uploads\/2019\/04\/FotoJet-5.jpg\",\"contentUrl\":\"https:\/\/iicolumnas.es\/wp-content\/uploads\/2019\/04\/FotoJet-5.jpg\",\"width\":800,\"height\":671},{\"@type\":\"BreadcrumbList\",\"@id\":\"https:\/\/iicolumnas.es\/index.php\/actualidad\/2019\/05\/07\/programa-de-fiestas-san-isidro-2019\/#breadcrumb\",\"itemListElement\":[{\"@type\":\"ListItem\",\"position\":1,\"name\":\"Portada\",\"item\":\"https:\/\/iicolumnas.es\/\"},{\"@type\":\"ListItem\",\"position\":2,\"name\":\"Actualidad\",\"item\":\"https:\/\/iicolumnas.es\/index.php\/category\/actualidad\/\"},{\"@type\":\"ListItem\",\"position\":3,\"name\":\"Programa de Fiestas San Isidro 2019\"}]},{\"@type\":\"WebSite\",\"@id\":\"https:\/\/iicolumnas.es\/#website\",\"url\":\"https:\/\/iicolumnas.es\/\",\"name\":\"Dos Columnas\",\"description\":\"El peri\u00f3dico de la villa de Cantalpino\",\"potentialAction\":[{\"@type\":\"SearchAction\",\"target\":{\"@type\":\"EntryPoint\",\"urlTemplate\":\"https:\/\/iicolumnas.es\/?s={search_term_string}\"},\"query-input\":{\"@type\":\"PropertyValueSpecification\",\"valueRequired\":true,\"valueName\":\"search_term_string\"}}],\"inLanguage\":\"es\"},{\"@type\":\"Person\",\"@id\":\"https:\/\/iicolumnas.es\/#\/schema\/person\/703e12a73a5090b041b461663c8f0531\",\"name\":\"Lucia Pedroso\",\"image\":{\"@type\":\"ImageObject\",\"inLanguage\":\"es\",\"@id\":\"https:\/\/iicolumnas.es\/#\/schema\/person\/image\/\",\"url\":\"https:\/\/secure.gravatar.com\/avatar\/c6e08a497120c58e110f9fc761b0fe771e7120ebcb2789302216f51d5c9243cc?s=96&d=mm&r=g\",\"contentUrl\":\"https:\/\/secure.gravatar.com\/avatar\/c6e08a497120c58e110f9fc761b0fe771e7120ebcb2789302216f51d5c9243cc?s=96&d=mm&r=g\",\"caption\":\"Lucia Pedroso\"}}]}<\/script>\n<!-- \/ Yoast SEO plugin. -->","yoast_head_json":{"title":"Programa de Fiestas San Isidro 2019 - Dos Columnas","robots":{"index":"index","follow":"follow","max-snippet":"max-snippet:-1","max-image-preview":"max-image-preview:large","max-video-preview":"max-video-preview:-1"},"canonical":"https:\/\/iicolumnas.es\/index.php\/actualidad\/2019\/05\/07\/programa-de-fiestas-san-isidro-2019\/","og_locale":"es_ES","og_type":"article","og_title":"Programa de Fiestas San Isidro 2019 - Dos Columnas","og_description":"S\u00e1bado d\u00eda 11 de mayo 13:00H Aprox.\u00a0ENCIERRO INFANTIL\u00a0para el disfrute de los aficionados m\u00e1s peque\u00f1os organizado por la Asociaci\u00f3n Cultural Taurina de Cantalpino. Lugar: Calle Santa Mar\u00eda (zona Bar Gago y Bar Las Delicias).&#46;&#46;&#46;","og_url":"https:\/\/iicolumnas.es\/index.php\/actualidad\/2019\/05\/07\/programa-de-fiestas-san-isidro-2019\/","og_site_name":"Dos Columnas","article_publisher":"https:\/\/www.facebook.com\/iicolumnas\/","article_published_time":"2019-05-07T18:27:25+00:00","article_modified_time":"2019-05-15T21:36:45+00:00","og_image":[{"width":800,"height":671,"url":"https:\/\/iicolumnas.es\/wp-content\/uploads\/2019\/04\/FotoJet-5.jpg","type":"image\/jpeg"}],"author":"Lucia Pedroso","twitter_card":"summary_large_image","twitter_creator":"@iicolumnas","twitter_site":"@iicolumnas","twitter_misc":{"Escrito por":"Lucia Pedroso","Tiempo de lectura":"1 minuto"},"schema":{"@context":"https:\/\/schema.org","@graph":[{"@type":"WebPage","@id":"https:\/\/iicolumnas.es\/index.php\/actualidad\/2019\/05\/07\/programa-de-fiestas-san-isidro-2019\/","url":"https:\/\/iicolumnas.es\/index.php\/actualidad\/2019\/05\/07\/programa-de-fiestas-san-isidro-2019\/","name":"Programa de Fiestas San Isidro 2019 - Dos Columnas","isPartOf":{"@id":"https:\/\/iicolumnas.es\/#website"},"primaryImageOfPage":{"@id":"https:\/\/iicolumnas.es\/index.php\/actualidad\/2019\/05\/07\/programa-de-fiestas-san-isidro-2019\/#primaryimage"},"image":{"@id":"https:\/\/iicolumnas.es\/index.php\/actualidad\/2019\/05\/07\/programa-de-fiestas-san-isidro-2019\/#primaryimage"},"thumbnailUrl":"https:\/\/iicolumnas.es\/wp-content\/uploads\/2019\/04\/FotoJet-5.jpg","datePublished":"2019-05-07T18:27:25+00:00","dateModified":"2019-05-15T21:36:45+00:00","author":{"@id":"https:\/\/iicolumnas.es\/#\/schema\/person\/703e12a73a5090b041b461663c8f0531"},"breadcrumb":{"@id":"https:\/\/iicolumnas.es\/index.php\/actualidad\/2019\/05\/07\/programa-de-fiestas-san-isidro-2019\/#breadcrumb"},"inLanguage":"es","potentialAction":[{"@type":"ReadAction","target":["https:\/\/iicolumnas.es\/index.php\/actualidad\/2019\/05\/07\/programa-de-fiestas-san-isidro-2019\/"]}]},{"@type":"ImageObject","inLanguage":"es","@id":"https:\/\/iicolumnas.es\/index.php\/actualidad\/2019\/05\/07\/programa-de-fiestas-san-isidro-2019\/#primaryimage","url":"https:\/\/iicolumnas.es\/wp-content\/uploads\/2019\/04\/FotoJet-5.jpg","contentUrl":"https:\/\/iicolumnas.es\/wp-content\/uploads\/2019\/04\/FotoJet-5.jpg","width":800,"height":671},{"@type":"BreadcrumbList","@id":"https:\/\/iicolumnas.es\/index.php\/actualidad\/2019\/05\/07\/programa-de-fiestas-san-isidro-2019\/#breadcrumb","itemListElement":[{"@type":"ListItem","position":1,"name":"Portada","item":"https:\/\/iicolumnas.es\/"},{"@type":"ListItem","position":2,"name":"Actualidad","item":"https:\/\/iicolumnas.es\/index.php\/category\/actualidad\/"},{"@type":"ListItem","position":3,"name":"Programa de Fiestas San Isidro 2019"}]},{"@type":"WebSite","@id":"https:\/\/iicolumnas.es\/#website","url":"https:\/\/iicolumnas.es\/","name":"Dos Columnas","description":"El peri\u00f3dico de la villa de Cantalpino","potentialAction":[{"@type":"SearchAction","target":{"@type":"EntryPoint","urlTemplate":"https:\/\/iicolumnas.es\/?s={search_term_string}"},"query-input":{"@type":"PropertyValueSpecification","valueRequired":true,"valueName":"search_term_string"}}],"inLanguage":"es"},{"@type":"Person","@id":"https:\/\/iicolumnas.es\/#\/schema\/person\/703e12a73a5090b041b461663c8f0531","name":"Lucia Pedroso","image":{"@type":"ImageObject","inLanguage":"es","@id":"https:\/\/iicolumnas.es\/#\/schema\/person\/image\/","url":"https:\/\/secure.gravatar.com\/avatar\/c6e08a497120c58e110f9fc761b0fe771e7120ebcb2789302216f51d5c9243cc?s=96&d=mm&r=g","contentUrl":"https:\/\/secure.gravatar.com\/avatar\/c6e08a497120c58e110f9fc761b0fe771e7120ebcb2789302216f51d5c9243cc?s=96&d=mm&r=g","caption":"Lucia Pedroso"}}]}},"_links":{"self":[{"href":"https:\/\/iicolumnas.es\/index.php\/wp-json\/wp\/v2\/posts\/20695","targetHints":{"allow":["GET"]}}],"collection":[{"href":"https:\/\/iicolumnas.es\/index.php\/wp-json\/wp\/v2\/posts"}],"about":[{"href":"https:\/\/iicolumnas.es\/index.php\/wp-json\/wp\/v2\/types\/post"}],"author":[{"embeddable":true,"href":"https:\/\/iicolumnas.es\/index.php\/wp-json\/wp\/v2\/users\/18"}],"replies":[{"embeddable":true,"href":"https:\/\/iicolumnas.es\/index.php\/wp-json\/wp\/v2\/comments?post=20695"}],"version-history":[{"count":25,"href":"https:\/\/iicolumnas.es\/index.php\/wp-json\/wp\/v2\/posts\/20695\/revisions"}],"predecessor-version":[{"id":20858,"href":"https:\/\/iicolumnas.es\/index.php\/wp-json\/wp\/v2\/posts\/20695\/revisions\/20858"}],"wp:featuredmedia":[{"embeddable":true,"href":"https:\/\/iicolumnas.es\/index.php\/wp-json\/wp\/v2\/media\/20706"}],"wp:attachment":[{"href":"https:\/\/iicolumnas.es\/index.php\/wp-json\/wp\/v2\/media?parent=20695"}],"wp:term":[{"taxonomy":"category","embeddable":true,"href":"https:\/\/iicolumnas.es\/index.php\/wp-json\/wp\/v2\/categories?post=20695"},{"taxonomy":"post_tag","embeddable":true,"href":"https:\/\/iicolumnas.es\/index.php\/wp-json\/wp\/v2\/tags?post=20695"}],"curies":[{"name":"wp","href":"https:\/\/api.w.org\/{rel}","templated":true}]}}