{"id":20121,"date":"2019-04-16T05:45:36","date_gmt":"2019-04-16T05:45:36","guid":{"rendered":"https:\/\/iicolumnas.es\/?p=20121"},"modified":"2019-04-17T18:25:51","modified_gmt":"2019-04-17T18:25:51","slug":"__trashed-5","status":"publish","type":"post","link":"https:\/\/iicolumnas.es\/index.php\/actualidad\/2019\/04\/16\/__trashed-5\/","title":{"rendered":"Programa de Semana Santa"},"content":{"rendered":"<div id=\"attachment_20133\" style=\"width: 576px\" class=\"wp-caption aligncenter\"><img loading=\"lazy\" decoding=\"async\" aria-describedby=\"caption-attachment-20133\" class=\"wp-image-20133 size-full\" src=\"https:\/\/iicolumnas.es\/wp-content\/uploads\/2019\/04\/51F8CE04-2EC6-494E-96F0-77F92C17117B.jpeg\" alt=\"\" width=\"566\" height=\"800\" srcset=\"https:\/\/iicolumnas.es\/wp-content\/uploads\/2019\/04\/51F8CE04-2EC6-494E-96F0-77F92C17117B.jpeg 566w, https:\/\/iicolumnas.es\/wp-content\/uploads\/2019\/04\/51F8CE04-2EC6-494E-96F0-77F92C17117B-212x300.jpeg 212w\" sizes=\"auto, (max-width: 566px) 100vw, 566px\" \/><p id=\"caption-attachment-20133\" class=\"wp-caption-text\">Fotograf\u00eda realizada por Elisabeth Herrero<\/p><\/div>\n<p>&nbsp;<\/p>\n<p><strong><span style=\"text-decoration: underline;\">Mi\u00e9rcole Santo:<\/span><\/strong><\/p>\n<ul>\n<li>17:30 horas: Gymkana.<\/li>\n<\/ul>\n<p style=\"padding-left: 30px;\"><img loading=\"lazy\" decoding=\"async\" class=\"aligncenter size-full wp-image-20207\" src=\"https:\/\/iicolumnas.es\/wp-content\/uploads\/2019\/04\/56691425_2126952037392523_2376781618242125824_o.jpg\" alt=\"\" width=\"800\" height=\"579\" srcset=\"https:\/\/iicolumnas.es\/wp-content\/uploads\/2019\/04\/56691425_2126952037392523_2376781618242125824_o.jpg 800w, https:\/\/iicolumnas.es\/wp-content\/uploads\/2019\/04\/56691425_2126952037392523_2376781618242125824_o-300x217.jpg 300w\" sizes=\"auto, (max-width: 800px) 100vw, 800px\" \/><\/p>\n<ul>\n<li>Exposici\u00f3n de pintura: Exposici\u00f3n del Color. Bar Cafeter\u00eda Sal y Pimienta.<\/li>\n<\/ul>\n<p><img loading=\"lazy\" decoding=\"async\" class=\"aligncenter wp-image-20041 size-medium\" src=\"https:\/\/iicolumnas.es\/wp-content\/uploads\/2019\/03\/IMG_20190331_182318-225x300.jpg\" alt=\"\" width=\"225\" height=\"300\" srcset=\"https:\/\/iicolumnas.es\/wp-content\/uploads\/2019\/03\/IMG_20190331_182318-225x300.jpg 225w, https:\/\/iicolumnas.es\/wp-content\/uploads\/2019\/03\/IMG_20190331_182318.jpg 600w\" sizes=\"auto, (max-width: 225px) 100vw, 225px\" \/><\/p>\n<p>&nbsp;<\/p>\n<p><span style=\"text-decoration: underline;\"><strong>Jueves Santo:<\/strong><\/span><\/p>\n<ul>\n<li>20:00 horas: Misa cena del se\u00f1or.<\/li>\n<\/ul>\n<p style=\"padding-left: 30px;\"><img loading=\"lazy\" decoding=\"async\" class=\"aligncenter wp-image-16375 size-medium\" src=\"https:\/\/iicolumnas.es\/wp-content\/uploads\/2018\/03\/Jueves-Santo-29-03-2018-16-300x225.jpeg\" alt=\"\" width=\"300\" height=\"225\" srcset=\"https:\/\/iicolumnas.es\/wp-content\/uploads\/2018\/03\/Jueves-Santo-29-03-2018-16-300x225.jpeg 300w, https:\/\/iicolumnas.es\/wp-content\/uploads\/2018\/03\/Jueves-Santo-29-03-2018-16.jpeg 800w\" sizes=\"auto, (max-width: 300px) 100vw, 300px\" \/><\/p>\n<ul>\n<li>22:30 horas: Hora Santa<\/li>\n<\/ul>\n<p style=\"padding-left: 30px;\"><img loading=\"lazy\" decoding=\"async\" class=\"aligncenter wp-image-16416 size-medium\" src=\"https:\/\/iicolumnas.es\/wp-content\/uploads\/2018\/03\/Jueves-Santo-29-03-2018-57-300x225.jpeg\" alt=\"\" width=\"300\" height=\"225\" srcset=\"https:\/\/iicolumnas.es\/wp-content\/uploads\/2018\/03\/Jueves-Santo-29-03-2018-57-300x225.jpeg 300w, https:\/\/iicolumnas.es\/wp-content\/uploads\/2018\/03\/Jueves-Santo-29-03-2018-57.jpeg 800w\" sizes=\"auto, (max-width: 300px) 100vw, 300px\" \/><\/p>\n<ul>\n<li>Exposici\u00f3n de pintura: Exposici\u00f3n del Color. Bar Cafeter\u00eda Sal y Pimienta.<img loading=\"lazy\" decoding=\"async\" class=\"aligncenter wp-image-20057 size-medium\" src=\"https:\/\/iicolumnas.es\/wp-content\/uploads\/2019\/03\/galeria-Sal-y-Pimienta2-294x300.jpg\" alt=\"\" width=\"294\" height=\"300\" srcset=\"https:\/\/iicolumnas.es\/wp-content\/uploads\/2019\/03\/galeria-Sal-y-Pimienta2-294x300.jpg 294w, https:\/\/iicolumnas.es\/wp-content\/uploads\/2019\/03\/galeria-Sal-y-Pimienta2.jpg 561w\" sizes=\"auto, (max-width: 294px) 100vw, 294px\" \/><\/li>\n<li>Striper en la discoteca Poup\u00e9es, hasta altas horas de la madrugada.<\/li>\n<\/ul>\n<p style=\"padding-left: 30px;\"><img loading=\"lazy\" decoding=\"async\" class=\"aligncenter wp-image-20217\" src=\"https:\/\/iicolumnas.es\/wp-content\/uploads\/2019\/04\/striper-discoteca-poupes-16-de-abril.jpeg\" alt=\"\" width=\"299\" height=\"423\" srcset=\"https:\/\/iicolumnas.es\/wp-content\/uploads\/2019\/04\/striper-discoteca-poupes-16-de-abril.jpeg 566w, https:\/\/iicolumnas.es\/wp-content\/uploads\/2019\/04\/striper-discoteca-poupes-16-de-abril-212x300.jpeg 212w\" sizes=\"auto, (max-width: 299px) 100vw, 299px\" \/><\/p>\n<p><span style=\"text-decoration: underline;\"><strong>Viernes Santo:<\/strong><\/span><\/p>\n<ul>\n<li>9:00 horas:\u00a0Oraci\u00f3n de Laudes.<img loading=\"lazy\" decoding=\"async\" class=\"aligncenter size-medium wp-image-20196\" src=\"https:\/\/iicolumnas.es\/wp-content\/uploads\/2019\/04\/Laudes-300x225.jpg\" alt=\"\" width=\"300\" height=\"225\" srcset=\"https:\/\/iicolumnas.es\/wp-content\/uploads\/2019\/04\/Laudes-300x225.jpg 300w, https:\/\/iicolumnas.es\/wp-content\/uploads\/2019\/04\/Laudes.jpg 800w\" sizes=\"auto, (max-width: 300px) 100vw, 300px\" \/><\/li>\n<\/ul>\n<ul>\n<li>11:00 horas: Viacrucis.<\/li>\n<\/ul>\n<p style=\"padding-left: 30px;\"><img loading=\"lazy\" decoding=\"async\" class=\"aligncenter size-medium wp-image-9803\" src=\"https:\/\/iicolumnas.es\/wp-content\/uploads\/2017\/04\/viacrucis-2017-24-300x225.jpg\" alt=\"\" width=\"300\" height=\"225\" srcset=\"https:\/\/iicolumnas.es\/wp-content\/uploads\/2017\/04\/viacrucis-2017-24-300x225.jpg 300w, https:\/\/iicolumnas.es\/wp-content\/uploads\/2017\/04\/viacrucis-2017-24.jpg 800w\" sizes=\"auto, (max-width: 300px) 100vw, 300px\" \/><\/p>\n<ul>\n<li>18:30 horas: Adoraci\u00f3n de la Cruz.<\/li>\n<\/ul>\n<p style=\"padding-left: 30px;\"><img loading=\"lazy\" decoding=\"async\" class=\"aligncenter size-medium wp-image-16587\" src=\"https:\/\/iicolumnas.es\/wp-content\/uploads\/2018\/04\/Viernes-Santo-56-300x225.jpeg\" alt=\"\" width=\"300\" height=\"225\" srcset=\"https:\/\/iicolumnas.es\/wp-content\/uploads\/2018\/04\/Viernes-Santo-56-300x225.jpeg 300w, https:\/\/iicolumnas.es\/wp-content\/uploads\/2018\/04\/Viernes-Santo-56.jpeg 800w\" sizes=\"auto, (max-width: 300px) 100vw, 300px\" \/><\/p>\n<ul>\n<li>19:15: Procesi\u00f3n.<\/li>\n<\/ul>\n<p style=\"padding-left: 30px;\"><img loading=\"lazy\" decoding=\"async\" class=\"aligncenter size-medium wp-image-1445\" src=\"https:\/\/iicolumnas.es\/wp-content\/uploads\/2016\/03\/viernes-santo-6-300x200.jpg\" alt=\"\" width=\"300\" height=\"200\" srcset=\"https:\/\/iicolumnas.es\/wp-content\/uploads\/2016\/03\/viernes-santo-6-300x200.jpg 300w, https:\/\/iicolumnas.es\/wp-content\/uploads\/2016\/03\/viernes-santo-6.jpg 833w\" sizes=\"auto, (max-width: 300px) 100vw, 300px\" \/><\/p>\n<ul>\n<li>Exposici\u00f3n de pintura: Exposici\u00f3n del Color. Bar Cafeter\u00eda Sal y Pimienta.<\/li>\n<\/ul>\n<p style=\"padding-left: 30px;\"><img loading=\"lazy\" decoding=\"async\" class=\"aligncenter wp-image-20056 size-medium\" src=\"https:\/\/iicolumnas.es\/wp-content\/uploads\/2019\/03\/galeria-Sal-y-Pimienta1-300x173.jpg\" alt=\"\" width=\"300\" height=\"173\" srcset=\"https:\/\/iicolumnas.es\/wp-content\/uploads\/2019\/03\/galeria-Sal-y-Pimienta1-300x173.jpg 300w, https:\/\/iicolumnas.es\/wp-content\/uploads\/2019\/03\/galeria-Sal-y-Pimienta1.jpg 732w\" sizes=\"auto, (max-width: 300px) 100vw, 300px\" \/><\/p>\n<ul>\n<li>Fiesta Glow party. Discoteca Poup\u00e9es<\/li>\n<\/ul>\n<p style=\"padding-left: 30px;\"><img loading=\"lazy\" decoding=\"async\" class=\"aligncenter size-full wp-image-20224\" src=\"https:\/\/iicolumnas.es\/wp-content\/uploads\/2019\/04\/57101598_3149027265122785_7191234112160530432_n.jpg\" alt=\"\" width=\"800\" height=\"533\" srcset=\"https:\/\/iicolumnas.es\/wp-content\/uploads\/2019\/04\/57101598_3149027265122785_7191234112160530432_n.jpg 800w, https:\/\/iicolumnas.es\/wp-content\/uploads\/2019\/04\/57101598_3149027265122785_7191234112160530432_n-300x200.jpg 300w\" sizes=\"auto, (max-width: 800px) 100vw, 800px\" \/><\/p>\n<p><span style=\"text-decoration: underline;\"><strong>Sabado Santo:<\/strong><\/span><\/p>\n<ul>\n<li>10:00 horas: Oraci\u00f3n con nuestra se\u00f1ora.<\/li>\n<\/ul>\n<p style=\"padding-left: 30px;\"><img loading=\"lazy\" decoding=\"async\" class=\"aligncenter size-medium wp-image-20199\" src=\"https:\/\/iicolumnas.es\/wp-content\/uploads\/2019\/04\/Nuestra-Se\u00f1ora-300x255.jpeg\" alt=\"\" width=\"300\" height=\"255\" srcset=\"https:\/\/iicolumnas.es\/wp-content\/uploads\/2019\/04\/Nuestra-Se\u00f1ora-300x255.jpeg 300w, https:\/\/iicolumnas.es\/wp-content\/uploads\/2019\/04\/Nuestra-Se\u00f1ora.jpeg 599w\" sizes=\"auto, (max-width: 300px) 100vw, 300px\" \/><\/p>\n<ul>\n<li>12:30 horas: Capea organizada por la ACTC<\/li>\n<\/ul>\n<p style=\"padding-left: 30px;\"><img loading=\"lazy\" decoding=\"async\" class=\"aligncenter size-medium wp-image-19933\" src=\"https:\/\/iicolumnas.es\/wp-content\/uploads\/2019\/03\/E4042F45-6617-4AE9-8D41-40F56FA93F66-212x300.jpeg\" alt=\"\" width=\"212\" height=\"300\" srcset=\"https:\/\/iicolumnas.es\/wp-content\/uploads\/2019\/03\/E4042F45-6617-4AE9-8D41-40F56FA93F66-212x300.jpeg 212w, https:\/\/iicolumnas.es\/wp-content\/uploads\/2019\/03\/E4042F45-6617-4AE9-8D41-40F56FA93F66.jpeg 565w\" sizes=\"auto, (max-width: 212px) 100vw, 212px\" \/><\/p>\n<ul>\n<li>19:00 horas: Baile organizado por Bar cafeter\u00eda sal y pimienta con la charanga Los Tocacharros.<img loading=\"lazy\" decoding=\"async\" class=\"aligncenter size-medium wp-image-20222\" src=\"https:\/\/iicolumnas.es\/wp-content\/uploads\/2019\/04\/1A39F695-F7E4-4A2F-A109-88661BB55EE4-232x300.jpeg\" alt=\"\" width=\"232\" height=\"300\" srcset=\"https:\/\/iicolumnas.es\/wp-content\/uploads\/2019\/04\/1A39F695-F7E4-4A2F-A109-88661BB55EE4-232x300.jpeg 232w, https:\/\/iicolumnas.es\/wp-content\/uploads\/2019\/04\/1A39F695-F7E4-4A2F-A109-88661BB55EE4.jpeg 618w\" sizes=\"auto, (max-width: 232px) 100vw, 232px\" \/><\/li>\n<\/ul>\n<p>&nbsp;<\/p>\n<ul>\n<li>Exposici\u00f3n de pintura: Exposici\u00f3n del Color. Bar Cafeter\u00eda Sal y Pimienta.<img loading=\"lazy\" decoding=\"async\" class=\"aligncenter wp-image-20057 size-medium\" src=\"https:\/\/iicolumnas.es\/wp-content\/uploads\/2019\/03\/galeria-Sal-y-Pimienta2-294x300.jpg\" alt=\"\" width=\"294\" height=\"300\" srcset=\"https:\/\/iicolumnas.es\/wp-content\/uploads\/2019\/03\/galeria-Sal-y-Pimienta2-294x300.jpg 294w, https:\/\/iicolumnas.es\/wp-content\/uploads\/2019\/03\/galeria-Sal-y-Pimienta2.jpg 561w\" sizes=\"auto, (max-width: 294px) 100vw, 294px\" \/><\/li>\n<\/ul>\n<p>&nbsp;<\/p>\n<ul>\n<li>2:00 horas: Actuaci\u00f3n Fusi\u00f3n Flamenco con Diego Jimenez. Discoteca Poup\u00e9es.<\/li>\n<\/ul>\n<p style=\"padding-left: 30px;\"><img loading=\"lazy\" decoding=\"async\" class=\"aligncenter size-medium wp-image-20214\" src=\"https:\/\/iicolumnas.es\/wp-content\/uploads\/2019\/04\/38AA75A4-0F8D-47EF-97C7-035E2FD4D1D5-212x300.jpeg\" alt=\"\" width=\"212\" height=\"300\" srcset=\"https:\/\/iicolumnas.es\/wp-content\/uploads\/2019\/04\/38AA75A4-0F8D-47EF-97C7-035E2FD4D1D5-212x300.jpeg 212w, https:\/\/iicolumnas.es\/wp-content\/uploads\/2019\/04\/38AA75A4-0F8D-47EF-97C7-035E2FD4D1D5.jpeg 566w\" sizes=\"auto, (max-width: 212px) 100vw, 212px\" \/><\/p>\n<p><strong><span style=\"text-decoration: underline;\">Domingo Santo<\/span><\/strong><\/p>\n<ul>\n<li>Misa y procesi\u00f3n: Por confirmar la hora.<\/li>\n<\/ul>\n<p style=\"padding-left: 30px;\"><img loading=\"lazy\" decoding=\"async\" class=\"aligncenter size-full wp-image-16518\" src=\"https:\/\/iicolumnas.es\/wp-content\/uploads\/2018\/04\/Domingo_Resurreci\u00f3n_2018-40.jpeg\" alt=\"\" width=\"800\" height=\"450\" srcset=\"https:\/\/iicolumnas.es\/wp-content\/uploads\/2018\/04\/Domingo_Resurreci\u00f3n_2018-40.jpeg 800w, https:\/\/iicolumnas.es\/wp-content\/uploads\/2018\/04\/Domingo_Resurreci\u00f3n_2018-40-300x169.jpeg 300w\" sizes=\"auto, (max-width: 800px) 100vw, 800px\" \/><\/p>\n<p>&nbsp;<\/p>\n<ul>\n<li>Exposici\u00f3n de pintura: Exposici\u00f3n del Color. Bar Cafeter\u00eda Sal y Pimienta<\/li>\n<\/ul>\n<p style=\"padding-left: 30px;\"><img loading=\"lazy\" decoding=\"async\" class=\"aligncenter wp-image-20041 size-medium\" src=\"https:\/\/iicolumnas.es\/wp-content\/uploads\/2019\/03\/IMG_20190331_182318-225x300.jpg\" alt=\"\" width=\"225\" height=\"300\" srcset=\"https:\/\/iicolumnas.es\/wp-content\/uploads\/2019\/03\/IMG_20190331_182318-225x300.jpg 225w, https:\/\/iicolumnas.es\/wp-content\/uploads\/2019\/03\/IMG_20190331_182318.jpg 600w\" sizes=\"auto, (max-width: 225px) 100vw, 225px\" \/><\/p>\n","protected":false},"excerpt":{"rendered":"<p>&nbsp; Mi\u00e9rcole Santo: 17:30 horas: Gymkana. Exposici\u00f3n de pintura: Exposici\u00f3n del Color. Bar Cafeter\u00eda Sal y Pimienta. &nbsp; Jueves Santo: 20:00 horas: Misa cena del se\u00f1or. 22:30 horas: Hora Santa Exposici\u00f3n de pintura: Exposici\u00f3n&#46;&#46;&#46;<\/p>\n","protected":false},"author":15,"featured_media":20133,"comment_status":"open","ping_status":"open","sticky":false,"template":"","format":"standard","meta":{"footnotes":""},"categories":[1],"tags":[1814,1821,1822,108],"class_list":["post-20121","post","type-post","status-publish","format-standard","has-post-thumbnail","hentry","category-actualidad","tag-abril-2019","tag-programa","tag-programacion","tag-semana-santa"],"yoast_head":"<!-- This site is optimized with the Yoast SEO plugin v26.6 - https:\/\/yoast.com\/wordpress\/plugins\/seo\/ -->\n<title>Programa de Semana Santa - Dos Columnas<\/title>\n<meta name=\"robots\" content=\"index, follow, max-snippet:-1, max-image-preview:large, max-video-preview:-1\" \/>\n<link rel=\"canonical\" href=\"https:\/\/iicolumnas.es\/index.php\/actualidad\/2019\/04\/16\/__trashed-5\/\" \/>\n<meta property=\"og:locale\" content=\"es_ES\" \/>\n<meta property=\"og:type\" content=\"article\" \/>\n<meta property=\"og:title\" content=\"Programa de Semana Santa - Dos Columnas\" \/>\n<meta property=\"og:description\" content=\"&nbsp; Mi\u00e9rcole Santo: 17:30 horas: Gymkana. Exposici\u00f3n de pintura: Exposici\u00f3n del Color. Bar Cafeter\u00eda Sal y Pimienta. &nbsp; Jueves Santo: 20:00 horas: Misa cena del se\u00f1or. 22:30 horas: Hora Santa Exposici\u00f3n de pintura: Exposici\u00f3n&#046;&#046;&#046;\" \/>\n<meta property=\"og:url\" content=\"https:\/\/iicolumnas.es\/index.php\/actualidad\/2019\/04\/16\/__trashed-5\/\" \/>\n<meta property=\"og:site_name\" content=\"Dos Columnas\" \/>\n<meta property=\"article:publisher\" content=\"https:\/\/www.facebook.com\/iicolumnas\/\" \/>\n<meta property=\"article:published_time\" content=\"2019-04-16T05:45:36+00:00\" \/>\n<meta property=\"article:modified_time\" content=\"2019-04-17T18:25:51+00:00\" \/>\n<meta property=\"og:image\" content=\"https:\/\/iicolumnas.es\/wp-content\/uploads\/2019\/04\/51F8CE04-2EC6-494E-96F0-77F92C17117B.jpeg\" \/>\n\t<meta property=\"og:image:width\" content=\"566\" \/>\n\t<meta property=\"og:image:height\" content=\"800\" \/>\n\t<meta property=\"og:image:type\" content=\"image\/jpeg\" \/>\n<meta name=\"author\" content=\"Jonathan Mart\u00edn\" \/>\n<meta name=\"twitter:card\" content=\"summary_large_image\" \/>\n<meta name=\"twitter:creator\" content=\"@iicolumnas\" \/>\n<meta name=\"twitter:site\" content=\"@iicolumnas\" \/>\n<meta name=\"twitter:label1\" content=\"Escrito por\" \/>\n\t<meta name=\"twitter:data1\" content=\"Jonathan Mart\u00edn\" \/>\n\t<meta name=\"twitter:label2\" content=\"Tiempo de lectura\" \/>\n\t<meta name=\"twitter:data2\" content=\"1 minuto\" \/>\n<script type=\"application\/ld+json\" class=\"yoast-schema-graph\">{\"@context\":\"https:\/\/schema.org\",\"@graph\":[{\"@type\":\"WebPage\",\"@id\":\"https:\/\/iicolumnas.es\/index.php\/actualidad\/2019\/04\/16\/__trashed-5\/\",\"url\":\"https:\/\/iicolumnas.es\/index.php\/actualidad\/2019\/04\/16\/__trashed-5\/\",\"name\":\"Programa de Semana Santa - Dos Columnas\",\"isPartOf\":{\"@id\":\"https:\/\/iicolumnas.es\/#website\"},\"primaryImageOfPage\":{\"@id\":\"https:\/\/iicolumnas.es\/index.php\/actualidad\/2019\/04\/16\/__trashed-5\/#primaryimage\"},\"image\":{\"@id\":\"https:\/\/iicolumnas.es\/index.php\/actualidad\/2019\/04\/16\/__trashed-5\/#primaryimage\"},\"thumbnailUrl\":\"https:\/\/iicolumnas.es\/wp-content\/uploads\/2019\/04\/51F8CE04-2EC6-494E-96F0-77F92C17117B.jpeg\",\"datePublished\":\"2019-04-16T05:45:36+00:00\",\"dateModified\":\"2019-04-17T18:25:51+00:00\",\"author\":{\"@id\":\"https:\/\/iicolumnas.es\/#\/schema\/person\/9454e693a00b654499448fce52078962\"},\"breadcrumb\":{\"@id\":\"https:\/\/iicolumnas.es\/index.php\/actualidad\/2019\/04\/16\/__trashed-5\/#breadcrumb\"},\"inLanguage\":\"es\",\"potentialAction\":[{\"@type\":\"ReadAction\",\"target\":[\"https:\/\/iicolumnas.es\/index.php\/actualidad\/2019\/04\/16\/__trashed-5\/\"]}]},{\"@type\":\"ImageObject\",\"inLanguage\":\"es\",\"@id\":\"https:\/\/iicolumnas.es\/index.php\/actualidad\/2019\/04\/16\/__trashed-5\/#primaryimage\",\"url\":\"https:\/\/iicolumnas.es\/wp-content\/uploads\/2019\/04\/51F8CE04-2EC6-494E-96F0-77F92C17117B.jpeg\",\"contentUrl\":\"https:\/\/iicolumnas.es\/wp-content\/uploads\/2019\/04\/51F8CE04-2EC6-494E-96F0-77F92C17117B.jpeg\",\"width\":566,\"height\":800},{\"@type\":\"BreadcrumbList\",\"@id\":\"https:\/\/iicolumnas.es\/index.php\/actualidad\/2019\/04\/16\/__trashed-5\/#breadcrumb\",\"itemListElement\":[{\"@type\":\"ListItem\",\"position\":1,\"name\":\"Portada\",\"item\":\"https:\/\/iicolumnas.es\/\"},{\"@type\":\"ListItem\",\"position\":2,\"name\":\"Actualidad\",\"item\":\"https:\/\/iicolumnas.es\/index.php\/category\/actualidad\/\"},{\"@type\":\"ListItem\",\"position\":3,\"name\":\"Programa de Semana Santa\"}]},{\"@type\":\"WebSite\",\"@id\":\"https:\/\/iicolumnas.es\/#website\",\"url\":\"https:\/\/iicolumnas.es\/\",\"name\":\"Dos Columnas\",\"description\":\"El peri\u00f3dico de la villa de Cantalpino\",\"potentialAction\":[{\"@type\":\"SearchAction\",\"target\":{\"@type\":\"EntryPoint\",\"urlTemplate\":\"https:\/\/iicolumnas.es\/?s={search_term_string}\"},\"query-input\":{\"@type\":\"PropertyValueSpecification\",\"valueRequired\":true,\"valueName\":\"search_term_string\"}}],\"inLanguage\":\"es\"},{\"@type\":\"Person\",\"@id\":\"https:\/\/iicolumnas.es\/#\/schema\/person\/9454e693a00b654499448fce52078962\",\"name\":\"Jonathan Mart\u00edn\",\"image\":{\"@type\":\"ImageObject\",\"inLanguage\":\"es\",\"@id\":\"https:\/\/iicolumnas.es\/#\/schema\/person\/image\/\",\"url\":\"https:\/\/secure.gravatar.com\/avatar\/8f84b73d8cfcbec514e94597235e91417ea919340a79e734ab4f39abe5099950?s=96&d=mm&r=g\",\"contentUrl\":\"https:\/\/secure.gravatar.com\/avatar\/8f84b73d8cfcbec514e94597235e91417ea919340a79e734ab4f39abe5099950?s=96&d=mm&r=g\",\"caption\":\"Jonathan Mart\u00edn\"}}]}<\/script>\n<!-- \/ Yoast SEO plugin. -->","yoast_head_json":{"title":"Programa de Semana Santa - Dos Columnas","robots":{"index":"index","follow":"follow","max-snippet":"max-snippet:-1","max-image-preview":"max-image-preview:large","max-video-preview":"max-video-preview:-1"},"canonical":"https:\/\/iicolumnas.es\/index.php\/actualidad\/2019\/04\/16\/__trashed-5\/","og_locale":"es_ES","og_type":"article","og_title":"Programa de Semana Santa - Dos Columnas","og_description":"&nbsp; Mi\u00e9rcole Santo: 17:30 horas: Gymkana. Exposici\u00f3n de pintura: Exposici\u00f3n del Color. Bar Cafeter\u00eda Sal y Pimienta. &nbsp; Jueves Santo: 20:00 horas: Misa cena del se\u00f1or. 22:30 horas: Hora Santa Exposici\u00f3n de pintura: Exposici\u00f3n&#46;&#46;&#46;","og_url":"https:\/\/iicolumnas.es\/index.php\/actualidad\/2019\/04\/16\/__trashed-5\/","og_site_name":"Dos Columnas","article_publisher":"https:\/\/www.facebook.com\/iicolumnas\/","article_published_time":"2019-04-16T05:45:36+00:00","article_modified_time":"2019-04-17T18:25:51+00:00","og_image":[{"width":566,"height":800,"url":"https:\/\/iicolumnas.es\/wp-content\/uploads\/2019\/04\/51F8CE04-2EC6-494E-96F0-77F92C17117B.jpeg","type":"image\/jpeg"}],"author":"Jonathan Mart\u00edn","twitter_card":"summary_large_image","twitter_creator":"@iicolumnas","twitter_site":"@iicolumnas","twitter_misc":{"Escrito por":"Jonathan Mart\u00edn","Tiempo de lectura":"1 minuto"},"schema":{"@context":"https:\/\/schema.org","@graph":[{"@type":"WebPage","@id":"https:\/\/iicolumnas.es\/index.php\/actualidad\/2019\/04\/16\/__trashed-5\/","url":"https:\/\/iicolumnas.es\/index.php\/actualidad\/2019\/04\/16\/__trashed-5\/","name":"Programa de Semana Santa - Dos Columnas","isPartOf":{"@id":"https:\/\/iicolumnas.es\/#website"},"primaryImageOfPage":{"@id":"https:\/\/iicolumnas.es\/index.php\/actualidad\/2019\/04\/16\/__trashed-5\/#primaryimage"},"image":{"@id":"https:\/\/iicolumnas.es\/index.php\/actualidad\/2019\/04\/16\/__trashed-5\/#primaryimage"},"thumbnailUrl":"https:\/\/iicolumnas.es\/wp-content\/uploads\/2019\/04\/51F8CE04-2EC6-494E-96F0-77F92C17117B.jpeg","datePublished":"2019-04-16T05:45:36+00:00","dateModified":"2019-04-17T18:25:51+00:00","author":{"@id":"https:\/\/iicolumnas.es\/#\/schema\/person\/9454e693a00b654499448fce52078962"},"breadcrumb":{"@id":"https:\/\/iicolumnas.es\/index.php\/actualidad\/2019\/04\/16\/__trashed-5\/#breadcrumb"},"inLanguage":"es","potentialAction":[{"@type":"ReadAction","target":["https:\/\/iicolumnas.es\/index.php\/actualidad\/2019\/04\/16\/__trashed-5\/"]}]},{"@type":"ImageObject","inLanguage":"es","@id":"https:\/\/iicolumnas.es\/index.php\/actualidad\/2019\/04\/16\/__trashed-5\/#primaryimage","url":"https:\/\/iicolumnas.es\/wp-content\/uploads\/2019\/04\/51F8CE04-2EC6-494E-96F0-77F92C17117B.jpeg","contentUrl":"https:\/\/iicolumnas.es\/wp-content\/uploads\/2019\/04\/51F8CE04-2EC6-494E-96F0-77F92C17117B.jpeg","width":566,"height":800},{"@type":"BreadcrumbList","@id":"https:\/\/iicolumnas.es\/index.php\/actualidad\/2019\/04\/16\/__trashed-5\/#breadcrumb","itemListElement":[{"@type":"ListItem","position":1,"name":"Portada","item":"https:\/\/iicolumnas.es\/"},{"@type":"ListItem","position":2,"name":"Actualidad","item":"https:\/\/iicolumnas.es\/index.php\/category\/actualidad\/"},{"@type":"ListItem","position":3,"name":"Programa de Semana Santa"}]},{"@type":"WebSite","@id":"https:\/\/iicolumnas.es\/#website","url":"https:\/\/iicolumnas.es\/","name":"Dos Columnas","description":"El peri\u00f3dico de la villa de Cantalpino","potentialAction":[{"@type":"SearchAction","target":{"@type":"EntryPoint","urlTemplate":"https:\/\/iicolumnas.es\/?s={search_term_string}"},"query-input":{"@type":"PropertyValueSpecification","valueRequired":true,"valueName":"search_term_string"}}],"inLanguage":"es"},{"@type":"Person","@id":"https:\/\/iicolumnas.es\/#\/schema\/person\/9454e693a00b654499448fce52078962","name":"Jonathan Mart\u00edn","image":{"@type":"ImageObject","inLanguage":"es","@id":"https:\/\/iicolumnas.es\/#\/schema\/person\/image\/","url":"https:\/\/secure.gravatar.com\/avatar\/8f84b73d8cfcbec514e94597235e91417ea919340a79e734ab4f39abe5099950?s=96&d=mm&r=g","contentUrl":"https:\/\/secure.gravatar.com\/avatar\/8f84b73d8cfcbec514e94597235e91417ea919340a79e734ab4f39abe5099950?s=96&d=mm&r=g","caption":"Jonathan Mart\u00edn"}}]}},"_links":{"self":[{"href":"https:\/\/iicolumnas.es\/index.php\/wp-json\/wp\/v2\/posts\/20121","targetHints":{"allow":["GET"]}}],"collection":[{"href":"https:\/\/iicolumnas.es\/index.php\/wp-json\/wp\/v2\/posts"}],"about":[{"href":"https:\/\/iicolumnas.es\/index.php\/wp-json\/wp\/v2\/types\/post"}],"author":[{"embeddable":true,"href":"https:\/\/iicolumnas.es\/index.php\/wp-json\/wp\/v2\/users\/15"}],"replies":[{"embeddable":true,"href":"https:\/\/iicolumnas.es\/index.php\/wp-json\/wp\/v2\/comments?post=20121"}],"version-history":[{"count":13,"href":"https:\/\/iicolumnas.es\/index.php\/wp-json\/wp\/v2\/posts\/20121\/revisions"}],"predecessor-version":[{"id":20226,"href":"https:\/\/iicolumnas.es\/index.php\/wp-json\/wp\/v2\/posts\/20121\/revisions\/20226"}],"wp:featuredmedia":[{"embeddable":true,"href":"https:\/\/iicolumnas.es\/index.php\/wp-json\/wp\/v2\/media\/20133"}],"wp:attachment":[{"href":"https:\/\/iicolumnas.es\/index.php\/wp-json\/wp\/v2\/media?parent=20121"}],"wp:term":[{"taxonomy":"category","embeddable":true,"href":"https:\/\/iicolumnas.es\/index.php\/wp-json\/wp\/v2\/categories?post=20121"},{"taxonomy":"post_tag","embeddable":true,"href":"https:\/\/iicolumnas.es\/index.php\/wp-json\/wp\/v2\/tags?post=20121"}],"curies":[{"name":"wp","href":"https:\/\/api.w.org\/{rel}","templated":true}]}}