{"id":20106,"date":"2019-04-10T17:56:10","date_gmt":"2019-04-10T17:56:10","guid":{"rendered":"https:\/\/iicolumnas.es\/?p=20106"},"modified":"2019-04-11T08:17:03","modified_gmt":"2019-04-11T08:17:03","slug":"un-nuevo-cantalpines-se-suma-a-la-campana-de-donacion-de-sangre","status":"publish","type":"post","link":"https:\/\/iicolumnas.es\/index.php\/actualidad\/2019\/04\/10\/un-nuevo-cantalpines-se-suma-a-la-campana-de-donacion-de-sangre\/","title":{"rendered":"Un nuevo cantalpin\u00e9s se suma a la campa\u00f1a de donaci\u00f3n de sangre"},"content":{"rendered":"<p style=\"text-align: justify;\">La campa\u00f1a del pasado viernes 5 de abril del 2019 de\u00a0<strong>donaci\u00f3n de sangre<\/strong>\u00a0en Cantalpino finaliz\u00f3 con un total de 30 donaciones, destacando que uno de esos donantes nunca hab\u00eda donado.<\/p>\n<p style=\"text-align: justify;\">En esta ocasi\u00f3n 35 fueron las personas que se acercaron hasta el centro m\u00e9dico de los cuales cinco no pudieron realizar la donaci\u00f3n, por lo tanto el equipo m\u00f3vil parti\u00f3 de Cantalpino con 30 donaciones, dos m\u00e1s que en la campa\u00f1a anterior pero con 3 participantes m\u00e1s.<\/p>\n<p style=\"text-align: justify;\">A todos ellos, los que donaron y los que lo intentaron les agradecemos su voluntad y su aportaci\u00f3n a salvar vidas.\u00a0Para todo aquel que no haya podido donar y est\u00e9 interesado, le recordamos que en el Hospital Virgen de la Vega de Salamanca, ubicado en el paseo San Vicente 58 en la planta baja, lo puede hacer de lunes a viernes de 10.00 a 14.00 y de 17.00 a 21.00 horas; tambi\u00e9n el primer y tercer s\u00e1bado de cada mes de 10.00 a 14.00.<\/p>\n<p style=\"text-align: justify;\">Foto de campa\u00f1a anterior: Abril 2018<\/p>\n","protected":false},"excerpt":{"rendered":"<p>La campa\u00f1a del pasado viernes 5 de abril del 2019 de\u00a0donaci\u00f3n de sangre\u00a0en Cantalpino finaliz\u00f3 con un total de 30 donaciones, destacando que uno de esos donantes nunca hab\u00eda donado. En esta ocasi\u00f3n 35&#46;&#46;&#46;<\/p>\n","protected":false},"author":18,"featured_media":14800,"comment_status":"open","ping_status":"open","sticky":false,"template":"","format":"standard","meta":{"footnotes":""},"categories":[1],"tags":[1631,1754,1629,121,42,914,1237,877,1239],"class_list":["post-20106","post","type-post","status-publish","format-standard","has-post-thumbnail","hentry","category-actualidad","tag-centro-de-hermandad-de-donantes-de-sangre-de-salamanca","tag-dona-sangre","tag-donacion","tag-donacion-de-sangre","tag-donaciones","tag-donaciones-de-sangre","tag-donantes","tag-donantes-de-sangre","tag-hermandad-de-donantes"],"yoast_head":"<!-- This site is optimized with the Yoast SEO plugin v26.6 - https:\/\/yoast.com\/wordpress\/plugins\/seo\/ -->\n<title>Un nuevo cantalpin\u00e9s se suma a la campa\u00f1a de donaci\u00f3n de sangre - Dos Columnas<\/title>\n<meta name=\"robots\" content=\"index, follow, max-snippet:-1, max-image-preview:large, max-video-preview:-1\" \/>\n<link rel=\"canonical\" href=\"https:\/\/iicolumnas.es\/index.php\/actualidad\/2019\/04\/10\/un-nuevo-cantalpines-se-suma-a-la-campana-de-donacion-de-sangre\/\" \/>\n<meta property=\"og:locale\" content=\"es_ES\" \/>\n<meta property=\"og:type\" content=\"article\" \/>\n<meta property=\"og:title\" content=\"Un nuevo cantalpin\u00e9s se suma a la campa\u00f1a de donaci\u00f3n de sangre - Dos Columnas\" \/>\n<meta property=\"og:description\" content=\"La campa\u00f1a del pasado viernes 5 de abril del 2019 de\u00a0donaci\u00f3n de sangre\u00a0en Cantalpino finaliz\u00f3 con un total de 30 donaciones, destacando que uno de esos donantes nunca hab\u00eda donado. En esta ocasi\u00f3n 35&#046;&#046;&#046;\" \/>\n<meta property=\"og:url\" content=\"https:\/\/iicolumnas.es\/index.php\/actualidad\/2019\/04\/10\/un-nuevo-cantalpines-se-suma-a-la-campana-de-donacion-de-sangre\/\" \/>\n<meta property=\"og:site_name\" content=\"Dos Columnas\" \/>\n<meta property=\"article:publisher\" content=\"https:\/\/www.facebook.com\/iicolumnas\/\" \/>\n<meta property=\"article:published_time\" content=\"2019-04-10T17:56:10+00:00\" \/>\n<meta property=\"article:modified_time\" content=\"2019-04-11T08:17:03+00:00\" \/>\n<meta property=\"og:image\" content=\"https:\/\/iicolumnas.es\/wp-content\/uploads\/2017\/12\/016362A9-FC82-45AA-A474-A7E55E2C2605.jpeg\" \/>\n\t<meta property=\"og:image:width\" content=\"800\" \/>\n\t<meta property=\"og:image:height\" content=\"600\" \/>\n\t<meta property=\"og:image:type\" content=\"image\/jpeg\" \/>\n<meta name=\"author\" content=\"Lucia Pedroso\" \/>\n<meta name=\"twitter:card\" content=\"summary_large_image\" \/>\n<meta name=\"twitter:creator\" content=\"@iicolumnas\" \/>\n<meta name=\"twitter:site\" content=\"@iicolumnas\" \/>\n<meta name=\"twitter:label1\" content=\"Escrito por\" \/>\n\t<meta name=\"twitter:data1\" content=\"Lucia Pedroso\" \/>\n\t<meta name=\"twitter:label2\" content=\"Tiempo de lectura\" \/>\n\t<meta name=\"twitter:data2\" content=\"1 minuto\" \/>\n<script type=\"application\/ld+json\" class=\"yoast-schema-graph\">{\"@context\":\"https:\/\/schema.org\",\"@graph\":[{\"@type\":\"WebPage\",\"@id\":\"https:\/\/iicolumnas.es\/index.php\/actualidad\/2019\/04\/10\/un-nuevo-cantalpines-se-suma-a-la-campana-de-donacion-de-sangre\/\",\"url\":\"https:\/\/iicolumnas.es\/index.php\/actualidad\/2019\/04\/10\/un-nuevo-cantalpines-se-suma-a-la-campana-de-donacion-de-sangre\/\",\"name\":\"Un nuevo cantalpin\u00e9s se suma a la campa\u00f1a de donaci\u00f3n de sangre - Dos Columnas\",\"isPartOf\":{\"@id\":\"https:\/\/iicolumnas.es\/#website\"},\"primaryImageOfPage\":{\"@id\":\"https:\/\/iicolumnas.es\/index.php\/actualidad\/2019\/04\/10\/un-nuevo-cantalpines-se-suma-a-la-campana-de-donacion-de-sangre\/#primaryimage\"},\"image\":{\"@id\":\"https:\/\/iicolumnas.es\/index.php\/actualidad\/2019\/04\/10\/un-nuevo-cantalpines-se-suma-a-la-campana-de-donacion-de-sangre\/#primaryimage\"},\"thumbnailUrl\":\"https:\/\/iicolumnas.es\/wp-content\/uploads\/2017\/12\/016362A9-FC82-45AA-A474-A7E55E2C2605.jpeg\",\"datePublished\":\"2019-04-10T17:56:10+00:00\",\"dateModified\":\"2019-04-11T08:17:03+00:00\",\"author\":{\"@id\":\"https:\/\/iicolumnas.es\/#\/schema\/person\/703e12a73a5090b041b461663c8f0531\"},\"breadcrumb\":{\"@id\":\"https:\/\/iicolumnas.es\/index.php\/actualidad\/2019\/04\/10\/un-nuevo-cantalpines-se-suma-a-la-campana-de-donacion-de-sangre\/#breadcrumb\"},\"inLanguage\":\"es\",\"potentialAction\":[{\"@type\":\"ReadAction\",\"target\":[\"https:\/\/iicolumnas.es\/index.php\/actualidad\/2019\/04\/10\/un-nuevo-cantalpines-se-suma-a-la-campana-de-donacion-de-sangre\/\"]}]},{\"@type\":\"ImageObject\",\"inLanguage\":\"es\",\"@id\":\"https:\/\/iicolumnas.es\/index.php\/actualidad\/2019\/04\/10\/un-nuevo-cantalpines-se-suma-a-la-campana-de-donacion-de-sangre\/#primaryimage\",\"url\":\"https:\/\/iicolumnas.es\/wp-content\/uploads\/2017\/12\/016362A9-FC82-45AA-A474-A7E55E2C2605.jpeg\",\"contentUrl\":\"https:\/\/iicolumnas.es\/wp-content\/uploads\/2017\/12\/016362A9-FC82-45AA-A474-A7E55E2C2605.jpeg\",\"width\":800,\"height\":600},{\"@type\":\"BreadcrumbList\",\"@id\":\"https:\/\/iicolumnas.es\/index.php\/actualidad\/2019\/04\/10\/un-nuevo-cantalpines-se-suma-a-la-campana-de-donacion-de-sangre\/#breadcrumb\",\"itemListElement\":[{\"@type\":\"ListItem\",\"position\":1,\"name\":\"Portada\",\"item\":\"https:\/\/iicolumnas.es\/\"},{\"@type\":\"ListItem\",\"position\":2,\"name\":\"Actualidad\",\"item\":\"https:\/\/iicolumnas.es\/index.php\/category\/actualidad\/\"},{\"@type\":\"ListItem\",\"position\":3,\"name\":\"Un nuevo cantalpin\u00e9s se suma a la campa\u00f1a de donaci\u00f3n de sangre\"}]},{\"@type\":\"WebSite\",\"@id\":\"https:\/\/iicolumnas.es\/#website\",\"url\":\"https:\/\/iicolumnas.es\/\",\"name\":\"Dos Columnas\",\"description\":\"El peri\u00f3dico de la villa de Cantalpino\",\"potentialAction\":[{\"@type\":\"SearchAction\",\"target\":{\"@type\":\"EntryPoint\",\"urlTemplate\":\"https:\/\/iicolumnas.es\/?s={search_term_string}\"},\"query-input\":{\"@type\":\"PropertyValueSpecification\",\"valueRequired\":true,\"valueName\":\"search_term_string\"}}],\"inLanguage\":\"es\"},{\"@type\":\"Person\",\"@id\":\"https:\/\/iicolumnas.es\/#\/schema\/person\/703e12a73a5090b041b461663c8f0531\",\"name\":\"Lucia Pedroso\",\"image\":{\"@type\":\"ImageObject\",\"inLanguage\":\"es\",\"@id\":\"https:\/\/iicolumnas.es\/#\/schema\/person\/image\/\",\"url\":\"https:\/\/secure.gravatar.com\/avatar\/c6e08a497120c58e110f9fc761b0fe771e7120ebcb2789302216f51d5c9243cc?s=96&d=mm&r=g\",\"contentUrl\":\"https:\/\/secure.gravatar.com\/avatar\/c6e08a497120c58e110f9fc761b0fe771e7120ebcb2789302216f51d5c9243cc?s=96&d=mm&r=g\",\"caption\":\"Lucia Pedroso\"}}]}<\/script>\n<!-- \/ Yoast SEO plugin. -->","yoast_head_json":{"title":"Un nuevo cantalpin\u00e9s se suma a la campa\u00f1a de donaci\u00f3n de sangre - Dos Columnas","robots":{"index":"index","follow":"follow","max-snippet":"max-snippet:-1","max-image-preview":"max-image-preview:large","max-video-preview":"max-video-preview:-1"},"canonical":"https:\/\/iicolumnas.es\/index.php\/actualidad\/2019\/04\/10\/un-nuevo-cantalpines-se-suma-a-la-campana-de-donacion-de-sangre\/","og_locale":"es_ES","og_type":"article","og_title":"Un nuevo cantalpin\u00e9s se suma a la campa\u00f1a de donaci\u00f3n de sangre - Dos Columnas","og_description":"La campa\u00f1a del pasado viernes 5 de abril del 2019 de\u00a0donaci\u00f3n de sangre\u00a0en Cantalpino finaliz\u00f3 con un total de 30 donaciones, destacando que uno de esos donantes nunca hab\u00eda donado. En esta ocasi\u00f3n 35&#46;&#46;&#46;","og_url":"https:\/\/iicolumnas.es\/index.php\/actualidad\/2019\/04\/10\/un-nuevo-cantalpines-se-suma-a-la-campana-de-donacion-de-sangre\/","og_site_name":"Dos Columnas","article_publisher":"https:\/\/www.facebook.com\/iicolumnas\/","article_published_time":"2019-04-10T17:56:10+00:00","article_modified_time":"2019-04-11T08:17:03+00:00","og_image":[{"width":800,"height":600,"url":"https:\/\/iicolumnas.es\/wp-content\/uploads\/2017\/12\/016362A9-FC82-45AA-A474-A7E55E2C2605.jpeg","type":"image\/jpeg"}],"author":"Lucia Pedroso","twitter_card":"summary_large_image","twitter_creator":"@iicolumnas","twitter_site":"@iicolumnas","twitter_misc":{"Escrito por":"Lucia Pedroso","Tiempo de lectura":"1 minuto"},"schema":{"@context":"https:\/\/schema.org","@graph":[{"@type":"WebPage","@id":"https:\/\/iicolumnas.es\/index.php\/actualidad\/2019\/04\/10\/un-nuevo-cantalpines-se-suma-a-la-campana-de-donacion-de-sangre\/","url":"https:\/\/iicolumnas.es\/index.php\/actualidad\/2019\/04\/10\/un-nuevo-cantalpines-se-suma-a-la-campana-de-donacion-de-sangre\/","name":"Un nuevo cantalpin\u00e9s se suma a la campa\u00f1a de donaci\u00f3n de sangre - Dos Columnas","isPartOf":{"@id":"https:\/\/iicolumnas.es\/#website"},"primaryImageOfPage":{"@id":"https:\/\/iicolumnas.es\/index.php\/actualidad\/2019\/04\/10\/un-nuevo-cantalpines-se-suma-a-la-campana-de-donacion-de-sangre\/#primaryimage"},"image":{"@id":"https:\/\/iicolumnas.es\/index.php\/actualidad\/2019\/04\/10\/un-nuevo-cantalpines-se-suma-a-la-campana-de-donacion-de-sangre\/#primaryimage"},"thumbnailUrl":"https:\/\/iicolumnas.es\/wp-content\/uploads\/2017\/12\/016362A9-FC82-45AA-A474-A7E55E2C2605.jpeg","datePublished":"2019-04-10T17:56:10+00:00","dateModified":"2019-04-11T08:17:03+00:00","author":{"@id":"https:\/\/iicolumnas.es\/#\/schema\/person\/703e12a73a5090b041b461663c8f0531"},"breadcrumb":{"@id":"https:\/\/iicolumnas.es\/index.php\/actualidad\/2019\/04\/10\/un-nuevo-cantalpines-se-suma-a-la-campana-de-donacion-de-sangre\/#breadcrumb"},"inLanguage":"es","potentialAction":[{"@type":"ReadAction","target":["https:\/\/iicolumnas.es\/index.php\/actualidad\/2019\/04\/10\/un-nuevo-cantalpines-se-suma-a-la-campana-de-donacion-de-sangre\/"]}]},{"@type":"ImageObject","inLanguage":"es","@id":"https:\/\/iicolumnas.es\/index.php\/actualidad\/2019\/04\/10\/un-nuevo-cantalpines-se-suma-a-la-campana-de-donacion-de-sangre\/#primaryimage","url":"https:\/\/iicolumnas.es\/wp-content\/uploads\/2017\/12\/016362A9-FC82-45AA-A474-A7E55E2C2605.jpeg","contentUrl":"https:\/\/iicolumnas.es\/wp-content\/uploads\/2017\/12\/016362A9-FC82-45AA-A474-A7E55E2C2605.jpeg","width":800,"height":600},{"@type":"BreadcrumbList","@id":"https:\/\/iicolumnas.es\/index.php\/actualidad\/2019\/04\/10\/un-nuevo-cantalpines-se-suma-a-la-campana-de-donacion-de-sangre\/#breadcrumb","itemListElement":[{"@type":"ListItem","position":1,"name":"Portada","item":"https:\/\/iicolumnas.es\/"},{"@type":"ListItem","position":2,"name":"Actualidad","item":"https:\/\/iicolumnas.es\/index.php\/category\/actualidad\/"},{"@type":"ListItem","position":3,"name":"Un nuevo cantalpin\u00e9s se suma a la campa\u00f1a de donaci\u00f3n de sangre"}]},{"@type":"WebSite","@id":"https:\/\/iicolumnas.es\/#website","url":"https:\/\/iicolumnas.es\/","name":"Dos Columnas","description":"El peri\u00f3dico de la villa de Cantalpino","potentialAction":[{"@type":"SearchAction","target":{"@type":"EntryPoint","urlTemplate":"https:\/\/iicolumnas.es\/?s={search_term_string}"},"query-input":{"@type":"PropertyValueSpecification","valueRequired":true,"valueName":"search_term_string"}}],"inLanguage":"es"},{"@type":"Person","@id":"https:\/\/iicolumnas.es\/#\/schema\/person\/703e12a73a5090b041b461663c8f0531","name":"Lucia Pedroso","image":{"@type":"ImageObject","inLanguage":"es","@id":"https:\/\/iicolumnas.es\/#\/schema\/person\/image\/","url":"https:\/\/secure.gravatar.com\/avatar\/c6e08a497120c58e110f9fc761b0fe771e7120ebcb2789302216f51d5c9243cc?s=96&d=mm&r=g","contentUrl":"https:\/\/secure.gravatar.com\/avatar\/c6e08a497120c58e110f9fc761b0fe771e7120ebcb2789302216f51d5c9243cc?s=96&d=mm&r=g","caption":"Lucia Pedroso"}}]}},"_links":{"self":[{"href":"https:\/\/iicolumnas.es\/index.php\/wp-json\/wp\/v2\/posts\/20106","targetHints":{"allow":["GET"]}}],"collection":[{"href":"https:\/\/iicolumnas.es\/index.php\/wp-json\/wp\/v2\/posts"}],"about":[{"href":"https:\/\/iicolumnas.es\/index.php\/wp-json\/wp\/v2\/types\/post"}],"author":[{"embeddable":true,"href":"https:\/\/iicolumnas.es\/index.php\/wp-json\/wp\/v2\/users\/18"}],"replies":[{"embeddable":true,"href":"https:\/\/iicolumnas.es\/index.php\/wp-json\/wp\/v2\/comments?post=20106"}],"version-history":[{"count":6,"href":"https:\/\/iicolumnas.es\/index.php\/wp-json\/wp\/v2\/posts\/20106\/revisions"}],"predecessor-version":[{"id":20112,"href":"https:\/\/iicolumnas.es\/index.php\/wp-json\/wp\/v2\/posts\/20106\/revisions\/20112"}],"wp:featuredmedia":[{"embeddable":true,"href":"https:\/\/iicolumnas.es\/index.php\/wp-json\/wp\/v2\/media\/14800"}],"wp:attachment":[{"href":"https:\/\/iicolumnas.es\/index.php\/wp-json\/wp\/v2\/media?parent=20106"}],"wp:term":[{"taxonomy":"category","embeddable":true,"href":"https:\/\/iicolumnas.es\/index.php\/wp-json\/wp\/v2\/categories?post=20106"},{"taxonomy":"post_tag","embeddable":true,"href":"https:\/\/iicolumnas.es\/index.php\/wp-json\/wp\/v2\/tags?post=20106"}],"curies":[{"name":"wp","href":"https:\/\/api.w.org\/{rel}","templated":true}]}}