{"id":20087,"date":"2019-04-08T20:03:51","date_gmt":"2019-04-08T20:03:51","guid":{"rendered":"https:\/\/iicolumnas.es\/?p=20087"},"modified":"2019-04-08T20:04:52","modified_gmt":"2019-04-08T20:04:52","slug":"se-inicia-la-campana-para-presentar-la-pac","status":"publish","type":"post","link":"https:\/\/iicolumnas.es\/index.php\/actualidad\/2019\/04\/08\/se-inicia-la-campana-para-presentar-la-pac\/","title":{"rendered":"Se inicia la campa\u00f1a para presentar la PAC"},"content":{"rendered":"<p style=\"text-align: justify;\">A partir del 1 de abril, se ha iniciado la campa\u00f1a de solicitud de ayudas de la PAC 2019, que permite a los trabajadores del sector agr\u00edcola presentar, hasta el pr\u00f3ximo 30 de abril, la solicitud \u00fanica de las ayudas directas de la Pol\u00edtica Agr\u00edcola Com\u00fan, se podr\u00e1 abonar en forma de anticipos a partir del 16 de octubre y el saldo a partir del 1 de diciembre.<\/p>\n<p><img loading=\"lazy\" decoding=\"async\" class=\"aligncenter size-full wp-image-20094\" src=\"https:\/\/iicolumnas.es\/wp-content\/uploads\/2019\/04\/Fundacion-caja-rural-PAC-2019.jpg\" alt=\"\" width=\"800\" height=\"418\" srcset=\"https:\/\/iicolumnas.es\/wp-content\/uploads\/2019\/04\/Fundacion-caja-rural-PAC-2019.jpg 800w, https:\/\/iicolumnas.es\/wp-content\/uploads\/2019\/04\/Fundacion-caja-rural-PAC-2019-300x157.jpg 300w\" sizes=\"auto, (max-width: 800px) 100vw, 800px\" \/><\/p>\n<p style=\"text-align: justify;\">Para obtener m\u00e1s informaci\u00f3n acerca de la aplicaci\u00f3n de la PAC, el Ministerio de Agricultura Pesca y Alimentaci\u00f3n ha puesto a disposici\u00f3n de los agricultores y ganaderos las notas t\u00e9cnicas actualizadas de esta nueva campa\u00f1a. Se puede acceder a trav\u00e9s de las siguientes p\u00e1ginas Web:<\/p>\n<p style=\"text-align: justify;\">www.mapa.es<\/p>\n<p style=\"text-align: justify;\">www.fega.es<\/p>\n<p style=\"text-align: justify;\">En torno a 70.000 solicitudes \u00fanicas espera recibir la Consejer\u00eda de Agricultura y Ganader\u00eda en Castilla y Le\u00f3n\u00a0percibir\u00e1n cerca de 1.000 millones de euros.<\/p>\n","protected":false},"excerpt":{"rendered":"<p>A partir del 1 de abril, se ha iniciado la campa\u00f1a de solicitud de ayudas de la PAC 2019, que permite a los trabajadores del sector agr\u00edcola presentar, hasta el pr\u00f3ximo 30 de abril,&#46;&#46;&#46;<\/p>\n","protected":false},"author":18,"featured_media":20094,"comment_status":"open","ping_status":"open","sticky":false,"template":"","format":"standard","meta":{"footnotes":""},"categories":[1],"tags":[1814,1468,1815],"class_list":["post-20087","post","type-post","status-publish","format-standard","has-post-thumbnail","hentry","category-actualidad","tag-abril-2019","tag-agricultura","tag-pac"],"yoast_head":"<!-- This site is optimized with the Yoast SEO plugin v26.6 - https:\/\/yoast.com\/wordpress\/plugins\/seo\/ -->\n<title>Se inicia la campa\u00f1a para presentar la PAC - Dos Columnas<\/title>\n<meta name=\"robots\" content=\"index, follow, max-snippet:-1, max-image-preview:large, max-video-preview:-1\" \/>\n<link rel=\"canonical\" href=\"https:\/\/iicolumnas.es\/index.php\/actualidad\/2019\/04\/08\/se-inicia-la-campana-para-presentar-la-pac\/\" \/>\n<meta property=\"og:locale\" content=\"es_ES\" \/>\n<meta property=\"og:type\" content=\"article\" \/>\n<meta property=\"og:title\" content=\"Se inicia la campa\u00f1a para presentar la PAC - Dos Columnas\" \/>\n<meta property=\"og:description\" content=\"A partir del 1 de abril, se ha iniciado la campa\u00f1a de solicitud de ayudas de la PAC 2019, que permite a los trabajadores del sector agr\u00edcola presentar, hasta el pr\u00f3ximo 30 de abril,&#046;&#046;&#046;\" \/>\n<meta property=\"og:url\" content=\"https:\/\/iicolumnas.es\/index.php\/actualidad\/2019\/04\/08\/se-inicia-la-campana-para-presentar-la-pac\/\" \/>\n<meta property=\"og:site_name\" content=\"Dos Columnas\" \/>\n<meta property=\"article:publisher\" content=\"https:\/\/www.facebook.com\/iicolumnas\/\" \/>\n<meta property=\"article:published_time\" content=\"2019-04-08T20:03:51+00:00\" \/>\n<meta property=\"article:modified_time\" content=\"2019-04-08T20:04:52+00:00\" \/>\n<meta property=\"og:image\" content=\"https:\/\/iicolumnas.es\/wp-content\/uploads\/2019\/04\/Fundacion-caja-rural-PAC-2019.jpg\" \/>\n\t<meta property=\"og:image:width\" content=\"800\" \/>\n\t<meta property=\"og:image:height\" content=\"418\" \/>\n\t<meta property=\"og:image:type\" content=\"image\/jpeg\" \/>\n<meta name=\"author\" content=\"Lucia Pedroso\" \/>\n<meta name=\"twitter:card\" content=\"summary_large_image\" \/>\n<meta name=\"twitter:creator\" content=\"@iicolumnas\" \/>\n<meta name=\"twitter:site\" content=\"@iicolumnas\" \/>\n<meta name=\"twitter:label1\" content=\"Escrito por\" \/>\n\t<meta name=\"twitter:data1\" content=\"Lucia Pedroso\" \/>\n\t<meta name=\"twitter:label2\" content=\"Tiempo de lectura\" \/>\n\t<meta name=\"twitter:data2\" content=\"1 minuto\" \/>\n<script type=\"application\/ld+json\" class=\"yoast-schema-graph\">{\"@context\":\"https:\/\/schema.org\",\"@graph\":[{\"@type\":\"WebPage\",\"@id\":\"https:\/\/iicolumnas.es\/index.php\/actualidad\/2019\/04\/08\/se-inicia-la-campana-para-presentar-la-pac\/\",\"url\":\"https:\/\/iicolumnas.es\/index.php\/actualidad\/2019\/04\/08\/se-inicia-la-campana-para-presentar-la-pac\/\",\"name\":\"Se inicia la campa\u00f1a para presentar la PAC - Dos Columnas\",\"isPartOf\":{\"@id\":\"https:\/\/iicolumnas.es\/#website\"},\"primaryImageOfPage\":{\"@id\":\"https:\/\/iicolumnas.es\/index.php\/actualidad\/2019\/04\/08\/se-inicia-la-campana-para-presentar-la-pac\/#primaryimage\"},\"image\":{\"@id\":\"https:\/\/iicolumnas.es\/index.php\/actualidad\/2019\/04\/08\/se-inicia-la-campana-para-presentar-la-pac\/#primaryimage\"},\"thumbnailUrl\":\"https:\/\/iicolumnas.es\/wp-content\/uploads\/2019\/04\/Fundacion-caja-rural-PAC-2019.jpg\",\"datePublished\":\"2019-04-08T20:03:51+00:00\",\"dateModified\":\"2019-04-08T20:04:52+00:00\",\"author\":{\"@id\":\"https:\/\/iicolumnas.es\/#\/schema\/person\/703e12a73a5090b041b461663c8f0531\"},\"breadcrumb\":{\"@id\":\"https:\/\/iicolumnas.es\/index.php\/actualidad\/2019\/04\/08\/se-inicia-la-campana-para-presentar-la-pac\/#breadcrumb\"},\"inLanguage\":\"es\",\"potentialAction\":[{\"@type\":\"ReadAction\",\"target\":[\"https:\/\/iicolumnas.es\/index.php\/actualidad\/2019\/04\/08\/se-inicia-la-campana-para-presentar-la-pac\/\"]}]},{\"@type\":\"ImageObject\",\"inLanguage\":\"es\",\"@id\":\"https:\/\/iicolumnas.es\/index.php\/actualidad\/2019\/04\/08\/se-inicia-la-campana-para-presentar-la-pac\/#primaryimage\",\"url\":\"https:\/\/iicolumnas.es\/wp-content\/uploads\/2019\/04\/Fundacion-caja-rural-PAC-2019.jpg\",\"contentUrl\":\"https:\/\/iicolumnas.es\/wp-content\/uploads\/2019\/04\/Fundacion-caja-rural-PAC-2019.jpg\",\"width\":800,\"height\":418},{\"@type\":\"BreadcrumbList\",\"@id\":\"https:\/\/iicolumnas.es\/index.php\/actualidad\/2019\/04\/08\/se-inicia-la-campana-para-presentar-la-pac\/#breadcrumb\",\"itemListElement\":[{\"@type\":\"ListItem\",\"position\":1,\"name\":\"Portada\",\"item\":\"https:\/\/iicolumnas.es\/\"},{\"@type\":\"ListItem\",\"position\":2,\"name\":\"Actualidad\",\"item\":\"https:\/\/iicolumnas.es\/index.php\/category\/actualidad\/\"},{\"@type\":\"ListItem\",\"position\":3,\"name\":\"Se inicia la campa\u00f1a para presentar la PAC\"}]},{\"@type\":\"WebSite\",\"@id\":\"https:\/\/iicolumnas.es\/#website\",\"url\":\"https:\/\/iicolumnas.es\/\",\"name\":\"Dos Columnas\",\"description\":\"El peri\u00f3dico de la villa de Cantalpino\",\"potentialAction\":[{\"@type\":\"SearchAction\",\"target\":{\"@type\":\"EntryPoint\",\"urlTemplate\":\"https:\/\/iicolumnas.es\/?s={search_term_string}\"},\"query-input\":{\"@type\":\"PropertyValueSpecification\",\"valueRequired\":true,\"valueName\":\"search_term_string\"}}],\"inLanguage\":\"es\"},{\"@type\":\"Person\",\"@id\":\"https:\/\/iicolumnas.es\/#\/schema\/person\/703e12a73a5090b041b461663c8f0531\",\"name\":\"Lucia Pedroso\",\"image\":{\"@type\":\"ImageObject\",\"inLanguage\":\"es\",\"@id\":\"https:\/\/iicolumnas.es\/#\/schema\/person\/image\/\",\"url\":\"https:\/\/secure.gravatar.com\/avatar\/c6e08a497120c58e110f9fc761b0fe771e7120ebcb2789302216f51d5c9243cc?s=96&d=mm&r=g\",\"contentUrl\":\"https:\/\/secure.gravatar.com\/avatar\/c6e08a497120c58e110f9fc761b0fe771e7120ebcb2789302216f51d5c9243cc?s=96&d=mm&r=g\",\"caption\":\"Lucia Pedroso\"}}]}<\/script>\n<!-- \/ Yoast SEO plugin. -->","yoast_head_json":{"title":"Se inicia la campa\u00f1a para presentar la PAC - Dos Columnas","robots":{"index":"index","follow":"follow","max-snippet":"max-snippet:-1","max-image-preview":"max-image-preview:large","max-video-preview":"max-video-preview:-1"},"canonical":"https:\/\/iicolumnas.es\/index.php\/actualidad\/2019\/04\/08\/se-inicia-la-campana-para-presentar-la-pac\/","og_locale":"es_ES","og_type":"article","og_title":"Se inicia la campa\u00f1a para presentar la PAC - Dos Columnas","og_description":"A partir del 1 de abril, se ha iniciado la campa\u00f1a de solicitud de ayudas de la PAC 2019, que permite a los trabajadores del sector agr\u00edcola presentar, hasta el pr\u00f3ximo 30 de abril,&#46;&#46;&#46;","og_url":"https:\/\/iicolumnas.es\/index.php\/actualidad\/2019\/04\/08\/se-inicia-la-campana-para-presentar-la-pac\/","og_site_name":"Dos Columnas","article_publisher":"https:\/\/www.facebook.com\/iicolumnas\/","article_published_time":"2019-04-08T20:03:51+00:00","article_modified_time":"2019-04-08T20:04:52+00:00","og_image":[{"width":800,"height":418,"url":"https:\/\/iicolumnas.es\/wp-content\/uploads\/2019\/04\/Fundacion-caja-rural-PAC-2019.jpg","type":"image\/jpeg"}],"author":"Lucia Pedroso","twitter_card":"summary_large_image","twitter_creator":"@iicolumnas","twitter_site":"@iicolumnas","twitter_misc":{"Escrito por":"Lucia Pedroso","Tiempo de lectura":"1 minuto"},"schema":{"@context":"https:\/\/schema.org","@graph":[{"@type":"WebPage","@id":"https:\/\/iicolumnas.es\/index.php\/actualidad\/2019\/04\/08\/se-inicia-la-campana-para-presentar-la-pac\/","url":"https:\/\/iicolumnas.es\/index.php\/actualidad\/2019\/04\/08\/se-inicia-la-campana-para-presentar-la-pac\/","name":"Se inicia la campa\u00f1a para presentar la PAC - Dos Columnas","isPartOf":{"@id":"https:\/\/iicolumnas.es\/#website"},"primaryImageOfPage":{"@id":"https:\/\/iicolumnas.es\/index.php\/actualidad\/2019\/04\/08\/se-inicia-la-campana-para-presentar-la-pac\/#primaryimage"},"image":{"@id":"https:\/\/iicolumnas.es\/index.php\/actualidad\/2019\/04\/08\/se-inicia-la-campana-para-presentar-la-pac\/#primaryimage"},"thumbnailUrl":"https:\/\/iicolumnas.es\/wp-content\/uploads\/2019\/04\/Fundacion-caja-rural-PAC-2019.jpg","datePublished":"2019-04-08T20:03:51+00:00","dateModified":"2019-04-08T20:04:52+00:00","author":{"@id":"https:\/\/iicolumnas.es\/#\/schema\/person\/703e12a73a5090b041b461663c8f0531"},"breadcrumb":{"@id":"https:\/\/iicolumnas.es\/index.php\/actualidad\/2019\/04\/08\/se-inicia-la-campana-para-presentar-la-pac\/#breadcrumb"},"inLanguage":"es","potentialAction":[{"@type":"ReadAction","target":["https:\/\/iicolumnas.es\/index.php\/actualidad\/2019\/04\/08\/se-inicia-la-campana-para-presentar-la-pac\/"]}]},{"@type":"ImageObject","inLanguage":"es","@id":"https:\/\/iicolumnas.es\/index.php\/actualidad\/2019\/04\/08\/se-inicia-la-campana-para-presentar-la-pac\/#primaryimage","url":"https:\/\/iicolumnas.es\/wp-content\/uploads\/2019\/04\/Fundacion-caja-rural-PAC-2019.jpg","contentUrl":"https:\/\/iicolumnas.es\/wp-content\/uploads\/2019\/04\/Fundacion-caja-rural-PAC-2019.jpg","width":800,"height":418},{"@type":"BreadcrumbList","@id":"https:\/\/iicolumnas.es\/index.php\/actualidad\/2019\/04\/08\/se-inicia-la-campana-para-presentar-la-pac\/#breadcrumb","itemListElement":[{"@type":"ListItem","position":1,"name":"Portada","item":"https:\/\/iicolumnas.es\/"},{"@type":"ListItem","position":2,"name":"Actualidad","item":"https:\/\/iicolumnas.es\/index.php\/category\/actualidad\/"},{"@type":"ListItem","position":3,"name":"Se inicia la campa\u00f1a para presentar la PAC"}]},{"@type":"WebSite","@id":"https:\/\/iicolumnas.es\/#website","url":"https:\/\/iicolumnas.es\/","name":"Dos Columnas","description":"El peri\u00f3dico de la villa de Cantalpino","potentialAction":[{"@type":"SearchAction","target":{"@type":"EntryPoint","urlTemplate":"https:\/\/iicolumnas.es\/?s={search_term_string}"},"query-input":{"@type":"PropertyValueSpecification","valueRequired":true,"valueName":"search_term_string"}}],"inLanguage":"es"},{"@type":"Person","@id":"https:\/\/iicolumnas.es\/#\/schema\/person\/703e12a73a5090b041b461663c8f0531","name":"Lucia Pedroso","image":{"@type":"ImageObject","inLanguage":"es","@id":"https:\/\/iicolumnas.es\/#\/schema\/person\/image\/","url":"https:\/\/secure.gravatar.com\/avatar\/c6e08a497120c58e110f9fc761b0fe771e7120ebcb2789302216f51d5c9243cc?s=96&d=mm&r=g","contentUrl":"https:\/\/secure.gravatar.com\/avatar\/c6e08a497120c58e110f9fc761b0fe771e7120ebcb2789302216f51d5c9243cc?s=96&d=mm&r=g","caption":"Lucia Pedroso"}}]}},"_links":{"self":[{"href":"https:\/\/iicolumnas.es\/index.php\/wp-json\/wp\/v2\/posts\/20087","targetHints":{"allow":["GET"]}}],"collection":[{"href":"https:\/\/iicolumnas.es\/index.php\/wp-json\/wp\/v2\/posts"}],"about":[{"href":"https:\/\/iicolumnas.es\/index.php\/wp-json\/wp\/v2\/types\/post"}],"author":[{"embeddable":true,"href":"https:\/\/iicolumnas.es\/index.php\/wp-json\/wp\/v2\/users\/18"}],"replies":[{"embeddable":true,"href":"https:\/\/iicolumnas.es\/index.php\/wp-json\/wp\/v2\/comments?post=20087"}],"version-history":[{"count":5,"href":"https:\/\/iicolumnas.es\/index.php\/wp-json\/wp\/v2\/posts\/20087\/revisions"}],"predecessor-version":[{"id":20098,"href":"https:\/\/iicolumnas.es\/index.php\/wp-json\/wp\/v2\/posts\/20087\/revisions\/20098"}],"wp:featuredmedia":[{"embeddable":true,"href":"https:\/\/iicolumnas.es\/index.php\/wp-json\/wp\/v2\/media\/20094"}],"wp:attachment":[{"href":"https:\/\/iicolumnas.es\/index.php\/wp-json\/wp\/v2\/media?parent=20087"}],"wp:term":[{"taxonomy":"category","embeddable":true,"href":"https:\/\/iicolumnas.es\/index.php\/wp-json\/wp\/v2\/categories?post=20087"},{"taxonomy":"post_tag","embeddable":true,"href":"https:\/\/iicolumnas.es\/index.php\/wp-json\/wp\/v2\/tags?post=20087"}],"curies":[{"name":"wp","href":"https:\/\/api.w.org\/{rel}","templated":true}]}}