{"id":20064,"date":"2019-04-02T14:43:17","date_gmt":"2019-04-02T14:43:17","guid":{"rendered":"https:\/\/iicolumnas.es\/?p=20064"},"modified":"2019-04-02T14:43:17","modified_gmt":"2019-04-02T14:43:17","slug":"hoy-comienza-la-campana-de-la-renta-2018-2019","status":"publish","type":"post","link":"https:\/\/iicolumnas.es\/index.php\/actualidad\/2019\/04\/02\/hoy-comienza-la-campana-de-la-renta-2018-2019\/","title":{"rendered":"Hoy comienza la campa\u00f1a de la Renta 2018-2019"},"content":{"rendered":"<p><img loading=\"lazy\" decoding=\"async\" class=\"wp-image-20066 alignright\" src=\"https:\/\/iicolumnas.es\/wp-content\/uploads\/2019\/04\/devolucion-declaracion-renta-2016-2017-1-300x200.jpg\" alt=\"\" width=\"418\" height=\"274\" \/><\/p>\n<p style=\"text-align: justify;\">En el d\u00eda de hoy ha dado comienzo la campa\u00f1a de la declaraci\u00f3n de la Renta 2018-2019, que se prolongar\u00e1 desde el d\u00eda de hoy, 2 de abril, hasta el 1 de julio.<\/p>\n<p style=\"text-align: justify;\">Se podr\u00e1 presentar por Internet a trav\u00e9s del sistema renta web o por tel\u00e9fono. Aquellos contribuyentes que prefieran que sea la Agencia Tributaria la que les llame para realizar la presentaci\u00f3n pueden concertar cita, a partir del 1 de abril, por Internet y en los siguientes n\u00fameros de tel\u00e9fono: 901121224 \/ 915357326 (autom\u00e1tico) o 901223344 \/ 915530071 (atenci\u00f3n personal de lunes a viernes de 9 a 19 horas).<\/p>\n<p>A trav\u00e9s del siguiente enlace pod\u00e9is acceder para obtener la declaraci\u00f3n de la renta y consultar toda la informaci\u00f3n.<\/p>\n<p><a href=\"https:\/\/www.agenciatributaria.es\/AEAT.internet\/Renta.shtml\"><span style=\"color: #00ccff;\">Declaraci\u00f3n de la renta<\/span><\/a><\/p>\n","protected":false},"excerpt":{"rendered":"<p>En el d\u00eda de hoy ha dado comienzo la campa\u00f1a de la declaraci\u00f3n de la Renta 2018-2019, que se prolongar\u00e1 desde el d\u00eda de hoy, 2 de abril, hasta el 1 de julio. Se&#46;&#46;&#46;<\/p>\n","protected":false},"author":11,"featured_media":20066,"comment_status":"open","ping_status":"open","sticky":false,"template":"","format":"standard","meta":{"footnotes":""},"categories":[1],"tags":[1811,1809,1810],"class_list":["post-20064","post","type-post","status-publish","format-standard","has-post-thumbnail","hentry","category-actualidad","tag-agencia-tributaria","tag-declaracion-de-la-renta","tag-renta"],"yoast_head":"<!-- This site is optimized with the Yoast SEO plugin v26.6 - https:\/\/yoast.com\/wordpress\/plugins\/seo\/ -->\n<title>Hoy comienza la campa\u00f1a de la Renta 2018-2019 - Dos Columnas<\/title>\n<meta name=\"robots\" content=\"index, follow, max-snippet:-1, max-image-preview:large, max-video-preview:-1\" \/>\n<link rel=\"canonical\" href=\"https:\/\/iicolumnas.es\/index.php\/actualidad\/2019\/04\/02\/hoy-comienza-la-campana-de-la-renta-2018-2019\/\" \/>\n<meta property=\"og:locale\" content=\"es_ES\" \/>\n<meta property=\"og:type\" content=\"article\" \/>\n<meta property=\"og:title\" content=\"Hoy comienza la campa\u00f1a de la Renta 2018-2019 - Dos Columnas\" \/>\n<meta property=\"og:description\" content=\"En el d\u00eda de hoy ha dado comienzo la campa\u00f1a de la declaraci\u00f3n de la Renta 2018-2019, que se prolongar\u00e1 desde el d\u00eda de hoy, 2 de abril, hasta el 1 de julio. Se&#046;&#046;&#046;\" \/>\n<meta property=\"og:url\" content=\"https:\/\/iicolumnas.es\/index.php\/actualidad\/2019\/04\/02\/hoy-comienza-la-campana-de-la-renta-2018-2019\/\" \/>\n<meta property=\"og:site_name\" content=\"Dos Columnas\" \/>\n<meta property=\"article:publisher\" content=\"https:\/\/www.facebook.com\/iicolumnas\/\" \/>\n<meta property=\"article:published_time\" content=\"2019-04-02T14:43:17+00:00\" \/>\n<meta property=\"og:image\" content=\"https:\/\/iicolumnas.es\/wp-content\/uploads\/2019\/04\/devolucion-declaracion-renta-2016-2017-1.jpg\" \/>\n\t<meta property=\"og:image:width\" content=\"691\" \/>\n\t<meta property=\"og:image:height\" content=\"461\" \/>\n\t<meta property=\"og:image:type\" content=\"image\/jpeg\" \/>\n<meta name=\"author\" content=\"Elisabeth Herrero\" \/>\n<meta name=\"twitter:card\" content=\"summary_large_image\" \/>\n<meta name=\"twitter:creator\" content=\"@iicolumnas\" \/>\n<meta name=\"twitter:site\" content=\"@iicolumnas\" \/>\n<meta name=\"twitter:label1\" content=\"Escrito por\" \/>\n\t<meta name=\"twitter:data1\" content=\"Elisabeth Herrero\" \/>\n\t<meta name=\"twitter:label2\" content=\"Tiempo de lectura\" \/>\n\t<meta name=\"twitter:data2\" content=\"1 minuto\" \/>\n<script type=\"application\/ld+json\" class=\"yoast-schema-graph\">{\"@context\":\"https:\/\/schema.org\",\"@graph\":[{\"@type\":\"WebPage\",\"@id\":\"https:\/\/iicolumnas.es\/index.php\/actualidad\/2019\/04\/02\/hoy-comienza-la-campana-de-la-renta-2018-2019\/\",\"url\":\"https:\/\/iicolumnas.es\/index.php\/actualidad\/2019\/04\/02\/hoy-comienza-la-campana-de-la-renta-2018-2019\/\",\"name\":\"Hoy comienza la campa\u00f1a de la Renta 2018-2019 - Dos Columnas\",\"isPartOf\":{\"@id\":\"https:\/\/iicolumnas.es\/#website\"},\"primaryImageOfPage\":{\"@id\":\"https:\/\/iicolumnas.es\/index.php\/actualidad\/2019\/04\/02\/hoy-comienza-la-campana-de-la-renta-2018-2019\/#primaryimage\"},\"image\":{\"@id\":\"https:\/\/iicolumnas.es\/index.php\/actualidad\/2019\/04\/02\/hoy-comienza-la-campana-de-la-renta-2018-2019\/#primaryimage\"},\"thumbnailUrl\":\"https:\/\/iicolumnas.es\/wp-content\/uploads\/2019\/04\/devolucion-declaracion-renta-2016-2017-1.jpg\",\"datePublished\":\"2019-04-02T14:43:17+00:00\",\"author\":{\"@id\":\"https:\/\/iicolumnas.es\/#\/schema\/person\/a7ff663470be5c4a58b4056144602608\"},\"breadcrumb\":{\"@id\":\"https:\/\/iicolumnas.es\/index.php\/actualidad\/2019\/04\/02\/hoy-comienza-la-campana-de-la-renta-2018-2019\/#breadcrumb\"},\"inLanguage\":\"es\",\"potentialAction\":[{\"@type\":\"ReadAction\",\"target\":[\"https:\/\/iicolumnas.es\/index.php\/actualidad\/2019\/04\/02\/hoy-comienza-la-campana-de-la-renta-2018-2019\/\"]}]},{\"@type\":\"ImageObject\",\"inLanguage\":\"es\",\"@id\":\"https:\/\/iicolumnas.es\/index.php\/actualidad\/2019\/04\/02\/hoy-comienza-la-campana-de-la-renta-2018-2019\/#primaryimage\",\"url\":\"https:\/\/iicolumnas.es\/wp-content\/uploads\/2019\/04\/devolucion-declaracion-renta-2016-2017-1.jpg\",\"contentUrl\":\"https:\/\/iicolumnas.es\/wp-content\/uploads\/2019\/04\/devolucion-declaracion-renta-2016-2017-1.jpg\",\"width\":691,\"height\":461},{\"@type\":\"BreadcrumbList\",\"@id\":\"https:\/\/iicolumnas.es\/index.php\/actualidad\/2019\/04\/02\/hoy-comienza-la-campana-de-la-renta-2018-2019\/#breadcrumb\",\"itemListElement\":[{\"@type\":\"ListItem\",\"position\":1,\"name\":\"Portada\",\"item\":\"https:\/\/iicolumnas.es\/\"},{\"@type\":\"ListItem\",\"position\":2,\"name\":\"Actualidad\",\"item\":\"https:\/\/iicolumnas.es\/index.php\/category\/actualidad\/\"},{\"@type\":\"ListItem\",\"position\":3,\"name\":\"Hoy comienza la campa\u00f1a de la Renta 2018-2019\"}]},{\"@type\":\"WebSite\",\"@id\":\"https:\/\/iicolumnas.es\/#website\",\"url\":\"https:\/\/iicolumnas.es\/\",\"name\":\"Dos Columnas\",\"description\":\"El peri\u00f3dico de la villa de Cantalpino\",\"potentialAction\":[{\"@type\":\"SearchAction\",\"target\":{\"@type\":\"EntryPoint\",\"urlTemplate\":\"https:\/\/iicolumnas.es\/?s={search_term_string}\"},\"query-input\":{\"@type\":\"PropertyValueSpecification\",\"valueRequired\":true,\"valueName\":\"search_term_string\"}}],\"inLanguage\":\"es\"},{\"@type\":\"Person\",\"@id\":\"https:\/\/iicolumnas.es\/#\/schema\/person\/a7ff663470be5c4a58b4056144602608\",\"name\":\"Elisabeth Herrero\",\"image\":{\"@type\":\"ImageObject\",\"inLanguage\":\"es\",\"@id\":\"https:\/\/iicolumnas.es\/#\/schema\/person\/image\/\",\"url\":\"https:\/\/secure.gravatar.com\/avatar\/940d2d17ae8f8dbc80e004b6d5cf732529898723a62eb676e66b87e474e93db4?s=96&d=mm&r=g\",\"contentUrl\":\"https:\/\/secure.gravatar.com\/avatar\/940d2d17ae8f8dbc80e004b6d5cf732529898723a62eb676e66b87e474e93db4?s=96&d=mm&r=g\",\"caption\":\"Elisabeth Herrero\"}}]}<\/script>\n<!-- \/ Yoast SEO plugin. -->","yoast_head_json":{"title":"Hoy comienza la campa\u00f1a de la Renta 2018-2019 - Dos Columnas","robots":{"index":"index","follow":"follow","max-snippet":"max-snippet:-1","max-image-preview":"max-image-preview:large","max-video-preview":"max-video-preview:-1"},"canonical":"https:\/\/iicolumnas.es\/index.php\/actualidad\/2019\/04\/02\/hoy-comienza-la-campana-de-la-renta-2018-2019\/","og_locale":"es_ES","og_type":"article","og_title":"Hoy comienza la campa\u00f1a de la Renta 2018-2019 - Dos Columnas","og_description":"En el d\u00eda de hoy ha dado comienzo la campa\u00f1a de la declaraci\u00f3n de la Renta 2018-2019, que se prolongar\u00e1 desde el d\u00eda de hoy, 2 de abril, hasta el 1 de julio. Se&#46;&#46;&#46;","og_url":"https:\/\/iicolumnas.es\/index.php\/actualidad\/2019\/04\/02\/hoy-comienza-la-campana-de-la-renta-2018-2019\/","og_site_name":"Dos Columnas","article_publisher":"https:\/\/www.facebook.com\/iicolumnas\/","article_published_time":"2019-04-02T14:43:17+00:00","og_image":[{"width":691,"height":461,"url":"https:\/\/iicolumnas.es\/wp-content\/uploads\/2019\/04\/devolucion-declaracion-renta-2016-2017-1.jpg","type":"image\/jpeg"}],"author":"Elisabeth Herrero","twitter_card":"summary_large_image","twitter_creator":"@iicolumnas","twitter_site":"@iicolumnas","twitter_misc":{"Escrito por":"Elisabeth Herrero","Tiempo de lectura":"1 minuto"},"schema":{"@context":"https:\/\/schema.org","@graph":[{"@type":"WebPage","@id":"https:\/\/iicolumnas.es\/index.php\/actualidad\/2019\/04\/02\/hoy-comienza-la-campana-de-la-renta-2018-2019\/","url":"https:\/\/iicolumnas.es\/index.php\/actualidad\/2019\/04\/02\/hoy-comienza-la-campana-de-la-renta-2018-2019\/","name":"Hoy comienza la campa\u00f1a de la Renta 2018-2019 - Dos Columnas","isPartOf":{"@id":"https:\/\/iicolumnas.es\/#website"},"primaryImageOfPage":{"@id":"https:\/\/iicolumnas.es\/index.php\/actualidad\/2019\/04\/02\/hoy-comienza-la-campana-de-la-renta-2018-2019\/#primaryimage"},"image":{"@id":"https:\/\/iicolumnas.es\/index.php\/actualidad\/2019\/04\/02\/hoy-comienza-la-campana-de-la-renta-2018-2019\/#primaryimage"},"thumbnailUrl":"https:\/\/iicolumnas.es\/wp-content\/uploads\/2019\/04\/devolucion-declaracion-renta-2016-2017-1.jpg","datePublished":"2019-04-02T14:43:17+00:00","author":{"@id":"https:\/\/iicolumnas.es\/#\/schema\/person\/a7ff663470be5c4a58b4056144602608"},"breadcrumb":{"@id":"https:\/\/iicolumnas.es\/index.php\/actualidad\/2019\/04\/02\/hoy-comienza-la-campana-de-la-renta-2018-2019\/#breadcrumb"},"inLanguage":"es","potentialAction":[{"@type":"ReadAction","target":["https:\/\/iicolumnas.es\/index.php\/actualidad\/2019\/04\/02\/hoy-comienza-la-campana-de-la-renta-2018-2019\/"]}]},{"@type":"ImageObject","inLanguage":"es","@id":"https:\/\/iicolumnas.es\/index.php\/actualidad\/2019\/04\/02\/hoy-comienza-la-campana-de-la-renta-2018-2019\/#primaryimage","url":"https:\/\/iicolumnas.es\/wp-content\/uploads\/2019\/04\/devolucion-declaracion-renta-2016-2017-1.jpg","contentUrl":"https:\/\/iicolumnas.es\/wp-content\/uploads\/2019\/04\/devolucion-declaracion-renta-2016-2017-1.jpg","width":691,"height":461},{"@type":"BreadcrumbList","@id":"https:\/\/iicolumnas.es\/index.php\/actualidad\/2019\/04\/02\/hoy-comienza-la-campana-de-la-renta-2018-2019\/#breadcrumb","itemListElement":[{"@type":"ListItem","position":1,"name":"Portada","item":"https:\/\/iicolumnas.es\/"},{"@type":"ListItem","position":2,"name":"Actualidad","item":"https:\/\/iicolumnas.es\/index.php\/category\/actualidad\/"},{"@type":"ListItem","position":3,"name":"Hoy comienza la campa\u00f1a de la Renta 2018-2019"}]},{"@type":"WebSite","@id":"https:\/\/iicolumnas.es\/#website","url":"https:\/\/iicolumnas.es\/","name":"Dos Columnas","description":"El peri\u00f3dico de la villa de Cantalpino","potentialAction":[{"@type":"SearchAction","target":{"@type":"EntryPoint","urlTemplate":"https:\/\/iicolumnas.es\/?s={search_term_string}"},"query-input":{"@type":"PropertyValueSpecification","valueRequired":true,"valueName":"search_term_string"}}],"inLanguage":"es"},{"@type":"Person","@id":"https:\/\/iicolumnas.es\/#\/schema\/person\/a7ff663470be5c4a58b4056144602608","name":"Elisabeth Herrero","image":{"@type":"ImageObject","inLanguage":"es","@id":"https:\/\/iicolumnas.es\/#\/schema\/person\/image\/","url":"https:\/\/secure.gravatar.com\/avatar\/940d2d17ae8f8dbc80e004b6d5cf732529898723a62eb676e66b87e474e93db4?s=96&d=mm&r=g","contentUrl":"https:\/\/secure.gravatar.com\/avatar\/940d2d17ae8f8dbc80e004b6d5cf732529898723a62eb676e66b87e474e93db4?s=96&d=mm&r=g","caption":"Elisabeth Herrero"}}]}},"_links":{"self":[{"href":"https:\/\/iicolumnas.es\/index.php\/wp-json\/wp\/v2\/posts\/20064","targetHints":{"allow":["GET"]}}],"collection":[{"href":"https:\/\/iicolumnas.es\/index.php\/wp-json\/wp\/v2\/posts"}],"about":[{"href":"https:\/\/iicolumnas.es\/index.php\/wp-json\/wp\/v2\/types\/post"}],"author":[{"embeddable":true,"href":"https:\/\/iicolumnas.es\/index.php\/wp-json\/wp\/v2\/users\/11"}],"replies":[{"embeddable":true,"href":"https:\/\/iicolumnas.es\/index.php\/wp-json\/wp\/v2\/comments?post=20064"}],"version-history":[{"count":2,"href":"https:\/\/iicolumnas.es\/index.php\/wp-json\/wp\/v2\/posts\/20064\/revisions"}],"predecessor-version":[{"id":20067,"href":"https:\/\/iicolumnas.es\/index.php\/wp-json\/wp\/v2\/posts\/20064\/revisions\/20067"}],"wp:featuredmedia":[{"embeddable":true,"href":"https:\/\/iicolumnas.es\/index.php\/wp-json\/wp\/v2\/media\/20066"}],"wp:attachment":[{"href":"https:\/\/iicolumnas.es\/index.php\/wp-json\/wp\/v2\/media?parent=20064"}],"wp:term":[{"taxonomy":"category","embeddable":true,"href":"https:\/\/iicolumnas.es\/index.php\/wp-json\/wp\/v2\/categories?post=20064"},{"taxonomy":"post_tag","embeddable":true,"href":"https:\/\/iicolumnas.es\/index.php\/wp-json\/wp\/v2\/tags?post=20064"}],"curies":[{"name":"wp","href":"https:\/\/api.w.org\/{rel}","templated":true}]}}