{"id":20044,"date":"2019-03-31T17:06:24","date_gmt":"2019-03-31T17:06:24","guid":{"rendered":"https:\/\/iicolumnas.es\/?p=20044"},"modified":"2019-03-31T17:07:01","modified_gmt":"2019-03-31T17:07:01","slug":"yo-tambien-soy-rural","status":"publish","type":"post","link":"https:\/\/iicolumnas.es\/index.php\/actualidad\/2019\/03\/31\/yo-tambien-soy-rural\/","title":{"rendered":"Yo tambi\u00e9n soy rural"},"content":{"rendered":"<p style=\"text-align: justify;\">Con motivo de la convocatoria de hoy 31 de Marzo, sobre las despoblaci\u00f3n rural, Pedro Perez Gonzalez comparte con todos nosotros la siguiente poes\u00eda.<\/p>\n<p style=\"text-align: justify;\"><span style=\"color: #36fefe;\"><a style=\"color: #36fefe;\" href=\"https:\/\/iicolumnas.es\/wp-content\/uploads\/2019\/03\/Publicacion-Pedro-despoblacion-rural-marzo-2019.pdf\" target=\"_blank\" rel=\"noopener\"><strong>Publicacion Pedro despoblacion rural marzo 2019<\/strong><\/a><\/span><\/p>\n<p style=\"text-align: justify;\"><img loading=\"lazy\" decoding=\"async\" class=\"aligncenter size-full wp-image-20047\" src=\"https:\/\/iicolumnas.es\/wp-content\/uploads\/2019\/03\/pedro-imagen-poesia-campo-2.png\" alt=\"\" width=\"566\" height=\"353\" srcset=\"https:\/\/iicolumnas.es\/wp-content\/uploads\/2019\/03\/pedro-imagen-poesia-campo-2.png 566w, https:\/\/iicolumnas.es\/wp-content\/uploads\/2019\/03\/pedro-imagen-poesia-campo-2-300x187.png 300w\" sizes=\"auto, (max-width: 566px) 100vw, 566px\" \/><\/p>\n<p style=\"text-align: justify;\">Muchas gracias Pedro por tus palabras y dedicaci\u00f3n.<\/p>\n","protected":false},"excerpt":{"rendered":"<p>Con motivo de la convocatoria de hoy 31 de Marzo, sobre las despoblaci\u00f3n rural, Pedro Perez Gonzalez comparte con todos nosotros la siguiente poes\u00eda. Publicacion Pedro despoblacion rural marzo 2019 Muchas gracias Pedro por&#46;&#46;&#46;<\/p>\n","protected":false},"author":15,"featured_media":20046,"comment_status":"open","ping_status":"open","sticky":false,"template":"","format":"standard","meta":{"footnotes":""},"categories":[1],"tags":[1795,1798,302],"class_list":["post-20044","post","type-post","status-publish","format-standard","has-post-thumbnail","hentry","category-actualidad","tag-marzo-2019","tag-pedro-perez-gonzalez","tag-poesia"],"yoast_head":"<!-- This site is optimized with the Yoast SEO plugin v26.6 - https:\/\/yoast.com\/wordpress\/plugins\/seo\/ -->\n<title>Yo tambi\u00e9n soy rural - Dos Columnas<\/title>\n<meta name=\"robots\" content=\"index, follow, max-snippet:-1, max-image-preview:large, max-video-preview:-1\" \/>\n<link rel=\"canonical\" href=\"https:\/\/iicolumnas.es\/index.php\/actualidad\/2019\/03\/31\/yo-tambien-soy-rural\/\" \/>\n<meta property=\"og:locale\" content=\"es_ES\" \/>\n<meta property=\"og:type\" content=\"article\" \/>\n<meta property=\"og:title\" content=\"Yo tambi\u00e9n soy rural - Dos Columnas\" \/>\n<meta property=\"og:description\" content=\"Con motivo de la convocatoria de hoy 31 de Marzo, sobre las despoblaci\u00f3n rural, Pedro Perez Gonzalez comparte con todos nosotros la siguiente poes\u00eda. Publicacion Pedro despoblacion rural marzo 2019 Muchas gracias Pedro por&#046;&#046;&#046;\" \/>\n<meta property=\"og:url\" content=\"https:\/\/iicolumnas.es\/index.php\/actualidad\/2019\/03\/31\/yo-tambien-soy-rural\/\" \/>\n<meta property=\"og:site_name\" content=\"Dos Columnas\" \/>\n<meta property=\"article:publisher\" content=\"https:\/\/www.facebook.com\/iicolumnas\/\" \/>\n<meta property=\"article:published_time\" content=\"2019-03-31T17:06:24+00:00\" \/>\n<meta property=\"article:modified_time\" content=\"2019-03-31T17:07:01+00:00\" \/>\n<meta property=\"og:image\" content=\"https:\/\/iicolumnas.es\/wp-content\/uploads\/2019\/03\/pedro-imagen-poesia-campo.png\" \/>\n\t<meta property=\"og:image:width\" content=\"451\" \/>\n\t<meta property=\"og:image:height\" content=\"330\" \/>\n\t<meta property=\"og:image:type\" content=\"image\/png\" \/>\n<meta name=\"author\" content=\"Jonathan Mart\u00edn\" \/>\n<meta name=\"twitter:card\" content=\"summary_large_image\" \/>\n<meta name=\"twitter:creator\" content=\"@iicolumnas\" \/>\n<meta name=\"twitter:site\" content=\"@iicolumnas\" \/>\n<meta name=\"twitter:label1\" content=\"Escrito por\" \/>\n\t<meta name=\"twitter:data1\" content=\"Jonathan Mart\u00edn\" \/>\n<script type=\"application\/ld+json\" class=\"yoast-schema-graph\">{\"@context\":\"https:\/\/schema.org\",\"@graph\":[{\"@type\":\"WebPage\",\"@id\":\"https:\/\/iicolumnas.es\/index.php\/actualidad\/2019\/03\/31\/yo-tambien-soy-rural\/\",\"url\":\"https:\/\/iicolumnas.es\/index.php\/actualidad\/2019\/03\/31\/yo-tambien-soy-rural\/\",\"name\":\"Yo tambi\u00e9n soy rural - Dos Columnas\",\"isPartOf\":{\"@id\":\"https:\/\/iicolumnas.es\/#website\"},\"primaryImageOfPage\":{\"@id\":\"https:\/\/iicolumnas.es\/index.php\/actualidad\/2019\/03\/31\/yo-tambien-soy-rural\/#primaryimage\"},\"image\":{\"@id\":\"https:\/\/iicolumnas.es\/index.php\/actualidad\/2019\/03\/31\/yo-tambien-soy-rural\/#primaryimage\"},\"thumbnailUrl\":\"https:\/\/iicolumnas.es\/wp-content\/uploads\/2019\/03\/pedro-imagen-poesia-campo.png\",\"datePublished\":\"2019-03-31T17:06:24+00:00\",\"dateModified\":\"2019-03-31T17:07:01+00:00\",\"author\":{\"@id\":\"https:\/\/iicolumnas.es\/#\/schema\/person\/9454e693a00b654499448fce52078962\"},\"breadcrumb\":{\"@id\":\"https:\/\/iicolumnas.es\/index.php\/actualidad\/2019\/03\/31\/yo-tambien-soy-rural\/#breadcrumb\"},\"inLanguage\":\"es\",\"potentialAction\":[{\"@type\":\"ReadAction\",\"target\":[\"https:\/\/iicolumnas.es\/index.php\/actualidad\/2019\/03\/31\/yo-tambien-soy-rural\/\"]}]},{\"@type\":\"ImageObject\",\"inLanguage\":\"es\",\"@id\":\"https:\/\/iicolumnas.es\/index.php\/actualidad\/2019\/03\/31\/yo-tambien-soy-rural\/#primaryimage\",\"url\":\"https:\/\/iicolumnas.es\/wp-content\/uploads\/2019\/03\/pedro-imagen-poesia-campo.png\",\"contentUrl\":\"https:\/\/iicolumnas.es\/wp-content\/uploads\/2019\/03\/pedro-imagen-poesia-campo.png\",\"width\":451,\"height\":330},{\"@type\":\"BreadcrumbList\",\"@id\":\"https:\/\/iicolumnas.es\/index.php\/actualidad\/2019\/03\/31\/yo-tambien-soy-rural\/#breadcrumb\",\"itemListElement\":[{\"@type\":\"ListItem\",\"position\":1,\"name\":\"Portada\",\"item\":\"https:\/\/iicolumnas.es\/\"},{\"@type\":\"ListItem\",\"position\":2,\"name\":\"Actualidad\",\"item\":\"https:\/\/iicolumnas.es\/index.php\/category\/actualidad\/\"},{\"@type\":\"ListItem\",\"position\":3,\"name\":\"Yo tambi\u00e9n soy rural\"}]},{\"@type\":\"WebSite\",\"@id\":\"https:\/\/iicolumnas.es\/#website\",\"url\":\"https:\/\/iicolumnas.es\/\",\"name\":\"Dos Columnas\",\"description\":\"El peri\u00f3dico de la villa de Cantalpino\",\"potentialAction\":[{\"@type\":\"SearchAction\",\"target\":{\"@type\":\"EntryPoint\",\"urlTemplate\":\"https:\/\/iicolumnas.es\/?s={search_term_string}\"},\"query-input\":{\"@type\":\"PropertyValueSpecification\",\"valueRequired\":true,\"valueName\":\"search_term_string\"}}],\"inLanguage\":\"es\"},{\"@type\":\"Person\",\"@id\":\"https:\/\/iicolumnas.es\/#\/schema\/person\/9454e693a00b654499448fce52078962\",\"name\":\"Jonathan Mart\u00edn\",\"image\":{\"@type\":\"ImageObject\",\"inLanguage\":\"es\",\"@id\":\"https:\/\/iicolumnas.es\/#\/schema\/person\/image\/\",\"url\":\"https:\/\/secure.gravatar.com\/avatar\/8f84b73d8cfcbec514e94597235e91417ea919340a79e734ab4f39abe5099950?s=96&d=mm&r=g\",\"contentUrl\":\"https:\/\/secure.gravatar.com\/avatar\/8f84b73d8cfcbec514e94597235e91417ea919340a79e734ab4f39abe5099950?s=96&d=mm&r=g\",\"caption\":\"Jonathan Mart\u00edn\"}}]}<\/script>\n<!-- \/ Yoast SEO plugin. -->","yoast_head_json":{"title":"Yo tambi\u00e9n soy rural - Dos Columnas","robots":{"index":"index","follow":"follow","max-snippet":"max-snippet:-1","max-image-preview":"max-image-preview:large","max-video-preview":"max-video-preview:-1"},"canonical":"https:\/\/iicolumnas.es\/index.php\/actualidad\/2019\/03\/31\/yo-tambien-soy-rural\/","og_locale":"es_ES","og_type":"article","og_title":"Yo tambi\u00e9n soy rural - Dos Columnas","og_description":"Con motivo de la convocatoria de hoy 31 de Marzo, sobre las despoblaci\u00f3n rural, Pedro Perez Gonzalez comparte con todos nosotros la siguiente poes\u00eda. Publicacion Pedro despoblacion rural marzo 2019 Muchas gracias Pedro por&#46;&#46;&#46;","og_url":"https:\/\/iicolumnas.es\/index.php\/actualidad\/2019\/03\/31\/yo-tambien-soy-rural\/","og_site_name":"Dos Columnas","article_publisher":"https:\/\/www.facebook.com\/iicolumnas\/","article_published_time":"2019-03-31T17:06:24+00:00","article_modified_time":"2019-03-31T17:07:01+00:00","og_image":[{"width":451,"height":330,"url":"https:\/\/iicolumnas.es\/wp-content\/uploads\/2019\/03\/pedro-imagen-poesia-campo.png","type":"image\/png"}],"author":"Jonathan Mart\u00edn","twitter_card":"summary_large_image","twitter_creator":"@iicolumnas","twitter_site":"@iicolumnas","twitter_misc":{"Escrito por":"Jonathan Mart\u00edn"},"schema":{"@context":"https:\/\/schema.org","@graph":[{"@type":"WebPage","@id":"https:\/\/iicolumnas.es\/index.php\/actualidad\/2019\/03\/31\/yo-tambien-soy-rural\/","url":"https:\/\/iicolumnas.es\/index.php\/actualidad\/2019\/03\/31\/yo-tambien-soy-rural\/","name":"Yo tambi\u00e9n soy rural - Dos Columnas","isPartOf":{"@id":"https:\/\/iicolumnas.es\/#website"},"primaryImageOfPage":{"@id":"https:\/\/iicolumnas.es\/index.php\/actualidad\/2019\/03\/31\/yo-tambien-soy-rural\/#primaryimage"},"image":{"@id":"https:\/\/iicolumnas.es\/index.php\/actualidad\/2019\/03\/31\/yo-tambien-soy-rural\/#primaryimage"},"thumbnailUrl":"https:\/\/iicolumnas.es\/wp-content\/uploads\/2019\/03\/pedro-imagen-poesia-campo.png","datePublished":"2019-03-31T17:06:24+00:00","dateModified":"2019-03-31T17:07:01+00:00","author":{"@id":"https:\/\/iicolumnas.es\/#\/schema\/person\/9454e693a00b654499448fce52078962"},"breadcrumb":{"@id":"https:\/\/iicolumnas.es\/index.php\/actualidad\/2019\/03\/31\/yo-tambien-soy-rural\/#breadcrumb"},"inLanguage":"es","potentialAction":[{"@type":"ReadAction","target":["https:\/\/iicolumnas.es\/index.php\/actualidad\/2019\/03\/31\/yo-tambien-soy-rural\/"]}]},{"@type":"ImageObject","inLanguage":"es","@id":"https:\/\/iicolumnas.es\/index.php\/actualidad\/2019\/03\/31\/yo-tambien-soy-rural\/#primaryimage","url":"https:\/\/iicolumnas.es\/wp-content\/uploads\/2019\/03\/pedro-imagen-poesia-campo.png","contentUrl":"https:\/\/iicolumnas.es\/wp-content\/uploads\/2019\/03\/pedro-imagen-poesia-campo.png","width":451,"height":330},{"@type":"BreadcrumbList","@id":"https:\/\/iicolumnas.es\/index.php\/actualidad\/2019\/03\/31\/yo-tambien-soy-rural\/#breadcrumb","itemListElement":[{"@type":"ListItem","position":1,"name":"Portada","item":"https:\/\/iicolumnas.es\/"},{"@type":"ListItem","position":2,"name":"Actualidad","item":"https:\/\/iicolumnas.es\/index.php\/category\/actualidad\/"},{"@type":"ListItem","position":3,"name":"Yo tambi\u00e9n soy rural"}]},{"@type":"WebSite","@id":"https:\/\/iicolumnas.es\/#website","url":"https:\/\/iicolumnas.es\/","name":"Dos Columnas","description":"El peri\u00f3dico de la villa de Cantalpino","potentialAction":[{"@type":"SearchAction","target":{"@type":"EntryPoint","urlTemplate":"https:\/\/iicolumnas.es\/?s={search_term_string}"},"query-input":{"@type":"PropertyValueSpecification","valueRequired":true,"valueName":"search_term_string"}}],"inLanguage":"es"},{"@type":"Person","@id":"https:\/\/iicolumnas.es\/#\/schema\/person\/9454e693a00b654499448fce52078962","name":"Jonathan Mart\u00edn","image":{"@type":"ImageObject","inLanguage":"es","@id":"https:\/\/iicolumnas.es\/#\/schema\/person\/image\/","url":"https:\/\/secure.gravatar.com\/avatar\/8f84b73d8cfcbec514e94597235e91417ea919340a79e734ab4f39abe5099950?s=96&d=mm&r=g","contentUrl":"https:\/\/secure.gravatar.com\/avatar\/8f84b73d8cfcbec514e94597235e91417ea919340a79e734ab4f39abe5099950?s=96&d=mm&r=g","caption":"Jonathan Mart\u00edn"}}]}},"_links":{"self":[{"href":"https:\/\/iicolumnas.es\/index.php\/wp-json\/wp\/v2\/posts\/20044","targetHints":{"allow":["GET"]}}],"collection":[{"href":"https:\/\/iicolumnas.es\/index.php\/wp-json\/wp\/v2\/posts"}],"about":[{"href":"https:\/\/iicolumnas.es\/index.php\/wp-json\/wp\/v2\/types\/post"}],"author":[{"embeddable":true,"href":"https:\/\/iicolumnas.es\/index.php\/wp-json\/wp\/v2\/users\/15"}],"replies":[{"embeddable":true,"href":"https:\/\/iicolumnas.es\/index.php\/wp-json\/wp\/v2\/comments?post=20044"}],"version-history":[{"count":4,"href":"https:\/\/iicolumnas.es\/index.php\/wp-json\/wp\/v2\/posts\/20044\/revisions"}],"predecessor-version":[{"id":20051,"href":"https:\/\/iicolumnas.es\/index.php\/wp-json\/wp\/v2\/posts\/20044\/revisions\/20051"}],"wp:featuredmedia":[{"embeddable":true,"href":"https:\/\/iicolumnas.es\/index.php\/wp-json\/wp\/v2\/media\/20046"}],"wp:attachment":[{"href":"https:\/\/iicolumnas.es\/index.php\/wp-json\/wp\/v2\/media?parent=20044"}],"wp:term":[{"taxonomy":"category","embeddable":true,"href":"https:\/\/iicolumnas.es\/index.php\/wp-json\/wp\/v2\/categories?post=20044"},{"taxonomy":"post_tag","embeddable":true,"href":"https:\/\/iicolumnas.es\/index.php\/wp-json\/wp\/v2\/tags?post=20044"}],"curies":[{"name":"wp","href":"https:\/\/api.w.org\/{rel}","templated":true}]}}