{"id":19917,"date":"2019-03-14T20:34:21","date_gmt":"2019-03-14T20:34:21","guid":{"rendered":"https:\/\/iicolumnas.es\/?p=19917"},"modified":"2019-03-14T20:34:21","modified_gmt":"2019-03-14T20:34:21","slug":"cronicas-de-infancia","status":"publish","type":"post","link":"https:\/\/iicolumnas.es\/index.php\/actualidad\/2019\/03\/14\/cronicas-de-infancia\/","title":{"rendered":"Cr\u00f3nicas de Infancia"},"content":{"rendered":"<p style=\"text-align: center;\"><i><span style=\"font-weight: 400;\">Yo nac\u00ed en este pueblo<\/span><\/i><\/p>\n<p style=\"text-align: center;\"><i><span style=\"font-weight: 400;\">En una familia labriega<\/span><\/i><\/p>\n<p style=\"text-align: center;\"><i><span style=\"font-weight: 400;\">que ten\u00eda por principios<\/span><\/i><\/p>\n<p style=\"text-align: center;\"><i><span style=\"font-weight: 400;\">darme una educaci\u00f3n buena<\/span><\/i><\/p>\n<p style=\"text-align: center;\"><i><span style=\"font-weight: 400;\">A la escuela me mandaron<\/span><\/i><\/p>\n<p style=\"text-align: center;\"><i><span style=\"font-weight: 400;\">aprender cifras y letras<\/span><\/i><\/p>\n<p style=\"text-align: center;\"><i><span style=\"font-weight: 400;\">para un d\u00eda en el ma\u00f1ana<\/span><\/i><\/p>\n<p style=\"text-align: center;\"><i><span style=\"font-weight: 400;\">ser un hombre en esta tierra<\/span><\/i><\/p>\n<p style=\"text-align: center;\"><i><span style=\"font-weight: 400;\">\u00a1Que recuerdos de mi ni\u00f1ez!<\/span><\/i><\/p>\n<p style=\"text-align: center;\"><i><span style=\"font-weight: 400;\">Escuela, recreo, juegos cifras y letras<\/span><\/i><\/p>\n<p style=\"text-align: center;\"><i><span style=\"font-weight: 400;\">Con aquellas faltas de Ortograf\u00eda<\/span><\/i><\/p>\n<p style=\"text-align: center;\"><i><span style=\"font-weight: 400;\">que repet\u00eda para no hacerlas<\/span><\/i><\/p>\n<p style=\"text-align: center;\"><i><span style=\"font-weight: 400;\">El paseo a los pinares, los jueves de Primavera<\/span><\/i><\/p>\n<p style=\"text-align: center;\"><i><span style=\"font-weight: 400;\">\u00a1Cuantos juegos por las calles!<\/span><\/i><\/p>\n<p style=\"text-align: center;\"><i><span style=\"font-weight: 400;\">Empedradas y con tierra<\/span><\/i><\/p>\n<p style=\"text-align: center;\"><i><span style=\"font-weight: 400;\">con alg\u00fan que otro piteron<\/span><\/i><\/p>\n<p style=\"text-align: center;\"><i><span style=\"font-weight: 400;\">de un carburo o una piedra<\/span><\/i><\/p>\n<p style=\"text-align: center;\"><i><span style=\"font-weight: 400;\">Aquel toque de las Campanas<\/span><\/i><\/p>\n<p style=\"text-align: center;\"><i><span style=\"font-weight: 400;\">El olor de humear las chimeneas<\/span><\/i><\/p>\n<p style=\"text-align: center;\"><i><span style=\"font-weight: 400;\">Aquella voz de madre que avisaba<\/span><\/i><\/p>\n<p style=\"text-align: center;\"><i><span style=\"font-weight: 400;\">\u00a1Tos pa dentro\u2026ya est\u00e1 la cena!<\/span><\/i><\/p>\n<p style=\"text-align: center;\"><i><span style=\"font-weight: 400;\">Hoy recuerdo aquella mi ni\u00f1ez<\/span><\/i><\/p>\n<p style=\"text-align: center;\"><i><span style=\"font-weight: 400;\">con nostalgia, alegr\u00eda y tambi\u00e9n pena<\/span><\/i><\/p>\n<p style=\"text-align: center;\"><i><span style=\"font-weight: 400;\">son, esas cosas de la vida<\/span><\/i><\/p>\n<p style=\"text-align: center;\"><i><span style=\"font-weight: 400;\">que pasaron y nunca m\u00e1s regresan<\/span><\/i><\/p>\n<p style=\"text-align: center;\"><img loading=\"lazy\" decoding=\"async\" class=\"size-full wp-image-19918 aligncenter\" src=\"https:\/\/iicolumnas.es\/wp-content\/uploads\/2019\/03\/IMG-20190314-WA0012.jpg\" alt=\"\" width=\"275\" height=\"183\" \/><\/p>\n<p style=\"text-align: right;\"><i><span style=\"font-weight: 400;\">Pedro P\u00e9rez Gonz\u00e1lez<\/span><\/i><\/p>\n","protected":false},"excerpt":{"rendered":"<p>Yo nac\u00ed en este pueblo En una familia labriega que ten\u00eda por principios darme una educaci\u00f3n buena A la escuela me mandaron aprender cifras y letras para un d\u00eda en el ma\u00f1ana ser un&#46;&#46;&#46;<\/p>\n","protected":false},"author":15,"featured_media":19919,"comment_status":"open","ping_status":"open","sticky":false,"template":"","format":"standard","meta":{"footnotes":""},"categories":[1,3],"tags":[1799,1800,1798],"class_list":["post-19917","post","type-post","status-publish","format-standard","has-post-thumbnail","hentry","category-actualidad","category-colaboraciones","tag-cronica","tag-infancia","tag-pedro-perez-gonzalez"],"yoast_head":"<!-- This site is optimized with the Yoast SEO plugin v26.6 - https:\/\/yoast.com\/wordpress\/plugins\/seo\/ -->\n<title>Cr\u00f3nicas de Infancia - Dos Columnas<\/title>\n<meta name=\"robots\" content=\"index, follow, max-snippet:-1, max-image-preview:large, max-video-preview:-1\" \/>\n<link rel=\"canonical\" href=\"https:\/\/iicolumnas.es\/index.php\/actualidad\/2019\/03\/14\/cronicas-de-infancia\/\" \/>\n<meta property=\"og:locale\" content=\"es_ES\" \/>\n<meta property=\"og:type\" content=\"article\" \/>\n<meta property=\"og:title\" content=\"Cr\u00f3nicas de Infancia - Dos Columnas\" \/>\n<meta property=\"og:description\" content=\"Yo nac\u00ed en este pueblo En una familia labriega que ten\u00eda por principios darme una educaci\u00f3n buena A la escuela me mandaron aprender cifras y letras para un d\u00eda en el ma\u00f1ana ser un&#046;&#046;&#046;\" \/>\n<meta property=\"og:url\" content=\"https:\/\/iicolumnas.es\/index.php\/actualidad\/2019\/03\/14\/cronicas-de-infancia\/\" \/>\n<meta property=\"og:site_name\" content=\"Dos Columnas\" \/>\n<meta property=\"article:publisher\" content=\"https:\/\/www.facebook.com\/iicolumnas\/\" \/>\n<meta property=\"article:published_time\" content=\"2019-03-14T20:34:21+00:00\" \/>\n<meta property=\"og:image\" content=\"https:\/\/iicolumnas.es\/wp-content\/uploads\/2019\/03\/IMG-20190314-WA0013.jpg\" \/>\n\t<meta property=\"og:image:width\" content=\"800\" \/>\n\t<meta property=\"og:image:height\" content=\"532\" \/>\n\t<meta property=\"og:image:type\" content=\"image\/jpeg\" \/>\n<meta name=\"author\" content=\"Jonathan Mart\u00edn\" \/>\n<meta name=\"twitter:card\" content=\"summary_large_image\" \/>\n<meta name=\"twitter:creator\" content=\"@iicolumnas\" \/>\n<meta name=\"twitter:site\" content=\"@iicolumnas\" \/>\n<meta name=\"twitter:label1\" content=\"Escrito por\" \/>\n\t<meta name=\"twitter:data1\" content=\"Jonathan Mart\u00edn\" \/>\n\t<meta name=\"twitter:label2\" content=\"Tiempo de lectura\" \/>\n\t<meta name=\"twitter:data2\" content=\"1 minuto\" \/>\n<script type=\"application\/ld+json\" class=\"yoast-schema-graph\">{\"@context\":\"https:\/\/schema.org\",\"@graph\":[{\"@type\":\"WebPage\",\"@id\":\"https:\/\/iicolumnas.es\/index.php\/actualidad\/2019\/03\/14\/cronicas-de-infancia\/\",\"url\":\"https:\/\/iicolumnas.es\/index.php\/actualidad\/2019\/03\/14\/cronicas-de-infancia\/\",\"name\":\"Cr\u00f3nicas de Infancia - Dos Columnas\",\"isPartOf\":{\"@id\":\"https:\/\/iicolumnas.es\/#website\"},\"primaryImageOfPage\":{\"@id\":\"https:\/\/iicolumnas.es\/index.php\/actualidad\/2019\/03\/14\/cronicas-de-infancia\/#primaryimage\"},\"image\":{\"@id\":\"https:\/\/iicolumnas.es\/index.php\/actualidad\/2019\/03\/14\/cronicas-de-infancia\/#primaryimage\"},\"thumbnailUrl\":\"https:\/\/iicolumnas.es\/wp-content\/uploads\/2019\/03\/IMG-20190314-WA0013.jpg\",\"datePublished\":\"2019-03-14T20:34:21+00:00\",\"author\":{\"@id\":\"https:\/\/iicolumnas.es\/#\/schema\/person\/9454e693a00b654499448fce52078962\"},\"breadcrumb\":{\"@id\":\"https:\/\/iicolumnas.es\/index.php\/actualidad\/2019\/03\/14\/cronicas-de-infancia\/#breadcrumb\"},\"inLanguage\":\"es\",\"potentialAction\":[{\"@type\":\"ReadAction\",\"target\":[\"https:\/\/iicolumnas.es\/index.php\/actualidad\/2019\/03\/14\/cronicas-de-infancia\/\"]}]},{\"@type\":\"ImageObject\",\"inLanguage\":\"es\",\"@id\":\"https:\/\/iicolumnas.es\/index.php\/actualidad\/2019\/03\/14\/cronicas-de-infancia\/#primaryimage\",\"url\":\"https:\/\/iicolumnas.es\/wp-content\/uploads\/2019\/03\/IMG-20190314-WA0013.jpg\",\"contentUrl\":\"https:\/\/iicolumnas.es\/wp-content\/uploads\/2019\/03\/IMG-20190314-WA0013.jpg\",\"width\":800,\"height\":532},{\"@type\":\"BreadcrumbList\",\"@id\":\"https:\/\/iicolumnas.es\/index.php\/actualidad\/2019\/03\/14\/cronicas-de-infancia\/#breadcrumb\",\"itemListElement\":[{\"@type\":\"ListItem\",\"position\":1,\"name\":\"Portada\",\"item\":\"https:\/\/iicolumnas.es\/\"},{\"@type\":\"ListItem\",\"position\":2,\"name\":\"Actualidad\",\"item\":\"https:\/\/iicolumnas.es\/index.php\/category\/actualidad\/\"},{\"@type\":\"ListItem\",\"position\":3,\"name\":\"Cr\u00f3nicas de Infancia\"}]},{\"@type\":\"WebSite\",\"@id\":\"https:\/\/iicolumnas.es\/#website\",\"url\":\"https:\/\/iicolumnas.es\/\",\"name\":\"Dos Columnas\",\"description\":\"El peri\u00f3dico de la villa de Cantalpino\",\"potentialAction\":[{\"@type\":\"SearchAction\",\"target\":{\"@type\":\"EntryPoint\",\"urlTemplate\":\"https:\/\/iicolumnas.es\/?s={search_term_string}\"},\"query-input\":{\"@type\":\"PropertyValueSpecification\",\"valueRequired\":true,\"valueName\":\"search_term_string\"}}],\"inLanguage\":\"es\"},{\"@type\":\"Person\",\"@id\":\"https:\/\/iicolumnas.es\/#\/schema\/person\/9454e693a00b654499448fce52078962\",\"name\":\"Jonathan Mart\u00edn\",\"image\":{\"@type\":\"ImageObject\",\"inLanguage\":\"es\",\"@id\":\"https:\/\/iicolumnas.es\/#\/schema\/person\/image\/\",\"url\":\"https:\/\/secure.gravatar.com\/avatar\/8f84b73d8cfcbec514e94597235e91417ea919340a79e734ab4f39abe5099950?s=96&d=mm&r=g\",\"contentUrl\":\"https:\/\/secure.gravatar.com\/avatar\/8f84b73d8cfcbec514e94597235e91417ea919340a79e734ab4f39abe5099950?s=96&d=mm&r=g\",\"caption\":\"Jonathan Mart\u00edn\"}}]}<\/script>\n<!-- \/ Yoast SEO plugin. -->","yoast_head_json":{"title":"Cr\u00f3nicas de Infancia - Dos Columnas","robots":{"index":"index","follow":"follow","max-snippet":"max-snippet:-1","max-image-preview":"max-image-preview:large","max-video-preview":"max-video-preview:-1"},"canonical":"https:\/\/iicolumnas.es\/index.php\/actualidad\/2019\/03\/14\/cronicas-de-infancia\/","og_locale":"es_ES","og_type":"article","og_title":"Cr\u00f3nicas de Infancia - Dos Columnas","og_description":"Yo nac\u00ed en este pueblo En una familia labriega que ten\u00eda por principios darme una educaci\u00f3n buena A la escuela me mandaron aprender cifras y letras para un d\u00eda en el ma\u00f1ana ser un&#46;&#46;&#46;","og_url":"https:\/\/iicolumnas.es\/index.php\/actualidad\/2019\/03\/14\/cronicas-de-infancia\/","og_site_name":"Dos Columnas","article_publisher":"https:\/\/www.facebook.com\/iicolumnas\/","article_published_time":"2019-03-14T20:34:21+00:00","og_image":[{"width":800,"height":532,"url":"https:\/\/iicolumnas.es\/wp-content\/uploads\/2019\/03\/IMG-20190314-WA0013.jpg","type":"image\/jpeg"}],"author":"Jonathan Mart\u00edn","twitter_card":"summary_large_image","twitter_creator":"@iicolumnas","twitter_site":"@iicolumnas","twitter_misc":{"Escrito por":"Jonathan Mart\u00edn","Tiempo de lectura":"1 minuto"},"schema":{"@context":"https:\/\/schema.org","@graph":[{"@type":"WebPage","@id":"https:\/\/iicolumnas.es\/index.php\/actualidad\/2019\/03\/14\/cronicas-de-infancia\/","url":"https:\/\/iicolumnas.es\/index.php\/actualidad\/2019\/03\/14\/cronicas-de-infancia\/","name":"Cr\u00f3nicas de Infancia - Dos Columnas","isPartOf":{"@id":"https:\/\/iicolumnas.es\/#website"},"primaryImageOfPage":{"@id":"https:\/\/iicolumnas.es\/index.php\/actualidad\/2019\/03\/14\/cronicas-de-infancia\/#primaryimage"},"image":{"@id":"https:\/\/iicolumnas.es\/index.php\/actualidad\/2019\/03\/14\/cronicas-de-infancia\/#primaryimage"},"thumbnailUrl":"https:\/\/iicolumnas.es\/wp-content\/uploads\/2019\/03\/IMG-20190314-WA0013.jpg","datePublished":"2019-03-14T20:34:21+00:00","author":{"@id":"https:\/\/iicolumnas.es\/#\/schema\/person\/9454e693a00b654499448fce52078962"},"breadcrumb":{"@id":"https:\/\/iicolumnas.es\/index.php\/actualidad\/2019\/03\/14\/cronicas-de-infancia\/#breadcrumb"},"inLanguage":"es","potentialAction":[{"@type":"ReadAction","target":["https:\/\/iicolumnas.es\/index.php\/actualidad\/2019\/03\/14\/cronicas-de-infancia\/"]}]},{"@type":"ImageObject","inLanguage":"es","@id":"https:\/\/iicolumnas.es\/index.php\/actualidad\/2019\/03\/14\/cronicas-de-infancia\/#primaryimage","url":"https:\/\/iicolumnas.es\/wp-content\/uploads\/2019\/03\/IMG-20190314-WA0013.jpg","contentUrl":"https:\/\/iicolumnas.es\/wp-content\/uploads\/2019\/03\/IMG-20190314-WA0013.jpg","width":800,"height":532},{"@type":"BreadcrumbList","@id":"https:\/\/iicolumnas.es\/index.php\/actualidad\/2019\/03\/14\/cronicas-de-infancia\/#breadcrumb","itemListElement":[{"@type":"ListItem","position":1,"name":"Portada","item":"https:\/\/iicolumnas.es\/"},{"@type":"ListItem","position":2,"name":"Actualidad","item":"https:\/\/iicolumnas.es\/index.php\/category\/actualidad\/"},{"@type":"ListItem","position":3,"name":"Cr\u00f3nicas de Infancia"}]},{"@type":"WebSite","@id":"https:\/\/iicolumnas.es\/#website","url":"https:\/\/iicolumnas.es\/","name":"Dos Columnas","description":"El peri\u00f3dico de la villa de Cantalpino","potentialAction":[{"@type":"SearchAction","target":{"@type":"EntryPoint","urlTemplate":"https:\/\/iicolumnas.es\/?s={search_term_string}"},"query-input":{"@type":"PropertyValueSpecification","valueRequired":true,"valueName":"search_term_string"}}],"inLanguage":"es"},{"@type":"Person","@id":"https:\/\/iicolumnas.es\/#\/schema\/person\/9454e693a00b654499448fce52078962","name":"Jonathan Mart\u00edn","image":{"@type":"ImageObject","inLanguage":"es","@id":"https:\/\/iicolumnas.es\/#\/schema\/person\/image\/","url":"https:\/\/secure.gravatar.com\/avatar\/8f84b73d8cfcbec514e94597235e91417ea919340a79e734ab4f39abe5099950?s=96&d=mm&r=g","contentUrl":"https:\/\/secure.gravatar.com\/avatar\/8f84b73d8cfcbec514e94597235e91417ea919340a79e734ab4f39abe5099950?s=96&d=mm&r=g","caption":"Jonathan Mart\u00edn"}}]}},"_links":{"self":[{"href":"https:\/\/iicolumnas.es\/index.php\/wp-json\/wp\/v2\/posts\/19917","targetHints":{"allow":["GET"]}}],"collection":[{"href":"https:\/\/iicolumnas.es\/index.php\/wp-json\/wp\/v2\/posts"}],"about":[{"href":"https:\/\/iicolumnas.es\/index.php\/wp-json\/wp\/v2\/types\/post"}],"author":[{"embeddable":true,"href":"https:\/\/iicolumnas.es\/index.php\/wp-json\/wp\/v2\/users\/15"}],"replies":[{"embeddable":true,"href":"https:\/\/iicolumnas.es\/index.php\/wp-json\/wp\/v2\/comments?post=19917"}],"version-history":[{"count":2,"href":"https:\/\/iicolumnas.es\/index.php\/wp-json\/wp\/v2\/posts\/19917\/revisions"}],"predecessor-version":[{"id":19921,"href":"https:\/\/iicolumnas.es\/index.php\/wp-json\/wp\/v2\/posts\/19917\/revisions\/19921"}],"wp:featuredmedia":[{"embeddable":true,"href":"https:\/\/iicolumnas.es\/index.php\/wp-json\/wp\/v2\/media\/19919"}],"wp:attachment":[{"href":"https:\/\/iicolumnas.es\/index.php\/wp-json\/wp\/v2\/media?parent=19917"}],"wp:term":[{"taxonomy":"category","embeddable":true,"href":"https:\/\/iicolumnas.es\/index.php\/wp-json\/wp\/v2\/categories?post=19917"},{"taxonomy":"post_tag","embeddable":true,"href":"https:\/\/iicolumnas.es\/index.php\/wp-json\/wp\/v2\/tags?post=19917"}],"curies":[{"name":"wp","href":"https:\/\/api.w.org\/{rel}","templated":true}]}}