{"id":1936,"date":"2016-04-09T09:08:31","date_gmt":"2016-04-09T09:08:31","guid":{"rendered":"https:\/\/iicolumnas.es\/?p=1936"},"modified":"2016-04-09T12:29:22","modified_gmt":"2016-04-09T12:29:22","slug":"xxvi-marcha-solidaria-cantalpino-las-vilas-operacion-bocata","status":"publish","type":"post","link":"https:\/\/iicolumnas.es\/index.php\/actualidad\/2016\/04\/09\/xxvi-marcha-solidaria-cantalpino-las-vilas-operacion-bocata\/","title":{"rendered":"XXVI Marcha Solidaria Cantalpino\u2013Las Villas y Operaci\u00f3n bocata"},"content":{"rendered":"<p style=\"text-align: justify;\"><img loading=\"lazy\" decoding=\"async\" class=\" wp-image-1940 aligncenter\" src=\"https:\/\/iicolumnas.es\/wp-content\/uploads\/2016\/04\/xxv_marcha_solidaria_cantalpino-las-villas-300x171.jpg\" alt=\"XXV_Marcha_solidaria_Cantalpino-Las Villas\" width=\"683\" height=\"389\" srcset=\"https:\/\/iicolumnas.es\/wp-content\/uploads\/2016\/04\/xxv_marcha_solidaria_cantalpino-las-villas-300x171.jpg 300w, https:\/\/iicolumnas.es\/wp-content\/uploads\/2016\/04\/xxv_marcha_solidaria_cantalpino-las-villas.jpg 647w\" sizes=\"auto, (max-width: 683px) 100vw, 683px\" \/>El pr\u00f3ximo 24 de abril, como cada a\u00f1o, la ONG <span style=\"color: #99ccff;\"><a style=\"color: #99ccff;\" href=\"http:\/\/www.accionverapaz.org\/\">Acci\u00f3n Verapaz<\/a><\/span> organiza la XXVI Marcha Solidaria de Cantalpino-Las Villas que recorre los pueblos de Villoruela, Villoria, Mori\u00f1igo y Babilafuente, donde a la llegada se lee un manifiesto y se degustan perrunillas para reponer\u00a0 fuerzas. Cantalpino se une a este paseo en Villoruela sobre las 11:00h de la ma\u00f1ana, para ello todo el que quiera asistir que vaya al Parque Municipal de Cantalpino sobre las 10:30h de donde saldr\u00e1n varios veh\u00edculos hasta el punto de encuentro con los vecinos de las villas.<\/p>\n<p style=\"text-align: justify;\">Al finalizar el recorrido, cada pueblo organiza una comida con la que recaudar fondos para obras solidarias. El dinero recaudado en Cantalpino se destinar\u00e1 a las obras de arreglo de la iglesia parroquial y a la investigaci\u00f3n del c\u00e1ncer, seg\u00fan nos informan desde la Asociaci\u00f3n de Mujeres Eusebia Palomino, quienes se encargan de organizar la \u201cOperaci\u00f3n Bocata\u201d en Cantalpino.<\/p>\n<p style=\"text-align: justify;\">Ya est\u00e1n a la venta las papeletas para los bocadillos, que pueden ser de tortilla de patatas, chorizo, jam\u00f3n york o queso y tienen un coste de 3\u20ac.\u00a0 El bocata ira acompa\u00f1ado de una fruta y una botella de agua.<\/p>\n<p style=\"text-align: justify;\">Todos los interesados en comprar una papeleta pueden ponerse en contacto con una de estas seis personas que son las encargadas de la venta: Mar\u00eda Rosal\u00eda (presidenta de la Asociaci\u00f3n) Carmina, Claudia, In\u00e9s\u00a0 e Ino.<\/p>\n<p style=\"text-align: justify;\">Como siempre este colectivo de mujeres invita a la colaboraci\u00f3n de todo aquel que lo desee aportando una tortilla, chorizo o fiambre.\u00a0 Esta aportaci\u00f3n se realizar\u00e1 el d\u00eda 23 de abril a partir de las 20:30h en la Sede de la asociaci\u00f3n.<\/p>\n<p style=\"text-align: justify;\">Est\u00e1 previsto repartir los bocadillos el d\u00eda 24 de abril, despu\u00e9s de la marcha, sobre las 14:30h en el Centro C\u00edvico de Cantalpino.<\/p>\n<p style=\"text-align: justify;\">Desde Dos Columnas invitamos a todos los cantalpineses a participar en este recorrido solidario y esperemos que el tiempo acompa\u00f1e y se pueda dar un agradable paseo por los pueblos de las villas y degustar nuestro bocata al aire libre y no bajo techo.<\/p>\n","protected":false},"excerpt":{"rendered":"<p>El pr\u00f3ximo 24 de abril, como cada a\u00f1o, la ONG Acci\u00f3n Verapaz organiza la XXVI Marcha Solidaria de Cantalpino-Las Villas que recorre los pueblos de Villoruela, Villoria, Mori\u00f1igo y Babilafuente, donde a la llegada&#46;&#46;&#46;<\/p>\n","protected":false},"author":13,"featured_media":1940,"comment_status":"open","ping_status":"open","sticky":false,"template":"","format":"standard","meta":{"footnotes":""},"categories":[1],"tags":[191,14,192,194,193,195],"class_list":["post-1936","post","type-post","status-publish","format-standard","has-post-thumbnail","hentry","category-actualidad","tag-asociacion-de-mujeres","tag-cantalpino","tag-eusebia-palomino","tag-las-villas","tag-marcha-solidaria","tag-operacion-bocata"],"yoast_head":"<!-- This site is optimized with the Yoast SEO plugin v26.6 - https:\/\/yoast.com\/wordpress\/plugins\/seo\/ -->\n<title>XXVI Marcha Solidaria Cantalpino\u2013Las Villas y Operaci\u00f3n bocata - Dos Columnas<\/title>\n<meta name=\"robots\" content=\"index, follow, max-snippet:-1, max-image-preview:large, max-video-preview:-1\" \/>\n<link rel=\"canonical\" href=\"https:\/\/iicolumnas.es\/index.php\/actualidad\/2016\/04\/09\/xxvi-marcha-solidaria-cantalpino-las-vilas-operacion-bocata\/\" \/>\n<meta property=\"og:locale\" content=\"es_ES\" \/>\n<meta property=\"og:type\" content=\"article\" \/>\n<meta property=\"og:title\" content=\"XXVI Marcha Solidaria Cantalpino\u2013Las Villas y Operaci\u00f3n bocata - Dos Columnas\" \/>\n<meta property=\"og:description\" content=\"El pr\u00f3ximo 24 de abril, como cada a\u00f1o, la ONG Acci\u00f3n Verapaz organiza la XXVI Marcha Solidaria de Cantalpino-Las Villas que recorre los pueblos de Villoruela, Villoria, Mori\u00f1igo y Babilafuente, donde a la llegada&#046;&#046;&#046;\" \/>\n<meta property=\"og:url\" content=\"https:\/\/iicolumnas.es\/index.php\/actualidad\/2016\/04\/09\/xxvi-marcha-solidaria-cantalpino-las-vilas-operacion-bocata\/\" \/>\n<meta property=\"og:site_name\" content=\"Dos Columnas\" \/>\n<meta property=\"article:publisher\" content=\"https:\/\/www.facebook.com\/iicolumnas\/\" \/>\n<meta property=\"article:published_time\" content=\"2016-04-09T09:08:31+00:00\" \/>\n<meta property=\"article:modified_time\" content=\"2016-04-09T12:29:22+00:00\" \/>\n<meta property=\"og:image\" content=\"https:\/\/iicolumnas.es\/wp-content\/uploads\/2016\/04\/xxv_marcha_solidaria_cantalpino-las-villas.jpg\" \/>\n\t<meta property=\"og:image:width\" content=\"647\" \/>\n\t<meta property=\"og:image:height\" content=\"369\" \/>\n\t<meta property=\"og:image:type\" content=\"image\/jpeg\" \/>\n<meta name=\"author\" content=\"Luc\u00eda Mart\u00edn\" \/>\n<meta name=\"twitter:card\" content=\"summary_large_image\" \/>\n<meta name=\"twitter:creator\" content=\"@iicolumnas\" \/>\n<meta name=\"twitter:site\" content=\"@iicolumnas\" \/>\n<meta name=\"twitter:label1\" content=\"Escrito por\" \/>\n\t<meta name=\"twitter:data1\" content=\"Luc\u00eda Mart\u00edn\" \/>\n\t<meta name=\"twitter:label2\" content=\"Tiempo de lectura\" \/>\n\t<meta name=\"twitter:data2\" content=\"2 minutos\" \/>\n<script type=\"application\/ld+json\" class=\"yoast-schema-graph\">{\"@context\":\"https:\/\/schema.org\",\"@graph\":[{\"@type\":\"WebPage\",\"@id\":\"https:\/\/iicolumnas.es\/index.php\/actualidad\/2016\/04\/09\/xxvi-marcha-solidaria-cantalpino-las-vilas-operacion-bocata\/\",\"url\":\"https:\/\/iicolumnas.es\/index.php\/actualidad\/2016\/04\/09\/xxvi-marcha-solidaria-cantalpino-las-vilas-operacion-bocata\/\",\"name\":\"XXVI Marcha Solidaria Cantalpino\u2013Las Villas y Operaci\u00f3n bocata - Dos Columnas\",\"isPartOf\":{\"@id\":\"https:\/\/iicolumnas.es\/#website\"},\"primaryImageOfPage\":{\"@id\":\"https:\/\/iicolumnas.es\/index.php\/actualidad\/2016\/04\/09\/xxvi-marcha-solidaria-cantalpino-las-vilas-operacion-bocata\/#primaryimage\"},\"image\":{\"@id\":\"https:\/\/iicolumnas.es\/index.php\/actualidad\/2016\/04\/09\/xxvi-marcha-solidaria-cantalpino-las-vilas-operacion-bocata\/#primaryimage\"},\"thumbnailUrl\":\"https:\/\/iicolumnas.es\/wp-content\/uploads\/2016\/04\/xxv_marcha_solidaria_cantalpino-las-villas.jpg\",\"datePublished\":\"2016-04-09T09:08:31+00:00\",\"dateModified\":\"2016-04-09T12:29:22+00:00\",\"author\":{\"@id\":\"https:\/\/iicolumnas.es\/#\/schema\/person\/d0b468295022f1c525f1f08174e5094e\"},\"breadcrumb\":{\"@id\":\"https:\/\/iicolumnas.es\/index.php\/actualidad\/2016\/04\/09\/xxvi-marcha-solidaria-cantalpino-las-vilas-operacion-bocata\/#breadcrumb\"},\"inLanguage\":\"es\",\"potentialAction\":[{\"@type\":\"ReadAction\",\"target\":[\"https:\/\/iicolumnas.es\/index.php\/actualidad\/2016\/04\/09\/xxvi-marcha-solidaria-cantalpino-las-vilas-operacion-bocata\/\"]}]},{\"@type\":\"ImageObject\",\"inLanguage\":\"es\",\"@id\":\"https:\/\/iicolumnas.es\/index.php\/actualidad\/2016\/04\/09\/xxvi-marcha-solidaria-cantalpino-las-vilas-operacion-bocata\/#primaryimage\",\"url\":\"https:\/\/iicolumnas.es\/wp-content\/uploads\/2016\/04\/xxv_marcha_solidaria_cantalpino-las-villas.jpg\",\"contentUrl\":\"https:\/\/iicolumnas.es\/wp-content\/uploads\/2016\/04\/xxv_marcha_solidaria_cantalpino-las-villas.jpg\",\"width\":\"647\",\"height\":\"369\"},{\"@type\":\"BreadcrumbList\",\"@id\":\"https:\/\/iicolumnas.es\/index.php\/actualidad\/2016\/04\/09\/xxvi-marcha-solidaria-cantalpino-las-vilas-operacion-bocata\/#breadcrumb\",\"itemListElement\":[{\"@type\":\"ListItem\",\"position\":1,\"name\":\"Portada\",\"item\":\"https:\/\/iicolumnas.es\/\"},{\"@type\":\"ListItem\",\"position\":2,\"name\":\"Actualidad\",\"item\":\"https:\/\/iicolumnas.es\/index.php\/category\/actualidad\/\"},{\"@type\":\"ListItem\",\"position\":3,\"name\":\"XXVI Marcha Solidaria Cantalpino\u2013Las Villas y Operaci\u00f3n bocata\"}]},{\"@type\":\"WebSite\",\"@id\":\"https:\/\/iicolumnas.es\/#website\",\"url\":\"https:\/\/iicolumnas.es\/\",\"name\":\"Dos Columnas\",\"description\":\"El peri\u00f3dico de la villa de Cantalpino\",\"potentialAction\":[{\"@type\":\"SearchAction\",\"target\":{\"@type\":\"EntryPoint\",\"urlTemplate\":\"https:\/\/iicolumnas.es\/?s={search_term_string}\"},\"query-input\":{\"@type\":\"PropertyValueSpecification\",\"valueRequired\":true,\"valueName\":\"search_term_string\"}}],\"inLanguage\":\"es\"},{\"@type\":\"Person\",\"@id\":\"https:\/\/iicolumnas.es\/#\/schema\/person\/d0b468295022f1c525f1f08174e5094e\",\"name\":\"Luc\u00eda Mart\u00edn\",\"image\":{\"@type\":\"ImageObject\",\"inLanguage\":\"es\",\"@id\":\"https:\/\/iicolumnas.es\/#\/schema\/person\/image\/\",\"url\":\"https:\/\/secure.gravatar.com\/avatar\/93fc1f88b1a03f8c364002e3c0eeaed8496b37404ac5fb74c332af7fc73d81f9?s=96&d=mm&r=g\",\"contentUrl\":\"https:\/\/secure.gravatar.com\/avatar\/93fc1f88b1a03f8c364002e3c0eeaed8496b37404ac5fb74c332af7fc73d81f9?s=96&d=mm&r=g\",\"caption\":\"Luc\u00eda Mart\u00edn\"}}]}<\/script>\n<!-- \/ Yoast SEO plugin. -->","yoast_head_json":{"title":"XXVI Marcha Solidaria Cantalpino\u2013Las Villas y Operaci\u00f3n bocata - Dos Columnas","robots":{"index":"index","follow":"follow","max-snippet":"max-snippet:-1","max-image-preview":"max-image-preview:large","max-video-preview":"max-video-preview:-1"},"canonical":"https:\/\/iicolumnas.es\/index.php\/actualidad\/2016\/04\/09\/xxvi-marcha-solidaria-cantalpino-las-vilas-operacion-bocata\/","og_locale":"es_ES","og_type":"article","og_title":"XXVI Marcha Solidaria Cantalpino\u2013Las Villas y Operaci\u00f3n bocata - Dos Columnas","og_description":"El pr\u00f3ximo 24 de abril, como cada a\u00f1o, la ONG Acci\u00f3n Verapaz organiza la XXVI Marcha Solidaria de Cantalpino-Las Villas que recorre los pueblos de Villoruela, Villoria, Mori\u00f1igo y Babilafuente, donde a la llegada&#46;&#46;&#46;","og_url":"https:\/\/iicolumnas.es\/index.php\/actualidad\/2016\/04\/09\/xxvi-marcha-solidaria-cantalpino-las-vilas-operacion-bocata\/","og_site_name":"Dos Columnas","article_publisher":"https:\/\/www.facebook.com\/iicolumnas\/","article_published_time":"2016-04-09T09:08:31+00:00","article_modified_time":"2016-04-09T12:29:22+00:00","og_image":[{"width":647,"height":369,"url":"https:\/\/iicolumnas.es\/wp-content\/uploads\/2016\/04\/xxv_marcha_solidaria_cantalpino-las-villas.jpg","type":"image\/jpeg"}],"author":"Luc\u00eda Mart\u00edn","twitter_card":"summary_large_image","twitter_creator":"@iicolumnas","twitter_site":"@iicolumnas","twitter_misc":{"Escrito por":"Luc\u00eda Mart\u00edn","Tiempo de lectura":"2 minutos"},"schema":{"@context":"https:\/\/schema.org","@graph":[{"@type":"WebPage","@id":"https:\/\/iicolumnas.es\/index.php\/actualidad\/2016\/04\/09\/xxvi-marcha-solidaria-cantalpino-las-vilas-operacion-bocata\/","url":"https:\/\/iicolumnas.es\/index.php\/actualidad\/2016\/04\/09\/xxvi-marcha-solidaria-cantalpino-las-vilas-operacion-bocata\/","name":"XXVI Marcha Solidaria Cantalpino\u2013Las Villas y Operaci\u00f3n bocata - Dos Columnas","isPartOf":{"@id":"https:\/\/iicolumnas.es\/#website"},"primaryImageOfPage":{"@id":"https:\/\/iicolumnas.es\/index.php\/actualidad\/2016\/04\/09\/xxvi-marcha-solidaria-cantalpino-las-vilas-operacion-bocata\/#primaryimage"},"image":{"@id":"https:\/\/iicolumnas.es\/index.php\/actualidad\/2016\/04\/09\/xxvi-marcha-solidaria-cantalpino-las-vilas-operacion-bocata\/#primaryimage"},"thumbnailUrl":"https:\/\/iicolumnas.es\/wp-content\/uploads\/2016\/04\/xxv_marcha_solidaria_cantalpino-las-villas.jpg","datePublished":"2016-04-09T09:08:31+00:00","dateModified":"2016-04-09T12:29:22+00:00","author":{"@id":"https:\/\/iicolumnas.es\/#\/schema\/person\/d0b468295022f1c525f1f08174e5094e"},"breadcrumb":{"@id":"https:\/\/iicolumnas.es\/index.php\/actualidad\/2016\/04\/09\/xxvi-marcha-solidaria-cantalpino-las-vilas-operacion-bocata\/#breadcrumb"},"inLanguage":"es","potentialAction":[{"@type":"ReadAction","target":["https:\/\/iicolumnas.es\/index.php\/actualidad\/2016\/04\/09\/xxvi-marcha-solidaria-cantalpino-las-vilas-operacion-bocata\/"]}]},{"@type":"ImageObject","inLanguage":"es","@id":"https:\/\/iicolumnas.es\/index.php\/actualidad\/2016\/04\/09\/xxvi-marcha-solidaria-cantalpino-las-vilas-operacion-bocata\/#primaryimage","url":"https:\/\/iicolumnas.es\/wp-content\/uploads\/2016\/04\/xxv_marcha_solidaria_cantalpino-las-villas.jpg","contentUrl":"https:\/\/iicolumnas.es\/wp-content\/uploads\/2016\/04\/xxv_marcha_solidaria_cantalpino-las-villas.jpg","width":"647","height":"369"},{"@type":"BreadcrumbList","@id":"https:\/\/iicolumnas.es\/index.php\/actualidad\/2016\/04\/09\/xxvi-marcha-solidaria-cantalpino-las-vilas-operacion-bocata\/#breadcrumb","itemListElement":[{"@type":"ListItem","position":1,"name":"Portada","item":"https:\/\/iicolumnas.es\/"},{"@type":"ListItem","position":2,"name":"Actualidad","item":"https:\/\/iicolumnas.es\/index.php\/category\/actualidad\/"},{"@type":"ListItem","position":3,"name":"XXVI Marcha Solidaria Cantalpino\u2013Las Villas y Operaci\u00f3n bocata"}]},{"@type":"WebSite","@id":"https:\/\/iicolumnas.es\/#website","url":"https:\/\/iicolumnas.es\/","name":"Dos Columnas","description":"El peri\u00f3dico de la villa de Cantalpino","potentialAction":[{"@type":"SearchAction","target":{"@type":"EntryPoint","urlTemplate":"https:\/\/iicolumnas.es\/?s={search_term_string}"},"query-input":{"@type":"PropertyValueSpecification","valueRequired":true,"valueName":"search_term_string"}}],"inLanguage":"es"},{"@type":"Person","@id":"https:\/\/iicolumnas.es\/#\/schema\/person\/d0b468295022f1c525f1f08174e5094e","name":"Luc\u00eda Mart\u00edn","image":{"@type":"ImageObject","inLanguage":"es","@id":"https:\/\/iicolumnas.es\/#\/schema\/person\/image\/","url":"https:\/\/secure.gravatar.com\/avatar\/93fc1f88b1a03f8c364002e3c0eeaed8496b37404ac5fb74c332af7fc73d81f9?s=96&d=mm&r=g","contentUrl":"https:\/\/secure.gravatar.com\/avatar\/93fc1f88b1a03f8c364002e3c0eeaed8496b37404ac5fb74c332af7fc73d81f9?s=96&d=mm&r=g","caption":"Luc\u00eda Mart\u00edn"}}]}},"_links":{"self":[{"href":"https:\/\/iicolumnas.es\/index.php\/wp-json\/wp\/v2\/posts\/1936","targetHints":{"allow":["GET"]}}],"collection":[{"href":"https:\/\/iicolumnas.es\/index.php\/wp-json\/wp\/v2\/posts"}],"about":[{"href":"https:\/\/iicolumnas.es\/index.php\/wp-json\/wp\/v2\/types\/post"}],"author":[{"embeddable":true,"href":"https:\/\/iicolumnas.es\/index.php\/wp-json\/wp\/v2\/users\/13"}],"replies":[{"embeddable":true,"href":"https:\/\/iicolumnas.es\/index.php\/wp-json\/wp\/v2\/comments?post=1936"}],"version-history":[{"count":0,"href":"https:\/\/iicolumnas.es\/index.php\/wp-json\/wp\/v2\/posts\/1936\/revisions"}],"wp:featuredmedia":[{"embeddable":true,"href":"https:\/\/iicolumnas.es\/index.php\/wp-json\/wp\/v2\/media\/1940"}],"wp:attachment":[{"href":"https:\/\/iicolumnas.es\/index.php\/wp-json\/wp\/v2\/media?parent=1936"}],"wp:term":[{"taxonomy":"category","embeddable":true,"href":"https:\/\/iicolumnas.es\/index.php\/wp-json\/wp\/v2\/categories?post=1936"},{"taxonomy":"post_tag","embeddable":true,"href":"https:\/\/iicolumnas.es\/index.php\/wp-json\/wp\/v2\/tags?post=1936"}],"curies":[{"name":"wp","href":"https:\/\/api.w.org\/{rel}","templated":true}]}}