{"id":19189,"date":"2018-09-09T13:10:09","date_gmt":"2018-09-09T13:10:09","guid":{"rendered":"https:\/\/iicolumnas.es\/?p=19189"},"modified":"2018-09-09T13:10:09","modified_gmt":"2018-09-09T13:10:09","slug":"el-cra-eusebia-palomino-instala-rejas-en-las-ventanas-de-la-planta-baja-del-centro","status":"publish","type":"post","link":"https:\/\/iicolumnas.es\/index.php\/actualidad\/2018\/09\/09\/el-cra-eusebia-palomino-instala-rejas-en-las-ventanas-de-la-planta-baja-del-centro\/","title":{"rendered":"El CRA Eusebia Palomino instala rejas en las ventanas de la planta baja del centro"},"content":{"rendered":"<p style=\"text-align: justify;\">Debido a los numerosos robos que sufri\u00f3 el centro educativo desde el mes de enero, la direcci\u00f3n del centro s\u00f3licit\u00f3 a la direcci\u00f3n provincial de educaci\u00f3n la instalaci\u00f3n de rejas como medida disuasoria.<\/p>\n<p style=\"text-align: justify;\">La Consejer\u00eda de Educaci\u00f3n ha invertido 1.129.536 euros para las mejores y reformas en las obras en los centros de la provincia de Salamanca, a este presupuesto hay que sumar los 586.283 euros de la Junta de Castilla y Le\u00f3n, invirtiendo la cantidad de 1.883,97 euros en el CRA Eusebia Palomino para la instalaci\u00f3n de rejas en las ventanas de la planta baja del centro que fueron instaladas en la \u00faltima semana de junio a fin de evitar problemas durante el verano.<\/p>\n<p style=\"text-align: justify;\">Informaci\u00f3n cedida por M\u00aa F\u00e1tima Seco Est\u00e9vez, Directora del C.R.A. Eusebia Palomino<\/p>\n<p><img loading=\"lazy\" decoding=\"async\" class=\"aligncenter size-full wp-image-19197\" src=\"https:\/\/iicolumnas.es\/wp-content\/uploads\/2018\/09\/3A40F78C-C834-4F27-911D-78BEC1D4465F.jpeg\" alt=\"\" width=\"800\" height=\"600\" srcset=\"https:\/\/iicolumnas.es\/wp-content\/uploads\/2018\/09\/3A40F78C-C834-4F27-911D-78BEC1D4465F.jpeg 800w, https:\/\/iicolumnas.es\/wp-content\/uploads\/2018\/09\/3A40F78C-C834-4F27-911D-78BEC1D4465F-300x225.jpeg 300w\" sizes=\"auto, (max-width: 800px) 100vw, 800px\" \/><\/p>\n","protected":false},"excerpt":{"rendered":"<p>Debido a los numerosos robos que sufri\u00f3 el centro educativo desde el mes de enero, la direcci\u00f3n del centro s\u00f3licit\u00f3 a la direcci\u00f3n provincial de educaci\u00f3n la instalaci\u00f3n de rejas como medida disuasoria. La&#46;&#46;&#46;<\/p>\n","protected":false},"author":18,"featured_media":19197,"comment_status":"open","ping_status":"open","sticky":false,"template":"","format":"standard","meta":{"footnotes":""},"categories":[1],"tags":[213,1510,1572,82],"class_list":["post-19189","post","type-post","status-publish","format-standard","has-post-thumbnail","hentry","category-actualidad","tag-cra-eusebia-palomino","tag-intento-robo","tag-robo","tag-robos"],"yoast_head":"<!-- This site is optimized with the Yoast SEO plugin v26.6 - https:\/\/yoast.com\/wordpress\/plugins\/seo\/ -->\n<title>El CRA Eusebia Palomino instala rejas en las ventanas de la planta baja del centro - Dos Columnas<\/title>\n<meta name=\"robots\" content=\"index, follow, max-snippet:-1, max-image-preview:large, max-video-preview:-1\" \/>\n<link rel=\"canonical\" href=\"https:\/\/iicolumnas.es\/index.php\/actualidad\/2018\/09\/09\/el-cra-eusebia-palomino-instala-rejas-en-las-ventanas-de-la-planta-baja-del-centro\/\" \/>\n<meta property=\"og:locale\" content=\"es_ES\" \/>\n<meta property=\"og:type\" content=\"article\" \/>\n<meta property=\"og:title\" content=\"El CRA Eusebia Palomino instala rejas en las ventanas de la planta baja del centro - Dos Columnas\" \/>\n<meta property=\"og:description\" content=\"Debido a los numerosos robos que sufri\u00f3 el centro educativo desde el mes de enero, la direcci\u00f3n del centro s\u00f3licit\u00f3 a la direcci\u00f3n provincial de educaci\u00f3n la instalaci\u00f3n de rejas como medida disuasoria. La&#046;&#046;&#046;\" \/>\n<meta property=\"og:url\" content=\"https:\/\/iicolumnas.es\/index.php\/actualidad\/2018\/09\/09\/el-cra-eusebia-palomino-instala-rejas-en-las-ventanas-de-la-planta-baja-del-centro\/\" \/>\n<meta property=\"og:site_name\" content=\"Dos Columnas\" \/>\n<meta property=\"article:publisher\" content=\"https:\/\/www.facebook.com\/iicolumnas\/\" \/>\n<meta property=\"article:published_time\" content=\"2018-09-09T13:10:09+00:00\" \/>\n<meta property=\"og:image\" content=\"https:\/\/iicolumnas.es\/wp-content\/uploads\/2018\/09\/3A40F78C-C834-4F27-911D-78BEC1D4465F.jpeg\" \/>\n\t<meta property=\"og:image:width\" content=\"800\" \/>\n\t<meta property=\"og:image:height\" content=\"600\" \/>\n\t<meta property=\"og:image:type\" content=\"image\/jpeg\" \/>\n<meta name=\"author\" content=\"Lucia Pedroso\" \/>\n<meta name=\"twitter:card\" content=\"summary_large_image\" \/>\n<meta name=\"twitter:creator\" content=\"@iicolumnas\" \/>\n<meta name=\"twitter:site\" content=\"@iicolumnas\" \/>\n<meta name=\"twitter:label1\" content=\"Escrito por\" \/>\n\t<meta name=\"twitter:data1\" content=\"Lucia Pedroso\" \/>\n\t<meta name=\"twitter:label2\" content=\"Tiempo de lectura\" \/>\n\t<meta name=\"twitter:data2\" content=\"1 minuto\" \/>\n<script type=\"application\/ld+json\" class=\"yoast-schema-graph\">{\"@context\":\"https:\/\/schema.org\",\"@graph\":[{\"@type\":\"WebPage\",\"@id\":\"https:\/\/iicolumnas.es\/index.php\/actualidad\/2018\/09\/09\/el-cra-eusebia-palomino-instala-rejas-en-las-ventanas-de-la-planta-baja-del-centro\/\",\"url\":\"https:\/\/iicolumnas.es\/index.php\/actualidad\/2018\/09\/09\/el-cra-eusebia-palomino-instala-rejas-en-las-ventanas-de-la-planta-baja-del-centro\/\",\"name\":\"El CRA Eusebia Palomino instala rejas en las ventanas de la planta baja del centro - Dos Columnas\",\"isPartOf\":{\"@id\":\"https:\/\/iicolumnas.es\/#website\"},\"primaryImageOfPage\":{\"@id\":\"https:\/\/iicolumnas.es\/index.php\/actualidad\/2018\/09\/09\/el-cra-eusebia-palomino-instala-rejas-en-las-ventanas-de-la-planta-baja-del-centro\/#primaryimage\"},\"image\":{\"@id\":\"https:\/\/iicolumnas.es\/index.php\/actualidad\/2018\/09\/09\/el-cra-eusebia-palomino-instala-rejas-en-las-ventanas-de-la-planta-baja-del-centro\/#primaryimage\"},\"thumbnailUrl\":\"https:\/\/iicolumnas.es\/wp-content\/uploads\/2018\/09\/3A40F78C-C834-4F27-911D-78BEC1D4465F.jpeg\",\"datePublished\":\"2018-09-09T13:10:09+00:00\",\"author\":{\"@id\":\"https:\/\/iicolumnas.es\/#\/schema\/person\/703e12a73a5090b041b461663c8f0531\"},\"breadcrumb\":{\"@id\":\"https:\/\/iicolumnas.es\/index.php\/actualidad\/2018\/09\/09\/el-cra-eusebia-palomino-instala-rejas-en-las-ventanas-de-la-planta-baja-del-centro\/#breadcrumb\"},\"inLanguage\":\"es\",\"potentialAction\":[{\"@type\":\"ReadAction\",\"target\":[\"https:\/\/iicolumnas.es\/index.php\/actualidad\/2018\/09\/09\/el-cra-eusebia-palomino-instala-rejas-en-las-ventanas-de-la-planta-baja-del-centro\/\"]}]},{\"@type\":\"ImageObject\",\"inLanguage\":\"es\",\"@id\":\"https:\/\/iicolumnas.es\/index.php\/actualidad\/2018\/09\/09\/el-cra-eusebia-palomino-instala-rejas-en-las-ventanas-de-la-planta-baja-del-centro\/#primaryimage\",\"url\":\"https:\/\/iicolumnas.es\/wp-content\/uploads\/2018\/09\/3A40F78C-C834-4F27-911D-78BEC1D4465F.jpeg\",\"contentUrl\":\"https:\/\/iicolumnas.es\/wp-content\/uploads\/2018\/09\/3A40F78C-C834-4F27-911D-78BEC1D4465F.jpeg\",\"width\":\"800\",\"height\":\"600\"},{\"@type\":\"BreadcrumbList\",\"@id\":\"https:\/\/iicolumnas.es\/index.php\/actualidad\/2018\/09\/09\/el-cra-eusebia-palomino-instala-rejas-en-las-ventanas-de-la-planta-baja-del-centro\/#breadcrumb\",\"itemListElement\":[{\"@type\":\"ListItem\",\"position\":1,\"name\":\"Portada\",\"item\":\"https:\/\/iicolumnas.es\/\"},{\"@type\":\"ListItem\",\"position\":2,\"name\":\"Actualidad\",\"item\":\"https:\/\/iicolumnas.es\/index.php\/category\/actualidad\/\"},{\"@type\":\"ListItem\",\"position\":3,\"name\":\"El CRA Eusebia Palomino instala rejas en las ventanas de la planta baja del centro\"}]},{\"@type\":\"WebSite\",\"@id\":\"https:\/\/iicolumnas.es\/#website\",\"url\":\"https:\/\/iicolumnas.es\/\",\"name\":\"Dos Columnas\",\"description\":\"El peri\u00f3dico de la villa de Cantalpino\",\"potentialAction\":[{\"@type\":\"SearchAction\",\"target\":{\"@type\":\"EntryPoint\",\"urlTemplate\":\"https:\/\/iicolumnas.es\/?s={search_term_string}\"},\"query-input\":{\"@type\":\"PropertyValueSpecification\",\"valueRequired\":true,\"valueName\":\"search_term_string\"}}],\"inLanguage\":\"es\"},{\"@type\":\"Person\",\"@id\":\"https:\/\/iicolumnas.es\/#\/schema\/person\/703e12a73a5090b041b461663c8f0531\",\"name\":\"Lucia Pedroso\",\"image\":{\"@type\":\"ImageObject\",\"inLanguage\":\"es\",\"@id\":\"https:\/\/iicolumnas.es\/#\/schema\/person\/image\/\",\"url\":\"https:\/\/secure.gravatar.com\/avatar\/c6e08a497120c58e110f9fc761b0fe771e7120ebcb2789302216f51d5c9243cc?s=96&d=mm&r=g\",\"contentUrl\":\"https:\/\/secure.gravatar.com\/avatar\/c6e08a497120c58e110f9fc761b0fe771e7120ebcb2789302216f51d5c9243cc?s=96&d=mm&r=g\",\"caption\":\"Lucia Pedroso\"}}]}<\/script>\n<!-- \/ Yoast SEO plugin. -->","yoast_head_json":{"title":"El CRA Eusebia Palomino instala rejas en las ventanas de la planta baja del centro - Dos Columnas","robots":{"index":"index","follow":"follow","max-snippet":"max-snippet:-1","max-image-preview":"max-image-preview:large","max-video-preview":"max-video-preview:-1"},"canonical":"https:\/\/iicolumnas.es\/index.php\/actualidad\/2018\/09\/09\/el-cra-eusebia-palomino-instala-rejas-en-las-ventanas-de-la-planta-baja-del-centro\/","og_locale":"es_ES","og_type":"article","og_title":"El CRA Eusebia Palomino instala rejas en las ventanas de la planta baja del centro - Dos Columnas","og_description":"Debido a los numerosos robos que sufri\u00f3 el centro educativo desde el mes de enero, la direcci\u00f3n del centro s\u00f3licit\u00f3 a la direcci\u00f3n provincial de educaci\u00f3n la instalaci\u00f3n de rejas como medida disuasoria. La&#46;&#46;&#46;","og_url":"https:\/\/iicolumnas.es\/index.php\/actualidad\/2018\/09\/09\/el-cra-eusebia-palomino-instala-rejas-en-las-ventanas-de-la-planta-baja-del-centro\/","og_site_name":"Dos Columnas","article_publisher":"https:\/\/www.facebook.com\/iicolumnas\/","article_published_time":"2018-09-09T13:10:09+00:00","og_image":[{"width":800,"height":600,"url":"https:\/\/iicolumnas.es\/wp-content\/uploads\/2018\/09\/3A40F78C-C834-4F27-911D-78BEC1D4465F.jpeg","type":"image\/jpeg"}],"author":"Lucia Pedroso","twitter_card":"summary_large_image","twitter_creator":"@iicolumnas","twitter_site":"@iicolumnas","twitter_misc":{"Escrito por":"Lucia Pedroso","Tiempo de lectura":"1 minuto"},"schema":{"@context":"https:\/\/schema.org","@graph":[{"@type":"WebPage","@id":"https:\/\/iicolumnas.es\/index.php\/actualidad\/2018\/09\/09\/el-cra-eusebia-palomino-instala-rejas-en-las-ventanas-de-la-planta-baja-del-centro\/","url":"https:\/\/iicolumnas.es\/index.php\/actualidad\/2018\/09\/09\/el-cra-eusebia-palomino-instala-rejas-en-las-ventanas-de-la-planta-baja-del-centro\/","name":"El CRA Eusebia Palomino instala rejas en las ventanas de la planta baja del centro - Dos Columnas","isPartOf":{"@id":"https:\/\/iicolumnas.es\/#website"},"primaryImageOfPage":{"@id":"https:\/\/iicolumnas.es\/index.php\/actualidad\/2018\/09\/09\/el-cra-eusebia-palomino-instala-rejas-en-las-ventanas-de-la-planta-baja-del-centro\/#primaryimage"},"image":{"@id":"https:\/\/iicolumnas.es\/index.php\/actualidad\/2018\/09\/09\/el-cra-eusebia-palomino-instala-rejas-en-las-ventanas-de-la-planta-baja-del-centro\/#primaryimage"},"thumbnailUrl":"https:\/\/iicolumnas.es\/wp-content\/uploads\/2018\/09\/3A40F78C-C834-4F27-911D-78BEC1D4465F.jpeg","datePublished":"2018-09-09T13:10:09+00:00","author":{"@id":"https:\/\/iicolumnas.es\/#\/schema\/person\/703e12a73a5090b041b461663c8f0531"},"breadcrumb":{"@id":"https:\/\/iicolumnas.es\/index.php\/actualidad\/2018\/09\/09\/el-cra-eusebia-palomino-instala-rejas-en-las-ventanas-de-la-planta-baja-del-centro\/#breadcrumb"},"inLanguage":"es","potentialAction":[{"@type":"ReadAction","target":["https:\/\/iicolumnas.es\/index.php\/actualidad\/2018\/09\/09\/el-cra-eusebia-palomino-instala-rejas-en-las-ventanas-de-la-planta-baja-del-centro\/"]}]},{"@type":"ImageObject","inLanguage":"es","@id":"https:\/\/iicolumnas.es\/index.php\/actualidad\/2018\/09\/09\/el-cra-eusebia-palomino-instala-rejas-en-las-ventanas-de-la-planta-baja-del-centro\/#primaryimage","url":"https:\/\/iicolumnas.es\/wp-content\/uploads\/2018\/09\/3A40F78C-C834-4F27-911D-78BEC1D4465F.jpeg","contentUrl":"https:\/\/iicolumnas.es\/wp-content\/uploads\/2018\/09\/3A40F78C-C834-4F27-911D-78BEC1D4465F.jpeg","width":"800","height":"600"},{"@type":"BreadcrumbList","@id":"https:\/\/iicolumnas.es\/index.php\/actualidad\/2018\/09\/09\/el-cra-eusebia-palomino-instala-rejas-en-las-ventanas-de-la-planta-baja-del-centro\/#breadcrumb","itemListElement":[{"@type":"ListItem","position":1,"name":"Portada","item":"https:\/\/iicolumnas.es\/"},{"@type":"ListItem","position":2,"name":"Actualidad","item":"https:\/\/iicolumnas.es\/index.php\/category\/actualidad\/"},{"@type":"ListItem","position":3,"name":"El CRA Eusebia Palomino instala rejas en las ventanas de la planta baja del centro"}]},{"@type":"WebSite","@id":"https:\/\/iicolumnas.es\/#website","url":"https:\/\/iicolumnas.es\/","name":"Dos Columnas","description":"El peri\u00f3dico de la villa de Cantalpino","potentialAction":[{"@type":"SearchAction","target":{"@type":"EntryPoint","urlTemplate":"https:\/\/iicolumnas.es\/?s={search_term_string}"},"query-input":{"@type":"PropertyValueSpecification","valueRequired":true,"valueName":"search_term_string"}}],"inLanguage":"es"},{"@type":"Person","@id":"https:\/\/iicolumnas.es\/#\/schema\/person\/703e12a73a5090b041b461663c8f0531","name":"Lucia Pedroso","image":{"@type":"ImageObject","inLanguage":"es","@id":"https:\/\/iicolumnas.es\/#\/schema\/person\/image\/","url":"https:\/\/secure.gravatar.com\/avatar\/c6e08a497120c58e110f9fc761b0fe771e7120ebcb2789302216f51d5c9243cc?s=96&d=mm&r=g","contentUrl":"https:\/\/secure.gravatar.com\/avatar\/c6e08a497120c58e110f9fc761b0fe771e7120ebcb2789302216f51d5c9243cc?s=96&d=mm&r=g","caption":"Lucia Pedroso"}}]}},"_links":{"self":[{"href":"https:\/\/iicolumnas.es\/index.php\/wp-json\/wp\/v2\/posts\/19189","targetHints":{"allow":["GET"]}}],"collection":[{"href":"https:\/\/iicolumnas.es\/index.php\/wp-json\/wp\/v2\/posts"}],"about":[{"href":"https:\/\/iicolumnas.es\/index.php\/wp-json\/wp\/v2\/types\/post"}],"author":[{"embeddable":true,"href":"https:\/\/iicolumnas.es\/index.php\/wp-json\/wp\/v2\/users\/18"}],"replies":[{"embeddable":true,"href":"https:\/\/iicolumnas.es\/index.php\/wp-json\/wp\/v2\/comments?post=19189"}],"version-history":[{"count":6,"href":"https:\/\/iicolumnas.es\/index.php\/wp-json\/wp\/v2\/posts\/19189\/revisions"}],"predecessor-version":[{"id":19204,"href":"https:\/\/iicolumnas.es\/index.php\/wp-json\/wp\/v2\/posts\/19189\/revisions\/19204"}],"wp:featuredmedia":[{"embeddable":true,"href":"https:\/\/iicolumnas.es\/index.php\/wp-json\/wp\/v2\/media\/19197"}],"wp:attachment":[{"href":"https:\/\/iicolumnas.es\/index.php\/wp-json\/wp\/v2\/media?parent=19189"}],"wp:term":[{"taxonomy":"category","embeddable":true,"href":"https:\/\/iicolumnas.es\/index.php\/wp-json\/wp\/v2\/categories?post=19189"},{"taxonomy":"post_tag","embeddable":true,"href":"https:\/\/iicolumnas.es\/index.php\/wp-json\/wp\/v2\/tags?post=19189"}],"curies":[{"name":"wp","href":"https:\/\/api.w.org\/{rel}","templated":true}]}}