{"id":1800,"date":"2016-04-01T14:33:25","date_gmt":"2016-04-01T14:33:25","guid":{"rendered":"https:\/\/iicolumnas.es\/?p=1800"},"modified":"2016-04-01T15:11:19","modified_gmt":"2016-04-01T15:11:19","slug":"las-fiestas-patronales-san-isidro-cantalpino-recuperan-la-esencia-taurina-manos-la-asociacion-cultural-taurina-cantalpino","status":"publish","type":"post","link":"https:\/\/iicolumnas.es\/index.php\/actualidad\/2016\/04\/01\/las-fiestas-patronales-san-isidro-cantalpino-recuperan-la-esencia-taurina-manos-la-asociacion-cultural-taurina-cantalpino\/","title":{"rendered":"La Asociaci\u00f3n Cultural Taurina de Cantalpino recupera los festejos taurinos de San Isidro"},"content":{"rendered":"<p style=\"text-align: justify;\">El pr\u00f3ximo s\u00e1bado 9 de Abril a una hora muy peculiar, las 20:20h de la tarde, en el Sal\u00f3n Teatro de Cantalpino, la Asociaci\u00f3n Cultural Taurina\u00a0 (ACTC) convoca a sus socios y a todos los interesados a la presentaci\u00f3n de:\u00a0 \u201cEl primer Toro de San Isidro\u201d.\u00a0 Este festejo, que devuelve la esencia taurina a la festividad de mayo en Cantalpino, es una las actividades por la que dicha asociaci\u00f3n ha luchado desde su creaci\u00f3n.\u00a0 A principios de a\u00f1o, ya dejaron\u00a0 pactado\u00a0 el recorrido por el que los mozos podr\u00e1n citar al morlaco y los obreros del\u00a0 Excmo. Ayuntamiento realizaron los agujeros en los que anclar\u00e1n las talanqueras.<\/p>\n<p style=\"text-align: justify;\">Seg\u00fan informa la Junta Directiva en el cartel anunciador, al acto de presentaci\u00f3n acudir\u00e1n personas del mundo del toro y contar\u00e1n con un presentador de lujo.<\/p>\n<p style=\"text-align: justify;\"><em>\u201cHan sido muchos los kil\u00f3metros, las discusiones y desilusiones, los golpes y los comentarios. Pero todo eso merece la pena cada vez que sue\u00f1as con Tu Festejo, con algo tan bello como un toro bravo recorriendo las calles de tu pueblo\u2026\u201d, relata uno de los organizadores perteneciente a la junta de la ACTC.<br \/>\n<\/em><\/p>\n<p style=\"text-align: justify;\">En Dos Columnas estamos seguros \u00a0de que tanto esfuerzo merecer\u00e1 la pena y que tanto el acto de presentaci\u00f3n \u00a0como al festejo del d\u00eda 15 tendr\u00e1n \u00a0mucho \u00e9xito.<\/p>\n<p style=\"text-align: justify;\">Pues ya saben, todo aquel interesado, sea socio o no, en saber qui\u00e9n presentar\u00e1 y acudir\u00e1 al evento \u00a0que pase el d\u00eda 9 de abril a las 20:20h por el Sal\u00f3n Teatro de Cantalpino y as\u00ed \u00a0descubrir el nombre del Toro que recorrer\u00e1 las calles de nuestro pueblo.<\/p>\n","protected":false},"excerpt":{"rendered":"<p>El pr\u00f3ximo s\u00e1bado 9 de Abril a una hora muy peculiar, las 20:20h de la tarde, en el Sal\u00f3n Teatro de Cantalpino, la Asociaci\u00f3n Cultural Taurina\u00a0 (ACTC) convoca a sus socios y a todos&#46;&#46;&#46;<\/p>\n","protected":false},"author":13,"featured_media":1809,"comment_status":"open","ping_status":"open","sticky":false,"template":"","format":"standard","meta":{"footnotes":""},"categories":[1],"tags":[13,174,173,175],"class_list":["post-1800","post","type-post","status-publish","format-standard","has-post-thumbnail","hentry","category-actualidad","tag-actc","tag-primer-toro-de-san-isidro","tag-san-isidro","tag-toros"],"yoast_head":"<!-- This site is optimized with the Yoast SEO plugin v26.6 - https:\/\/yoast.com\/wordpress\/plugins\/seo\/ -->\n<title>La Asociaci\u00f3n Cultural Taurina de Cantalpino recupera los festejos taurinos de San Isidro - Dos Columnas<\/title>\n<meta name=\"robots\" content=\"index, follow, max-snippet:-1, max-image-preview:large, max-video-preview:-1\" \/>\n<link rel=\"canonical\" href=\"https:\/\/iicolumnas.es\/index.php\/actualidad\/2016\/04\/01\/las-fiestas-patronales-san-isidro-cantalpino-recuperan-la-esencia-taurina-manos-la-asociacion-cultural-taurina-cantalpino\/\" \/>\n<meta property=\"og:locale\" content=\"es_ES\" \/>\n<meta property=\"og:type\" content=\"article\" \/>\n<meta property=\"og:title\" content=\"La Asociaci\u00f3n Cultural Taurina de Cantalpino recupera los festejos taurinos de San Isidro - Dos Columnas\" \/>\n<meta property=\"og:description\" content=\"El pr\u00f3ximo s\u00e1bado 9 de Abril a una hora muy peculiar, las 20:20h de la tarde, en el Sal\u00f3n Teatro de Cantalpino, la Asociaci\u00f3n Cultural Taurina\u00a0 (ACTC) convoca a sus socios y a todos&#046;&#046;&#046;\" \/>\n<meta property=\"og:url\" content=\"https:\/\/iicolumnas.es\/index.php\/actualidad\/2016\/04\/01\/las-fiestas-patronales-san-isidro-cantalpino-recuperan-la-esencia-taurina-manos-la-asociacion-cultural-taurina-cantalpino\/\" \/>\n<meta property=\"og:site_name\" content=\"Dos Columnas\" \/>\n<meta property=\"article:publisher\" content=\"https:\/\/www.facebook.com\/iicolumnas\/\" \/>\n<meta property=\"article:published_time\" content=\"2016-04-01T14:33:25+00:00\" \/>\n<meta property=\"article:modified_time\" content=\"2016-04-01T15:11:19+00:00\" \/>\n<meta property=\"og:image\" content=\"https:\/\/iicolumnas.es\/wp-content\/uploads\/2016\/04\/toro-san-isidro-presentacion.jpg\" \/>\n\t<meta property=\"og:image:width\" content=\"1200\" \/>\n\t<meta property=\"og:image:height\" content=\"846\" \/>\n\t<meta property=\"og:image:type\" content=\"image\/jpeg\" \/>\n<meta name=\"author\" content=\"Luc\u00eda Mart\u00edn\" \/>\n<meta name=\"twitter:card\" content=\"summary_large_image\" \/>\n<meta name=\"twitter:creator\" content=\"@iicolumnas\" \/>\n<meta name=\"twitter:site\" content=\"@iicolumnas\" \/>\n<meta name=\"twitter:label1\" content=\"Escrito por\" \/>\n\t<meta name=\"twitter:data1\" content=\"Luc\u00eda Mart\u00edn\" \/>\n\t<meta name=\"twitter:label2\" content=\"Tiempo de lectura\" \/>\n\t<meta name=\"twitter:data2\" content=\"1 minuto\" \/>\n<script type=\"application\/ld+json\" class=\"yoast-schema-graph\">{\"@context\":\"https:\/\/schema.org\",\"@graph\":[{\"@type\":\"WebPage\",\"@id\":\"https:\/\/iicolumnas.es\/index.php\/actualidad\/2016\/04\/01\/las-fiestas-patronales-san-isidro-cantalpino-recuperan-la-esencia-taurina-manos-la-asociacion-cultural-taurina-cantalpino\/\",\"url\":\"https:\/\/iicolumnas.es\/index.php\/actualidad\/2016\/04\/01\/las-fiestas-patronales-san-isidro-cantalpino-recuperan-la-esencia-taurina-manos-la-asociacion-cultural-taurina-cantalpino\/\",\"name\":\"La Asociaci\u00f3n Cultural Taurina de Cantalpino recupera los festejos taurinos de San Isidro - Dos Columnas\",\"isPartOf\":{\"@id\":\"https:\/\/iicolumnas.es\/#website\"},\"primaryImageOfPage\":{\"@id\":\"https:\/\/iicolumnas.es\/index.php\/actualidad\/2016\/04\/01\/las-fiestas-patronales-san-isidro-cantalpino-recuperan-la-esencia-taurina-manos-la-asociacion-cultural-taurina-cantalpino\/#primaryimage\"},\"image\":{\"@id\":\"https:\/\/iicolumnas.es\/index.php\/actualidad\/2016\/04\/01\/las-fiestas-patronales-san-isidro-cantalpino-recuperan-la-esencia-taurina-manos-la-asociacion-cultural-taurina-cantalpino\/#primaryimage\"},\"thumbnailUrl\":\"https:\/\/iicolumnas.es\/wp-content\/uploads\/2016\/04\/toro-san-isidro-presentacion.jpg\",\"datePublished\":\"2016-04-01T14:33:25+00:00\",\"dateModified\":\"2016-04-01T15:11:19+00:00\",\"author\":{\"@id\":\"https:\/\/iicolumnas.es\/#\/schema\/person\/d0b468295022f1c525f1f08174e5094e\"},\"breadcrumb\":{\"@id\":\"https:\/\/iicolumnas.es\/index.php\/actualidad\/2016\/04\/01\/las-fiestas-patronales-san-isidro-cantalpino-recuperan-la-esencia-taurina-manos-la-asociacion-cultural-taurina-cantalpino\/#breadcrumb\"},\"inLanguage\":\"es\",\"potentialAction\":[{\"@type\":\"ReadAction\",\"target\":[\"https:\/\/iicolumnas.es\/index.php\/actualidad\/2016\/04\/01\/las-fiestas-patronales-san-isidro-cantalpino-recuperan-la-esencia-taurina-manos-la-asociacion-cultural-taurina-cantalpino\/\"]}]},{\"@type\":\"ImageObject\",\"inLanguage\":\"es\",\"@id\":\"https:\/\/iicolumnas.es\/index.php\/actualidad\/2016\/04\/01\/las-fiestas-patronales-san-isidro-cantalpino-recuperan-la-esencia-taurina-manos-la-asociacion-cultural-taurina-cantalpino\/#primaryimage\",\"url\":\"https:\/\/iicolumnas.es\/wp-content\/uploads\/2016\/04\/toro-san-isidro-presentacion.jpg\",\"contentUrl\":\"https:\/\/iicolumnas.es\/wp-content\/uploads\/2016\/04\/toro-san-isidro-presentacion.jpg\",\"width\":\"1200\",\"height\":\"846\"},{\"@type\":\"BreadcrumbList\",\"@id\":\"https:\/\/iicolumnas.es\/index.php\/actualidad\/2016\/04\/01\/las-fiestas-patronales-san-isidro-cantalpino-recuperan-la-esencia-taurina-manos-la-asociacion-cultural-taurina-cantalpino\/#breadcrumb\",\"itemListElement\":[{\"@type\":\"ListItem\",\"position\":1,\"name\":\"Portada\",\"item\":\"https:\/\/iicolumnas.es\/\"},{\"@type\":\"ListItem\",\"position\":2,\"name\":\"Actualidad\",\"item\":\"https:\/\/iicolumnas.es\/index.php\/category\/actualidad\/\"},{\"@type\":\"ListItem\",\"position\":3,\"name\":\"La Asociaci\u00f3n Cultural Taurina de Cantalpino recupera los festejos taurinos de San Isidro\"}]},{\"@type\":\"WebSite\",\"@id\":\"https:\/\/iicolumnas.es\/#website\",\"url\":\"https:\/\/iicolumnas.es\/\",\"name\":\"Dos Columnas\",\"description\":\"El peri\u00f3dico de la villa de Cantalpino\",\"potentialAction\":[{\"@type\":\"SearchAction\",\"target\":{\"@type\":\"EntryPoint\",\"urlTemplate\":\"https:\/\/iicolumnas.es\/?s={search_term_string}\"},\"query-input\":{\"@type\":\"PropertyValueSpecification\",\"valueRequired\":true,\"valueName\":\"search_term_string\"}}],\"inLanguage\":\"es\"},{\"@type\":\"Person\",\"@id\":\"https:\/\/iicolumnas.es\/#\/schema\/person\/d0b468295022f1c525f1f08174e5094e\",\"name\":\"Luc\u00eda Mart\u00edn\",\"image\":{\"@type\":\"ImageObject\",\"inLanguage\":\"es\",\"@id\":\"https:\/\/iicolumnas.es\/#\/schema\/person\/image\/\",\"url\":\"https:\/\/secure.gravatar.com\/avatar\/93fc1f88b1a03f8c364002e3c0eeaed8496b37404ac5fb74c332af7fc73d81f9?s=96&d=mm&r=g\",\"contentUrl\":\"https:\/\/secure.gravatar.com\/avatar\/93fc1f88b1a03f8c364002e3c0eeaed8496b37404ac5fb74c332af7fc73d81f9?s=96&d=mm&r=g\",\"caption\":\"Luc\u00eda Mart\u00edn\"}}]}<\/script>\n<!-- \/ Yoast SEO plugin. -->","yoast_head_json":{"title":"La Asociaci\u00f3n Cultural Taurina de Cantalpino recupera los festejos taurinos de San Isidro - Dos Columnas","robots":{"index":"index","follow":"follow","max-snippet":"max-snippet:-1","max-image-preview":"max-image-preview:large","max-video-preview":"max-video-preview:-1"},"canonical":"https:\/\/iicolumnas.es\/index.php\/actualidad\/2016\/04\/01\/las-fiestas-patronales-san-isidro-cantalpino-recuperan-la-esencia-taurina-manos-la-asociacion-cultural-taurina-cantalpino\/","og_locale":"es_ES","og_type":"article","og_title":"La Asociaci\u00f3n Cultural Taurina de Cantalpino recupera los festejos taurinos de San Isidro - Dos Columnas","og_description":"El pr\u00f3ximo s\u00e1bado 9 de Abril a una hora muy peculiar, las 20:20h de la tarde, en el Sal\u00f3n Teatro de Cantalpino, la Asociaci\u00f3n Cultural Taurina\u00a0 (ACTC) convoca a sus socios y a todos&#46;&#46;&#46;","og_url":"https:\/\/iicolumnas.es\/index.php\/actualidad\/2016\/04\/01\/las-fiestas-patronales-san-isidro-cantalpino-recuperan-la-esencia-taurina-manos-la-asociacion-cultural-taurina-cantalpino\/","og_site_name":"Dos Columnas","article_publisher":"https:\/\/www.facebook.com\/iicolumnas\/","article_published_time":"2016-04-01T14:33:25+00:00","article_modified_time":"2016-04-01T15:11:19+00:00","og_image":[{"width":1200,"height":846,"url":"https:\/\/iicolumnas.es\/wp-content\/uploads\/2016\/04\/toro-san-isidro-presentacion.jpg","type":"image\/jpeg"}],"author":"Luc\u00eda Mart\u00edn","twitter_card":"summary_large_image","twitter_creator":"@iicolumnas","twitter_site":"@iicolumnas","twitter_misc":{"Escrito por":"Luc\u00eda Mart\u00edn","Tiempo de lectura":"1 minuto"},"schema":{"@context":"https:\/\/schema.org","@graph":[{"@type":"WebPage","@id":"https:\/\/iicolumnas.es\/index.php\/actualidad\/2016\/04\/01\/las-fiestas-patronales-san-isidro-cantalpino-recuperan-la-esencia-taurina-manos-la-asociacion-cultural-taurina-cantalpino\/","url":"https:\/\/iicolumnas.es\/index.php\/actualidad\/2016\/04\/01\/las-fiestas-patronales-san-isidro-cantalpino-recuperan-la-esencia-taurina-manos-la-asociacion-cultural-taurina-cantalpino\/","name":"La Asociaci\u00f3n Cultural Taurina de Cantalpino recupera los festejos taurinos de San Isidro - Dos Columnas","isPartOf":{"@id":"https:\/\/iicolumnas.es\/#website"},"primaryImageOfPage":{"@id":"https:\/\/iicolumnas.es\/index.php\/actualidad\/2016\/04\/01\/las-fiestas-patronales-san-isidro-cantalpino-recuperan-la-esencia-taurina-manos-la-asociacion-cultural-taurina-cantalpino\/#primaryimage"},"image":{"@id":"https:\/\/iicolumnas.es\/index.php\/actualidad\/2016\/04\/01\/las-fiestas-patronales-san-isidro-cantalpino-recuperan-la-esencia-taurina-manos-la-asociacion-cultural-taurina-cantalpino\/#primaryimage"},"thumbnailUrl":"https:\/\/iicolumnas.es\/wp-content\/uploads\/2016\/04\/toro-san-isidro-presentacion.jpg","datePublished":"2016-04-01T14:33:25+00:00","dateModified":"2016-04-01T15:11:19+00:00","author":{"@id":"https:\/\/iicolumnas.es\/#\/schema\/person\/d0b468295022f1c525f1f08174e5094e"},"breadcrumb":{"@id":"https:\/\/iicolumnas.es\/index.php\/actualidad\/2016\/04\/01\/las-fiestas-patronales-san-isidro-cantalpino-recuperan-la-esencia-taurina-manos-la-asociacion-cultural-taurina-cantalpino\/#breadcrumb"},"inLanguage":"es","potentialAction":[{"@type":"ReadAction","target":["https:\/\/iicolumnas.es\/index.php\/actualidad\/2016\/04\/01\/las-fiestas-patronales-san-isidro-cantalpino-recuperan-la-esencia-taurina-manos-la-asociacion-cultural-taurina-cantalpino\/"]}]},{"@type":"ImageObject","inLanguage":"es","@id":"https:\/\/iicolumnas.es\/index.php\/actualidad\/2016\/04\/01\/las-fiestas-patronales-san-isidro-cantalpino-recuperan-la-esencia-taurina-manos-la-asociacion-cultural-taurina-cantalpino\/#primaryimage","url":"https:\/\/iicolumnas.es\/wp-content\/uploads\/2016\/04\/toro-san-isidro-presentacion.jpg","contentUrl":"https:\/\/iicolumnas.es\/wp-content\/uploads\/2016\/04\/toro-san-isidro-presentacion.jpg","width":"1200","height":"846"},{"@type":"BreadcrumbList","@id":"https:\/\/iicolumnas.es\/index.php\/actualidad\/2016\/04\/01\/las-fiestas-patronales-san-isidro-cantalpino-recuperan-la-esencia-taurina-manos-la-asociacion-cultural-taurina-cantalpino\/#breadcrumb","itemListElement":[{"@type":"ListItem","position":1,"name":"Portada","item":"https:\/\/iicolumnas.es\/"},{"@type":"ListItem","position":2,"name":"Actualidad","item":"https:\/\/iicolumnas.es\/index.php\/category\/actualidad\/"},{"@type":"ListItem","position":3,"name":"La Asociaci\u00f3n Cultural Taurina de Cantalpino recupera los festejos taurinos de San Isidro"}]},{"@type":"WebSite","@id":"https:\/\/iicolumnas.es\/#website","url":"https:\/\/iicolumnas.es\/","name":"Dos Columnas","description":"El peri\u00f3dico de la villa de Cantalpino","potentialAction":[{"@type":"SearchAction","target":{"@type":"EntryPoint","urlTemplate":"https:\/\/iicolumnas.es\/?s={search_term_string}"},"query-input":{"@type":"PropertyValueSpecification","valueRequired":true,"valueName":"search_term_string"}}],"inLanguage":"es"},{"@type":"Person","@id":"https:\/\/iicolumnas.es\/#\/schema\/person\/d0b468295022f1c525f1f08174e5094e","name":"Luc\u00eda Mart\u00edn","image":{"@type":"ImageObject","inLanguage":"es","@id":"https:\/\/iicolumnas.es\/#\/schema\/person\/image\/","url":"https:\/\/secure.gravatar.com\/avatar\/93fc1f88b1a03f8c364002e3c0eeaed8496b37404ac5fb74c332af7fc73d81f9?s=96&d=mm&r=g","contentUrl":"https:\/\/secure.gravatar.com\/avatar\/93fc1f88b1a03f8c364002e3c0eeaed8496b37404ac5fb74c332af7fc73d81f9?s=96&d=mm&r=g","caption":"Luc\u00eda Mart\u00edn"}}]}},"_links":{"self":[{"href":"https:\/\/iicolumnas.es\/index.php\/wp-json\/wp\/v2\/posts\/1800","targetHints":{"allow":["GET"]}}],"collection":[{"href":"https:\/\/iicolumnas.es\/index.php\/wp-json\/wp\/v2\/posts"}],"about":[{"href":"https:\/\/iicolumnas.es\/index.php\/wp-json\/wp\/v2\/types\/post"}],"author":[{"embeddable":true,"href":"https:\/\/iicolumnas.es\/index.php\/wp-json\/wp\/v2\/users\/13"}],"replies":[{"embeddable":true,"href":"https:\/\/iicolumnas.es\/index.php\/wp-json\/wp\/v2\/comments?post=1800"}],"version-history":[{"count":0,"href":"https:\/\/iicolumnas.es\/index.php\/wp-json\/wp\/v2\/posts\/1800\/revisions"}],"wp:featuredmedia":[{"embeddable":true,"href":"https:\/\/iicolumnas.es\/index.php\/wp-json\/wp\/v2\/media\/1809"}],"wp:attachment":[{"href":"https:\/\/iicolumnas.es\/index.php\/wp-json\/wp\/v2\/media?parent=1800"}],"wp:term":[{"taxonomy":"category","embeddable":true,"href":"https:\/\/iicolumnas.es\/index.php\/wp-json\/wp\/v2\/categories?post=1800"},{"taxonomy":"post_tag","embeddable":true,"href":"https:\/\/iicolumnas.es\/index.php\/wp-json\/wp\/v2\/tags?post=1800"}],"curies":[{"name":"wp","href":"https:\/\/api.w.org\/{rel}","templated":true}]}}