{"id":16919,"date":"2018-04-21T09:46:35","date_gmt":"2018-04-21T09:46:35","guid":{"rendered":"https:\/\/iicolumnas.es\/?p=16919"},"modified":"2018-04-21T09:46:35","modified_gmt":"2018-04-21T09:46:35","slug":"no-te-pierdas-iii-paseo-saludable-paradinas-san-juan","status":"publish","type":"post","link":"https:\/\/iicolumnas.es\/index.php\/actualidad\/2018\/04\/21\/no-te-pierdas-iii-paseo-saludable-paradinas-san-juan\/","title":{"rendered":"No te pierdas el III Paseo Saludable de Paradinas de San Juan"},"content":{"rendered":"<p style=\"text-align: justify;\">El domingo 20 de mayo a las 10:00 horas se llevar\u00e1 a cabo el III Paseo Saludable en Paradinas de San Juan cuyos beneficios ir\u00e1n destinados a favor de la asociaci\u00f3n de padres de ni\u00f1os sordos de Salamanca (ASPAS).<span class=\"Apple-converted-space\">\u00a0<\/span><\/p>\n<p style=\"text-align: justify;\"><img loading=\"lazy\" decoding=\"async\" class=\"alignright size-medium wp-image-16948\" src=\"https:\/\/iicolumnas.es\/wp-content\/uploads\/2018\/04\/1103347F-3934-4C9E-B5C4-CE20D4442E76-300x225.jpeg\" alt=\"\" width=\"300\" height=\"225\" srcset=\"https:\/\/iicolumnas.es\/wp-content\/uploads\/2018\/04\/1103347F-3934-4C9E-B5C4-CE20D4442E76-300x225.jpeg 300w, https:\/\/iicolumnas.es\/wp-content\/uploads\/2018\/04\/1103347F-3934-4C9E-B5C4-CE20D4442E76.jpeg 800w\" sizes=\"auto, (max-width: 300px) 100vw, 300px\" \/>Ya est\u00e1 abierto el plazo de inscripci\u00f3n para colaborar con esta causa, por tan solo 5 euros por persona, puedes participar en el recorrido alrededor del pueblo e incluye un avituallamiento l\u00edquido a mitad del recorrido y un bocadillo acompa\u00f1ado de un refresco al finalizar. El a\u00f1o pasado ASPAS regal\u00f3 un marcap\u00e1ginas personalizado con el nombre de cada participante, abajo transcrito en \u201clengua de signos\u201d; desde ASPAS nos indican que ya est\u00e1n trabajando para el regalo de este a\u00f1o.<\/p>\n<p><img loading=\"lazy\" decoding=\"async\" class=\"aligncenter size-full wp-image-16949\" src=\"https:\/\/iicolumnas.es\/wp-content\/uploads\/2018\/04\/B93A64E3-990C-40C4-A2CD-748536BEBE6A.jpeg\" alt=\"\" width=\"800\" height=\"256\" srcset=\"https:\/\/iicolumnas.es\/wp-content\/uploads\/2018\/04\/B93A64E3-990C-40C4-A2CD-748536BEBE6A.jpeg 800w, https:\/\/iicolumnas.es\/wp-content\/uploads\/2018\/04\/B93A64E3-990C-40C4-A2CD-748536BEBE6A-300x96.jpeg 300w\" sizes=\"auto, (max-width: 800px) 100vw, 800px\" \/><\/p>\n<p style=\"text-align: justify;\">Os recordamos que para todo aquel que no pueda acudir y quiera colaborar puede hacerlo con el \u201cDorsal 0\u201d, es otra forma de participar de una manera c\u00f3moda y f\u00e1cil para apoyar una buena causa y de formar parte, aunque no sea f\u00edsicamente, pero si de manera solidaria.<\/p>\n<p><img loading=\"lazy\" decoding=\"async\" class=\"aligncenter size-full wp-image-16920\" src=\"https:\/\/iicolumnas.es\/wp-content\/uploads\/2018\/04\/74DC963F-9968-41A0-B559-6A39949FAEFC.jpeg\" alt=\"\" width=\"552\" height=\"389\" srcset=\"https:\/\/iicolumnas.es\/wp-content\/uploads\/2018\/04\/74DC963F-9968-41A0-B559-6A39949FAEFC.jpeg 552w, https:\/\/iicolumnas.es\/wp-content\/uploads\/2018\/04\/74DC963F-9968-41A0-B559-6A39949FAEFC-300x211.jpeg 300w\" sizes=\"auto, (max-width: 552px) 100vw, 552px\" \/><\/p>\n","protected":false},"excerpt":{"rendered":"<p>El domingo 20 de mayo a las 10:00 horas se llevar\u00e1 a cabo el III Paseo Saludable en Paradinas de San Juan cuyos beneficios ir\u00e1n destinados a favor de la asociaci\u00f3n de padres de&#46;&#46;&#46;<\/p>\n","protected":false},"author":18,"featured_media":16920,"comment_status":"open","ping_status":"open","sticky":false,"template":"","format":"standard","meta":{"footnotes":""},"categories":[1,203],"tags":[1290,1291,14,1606,1252,1289,1131],"class_list":["post-16919","post","type-post","status-publish","format-standard","has-post-thumbnail","hentry","category-actualidad","category-tablon-de-anuncios","tag-asociacion-de-padres-de-ninos-sordos-de-salamanca","tag-aspas","tag-cantalpino","tag-cantalpino-solidario","tag-paradinas-de-san-juan","tag-paseo-saludable","tag-solidaridad"],"yoast_head":"<!-- This site is optimized with the Yoast SEO plugin v26.6 - https:\/\/yoast.com\/wordpress\/plugins\/seo\/ -->\n<title>No te pierdas el III Paseo Saludable de Paradinas de San Juan - Dos Columnas<\/title>\n<meta name=\"robots\" content=\"index, follow, max-snippet:-1, max-image-preview:large, max-video-preview:-1\" \/>\n<link rel=\"canonical\" href=\"https:\/\/iicolumnas.es\/index.php\/actualidad\/2018\/04\/21\/no-te-pierdas-iii-paseo-saludable-paradinas-san-juan\/\" \/>\n<meta property=\"og:locale\" content=\"es_ES\" \/>\n<meta property=\"og:type\" content=\"article\" \/>\n<meta property=\"og:title\" content=\"No te pierdas el III Paseo Saludable de Paradinas de San Juan - Dos Columnas\" \/>\n<meta property=\"og:description\" content=\"El domingo 20 de mayo a las 10:00 horas se llevar\u00e1 a cabo el III Paseo Saludable en Paradinas de San Juan cuyos beneficios ir\u00e1n destinados a favor de la asociaci\u00f3n de padres de&#046;&#046;&#046;\" \/>\n<meta property=\"og:url\" content=\"https:\/\/iicolumnas.es\/index.php\/actualidad\/2018\/04\/21\/no-te-pierdas-iii-paseo-saludable-paradinas-san-juan\/\" \/>\n<meta property=\"og:site_name\" content=\"Dos Columnas\" \/>\n<meta property=\"article:publisher\" content=\"https:\/\/www.facebook.com\/iicolumnas\/\" \/>\n<meta property=\"article:published_time\" content=\"2018-04-21T09:46:35+00:00\" \/>\n<meta property=\"og:image\" content=\"https:\/\/iicolumnas.es\/wp-content\/uploads\/2018\/04\/74DC963F-9968-41A0-B559-6A39949FAEFC.jpeg\" \/>\n\t<meta property=\"og:image:width\" content=\"552\" \/>\n\t<meta property=\"og:image:height\" content=\"389\" \/>\n\t<meta property=\"og:image:type\" content=\"image\/jpeg\" \/>\n<meta name=\"author\" content=\"Lucia Pedroso\" \/>\n<meta name=\"twitter:card\" content=\"summary_large_image\" \/>\n<meta name=\"twitter:creator\" content=\"@iicolumnas\" \/>\n<meta name=\"twitter:site\" content=\"@iicolumnas\" \/>\n<meta name=\"twitter:label1\" content=\"Escrito por\" \/>\n\t<meta name=\"twitter:data1\" content=\"Lucia Pedroso\" \/>\n\t<meta name=\"twitter:label2\" content=\"Tiempo de lectura\" \/>\n\t<meta name=\"twitter:data2\" content=\"1 minuto\" \/>\n<script type=\"application\/ld+json\" class=\"yoast-schema-graph\">{\"@context\":\"https:\/\/schema.org\",\"@graph\":[{\"@type\":\"WebPage\",\"@id\":\"https:\/\/iicolumnas.es\/index.php\/actualidad\/2018\/04\/21\/no-te-pierdas-iii-paseo-saludable-paradinas-san-juan\/\",\"url\":\"https:\/\/iicolumnas.es\/index.php\/actualidad\/2018\/04\/21\/no-te-pierdas-iii-paseo-saludable-paradinas-san-juan\/\",\"name\":\"No te pierdas el III Paseo Saludable de Paradinas de San Juan - Dos Columnas\",\"isPartOf\":{\"@id\":\"https:\/\/iicolumnas.es\/#website\"},\"primaryImageOfPage\":{\"@id\":\"https:\/\/iicolumnas.es\/index.php\/actualidad\/2018\/04\/21\/no-te-pierdas-iii-paseo-saludable-paradinas-san-juan\/#primaryimage\"},\"image\":{\"@id\":\"https:\/\/iicolumnas.es\/index.php\/actualidad\/2018\/04\/21\/no-te-pierdas-iii-paseo-saludable-paradinas-san-juan\/#primaryimage\"},\"thumbnailUrl\":\"https:\/\/iicolumnas.es\/wp-content\/uploads\/2018\/04\/74DC963F-9968-41A0-B559-6A39949FAEFC.jpeg\",\"datePublished\":\"2018-04-21T09:46:35+00:00\",\"author\":{\"@id\":\"https:\/\/iicolumnas.es\/#\/schema\/person\/703e12a73a5090b041b461663c8f0531\"},\"breadcrumb\":{\"@id\":\"https:\/\/iicolumnas.es\/index.php\/actualidad\/2018\/04\/21\/no-te-pierdas-iii-paseo-saludable-paradinas-san-juan\/#breadcrumb\"},\"inLanguage\":\"es\",\"potentialAction\":[{\"@type\":\"ReadAction\",\"target\":[\"https:\/\/iicolumnas.es\/index.php\/actualidad\/2018\/04\/21\/no-te-pierdas-iii-paseo-saludable-paradinas-san-juan\/\"]}]},{\"@type\":\"ImageObject\",\"inLanguage\":\"es\",\"@id\":\"https:\/\/iicolumnas.es\/index.php\/actualidad\/2018\/04\/21\/no-te-pierdas-iii-paseo-saludable-paradinas-san-juan\/#primaryimage\",\"url\":\"https:\/\/iicolumnas.es\/wp-content\/uploads\/2018\/04\/74DC963F-9968-41A0-B559-6A39949FAEFC.jpeg\",\"contentUrl\":\"https:\/\/iicolumnas.es\/wp-content\/uploads\/2018\/04\/74DC963F-9968-41A0-B559-6A39949FAEFC.jpeg\",\"width\":\"552\",\"height\":\"389\"},{\"@type\":\"BreadcrumbList\",\"@id\":\"https:\/\/iicolumnas.es\/index.php\/actualidad\/2018\/04\/21\/no-te-pierdas-iii-paseo-saludable-paradinas-san-juan\/#breadcrumb\",\"itemListElement\":[{\"@type\":\"ListItem\",\"position\":1,\"name\":\"Portada\",\"item\":\"https:\/\/iicolumnas.es\/\"},{\"@type\":\"ListItem\",\"position\":2,\"name\":\"Actualidad\",\"item\":\"https:\/\/iicolumnas.es\/index.php\/category\/actualidad\/\"},{\"@type\":\"ListItem\",\"position\":3,\"name\":\"No te pierdas el III Paseo Saludable de Paradinas de San Juan\"}]},{\"@type\":\"WebSite\",\"@id\":\"https:\/\/iicolumnas.es\/#website\",\"url\":\"https:\/\/iicolumnas.es\/\",\"name\":\"Dos Columnas\",\"description\":\"El peri\u00f3dico de la villa de Cantalpino\",\"potentialAction\":[{\"@type\":\"SearchAction\",\"target\":{\"@type\":\"EntryPoint\",\"urlTemplate\":\"https:\/\/iicolumnas.es\/?s={search_term_string}\"},\"query-input\":{\"@type\":\"PropertyValueSpecification\",\"valueRequired\":true,\"valueName\":\"search_term_string\"}}],\"inLanguage\":\"es\"},{\"@type\":\"Person\",\"@id\":\"https:\/\/iicolumnas.es\/#\/schema\/person\/703e12a73a5090b041b461663c8f0531\",\"name\":\"Lucia Pedroso\",\"image\":{\"@type\":\"ImageObject\",\"inLanguage\":\"es\",\"@id\":\"https:\/\/iicolumnas.es\/#\/schema\/person\/image\/\",\"url\":\"https:\/\/secure.gravatar.com\/avatar\/c6e08a497120c58e110f9fc761b0fe771e7120ebcb2789302216f51d5c9243cc?s=96&d=mm&r=g\",\"contentUrl\":\"https:\/\/secure.gravatar.com\/avatar\/c6e08a497120c58e110f9fc761b0fe771e7120ebcb2789302216f51d5c9243cc?s=96&d=mm&r=g\",\"caption\":\"Lucia Pedroso\"}}]}<\/script>\n<!-- \/ Yoast SEO plugin. -->","yoast_head_json":{"title":"No te pierdas el III Paseo Saludable de Paradinas de San Juan - Dos Columnas","robots":{"index":"index","follow":"follow","max-snippet":"max-snippet:-1","max-image-preview":"max-image-preview:large","max-video-preview":"max-video-preview:-1"},"canonical":"https:\/\/iicolumnas.es\/index.php\/actualidad\/2018\/04\/21\/no-te-pierdas-iii-paseo-saludable-paradinas-san-juan\/","og_locale":"es_ES","og_type":"article","og_title":"No te pierdas el III Paseo Saludable de Paradinas de San Juan - Dos Columnas","og_description":"El domingo 20 de mayo a las 10:00 horas se llevar\u00e1 a cabo el III Paseo Saludable en Paradinas de San Juan cuyos beneficios ir\u00e1n destinados a favor de la asociaci\u00f3n de padres de&#46;&#46;&#46;","og_url":"https:\/\/iicolumnas.es\/index.php\/actualidad\/2018\/04\/21\/no-te-pierdas-iii-paseo-saludable-paradinas-san-juan\/","og_site_name":"Dos Columnas","article_publisher":"https:\/\/www.facebook.com\/iicolumnas\/","article_published_time":"2018-04-21T09:46:35+00:00","og_image":[{"width":552,"height":389,"url":"https:\/\/iicolumnas.es\/wp-content\/uploads\/2018\/04\/74DC963F-9968-41A0-B559-6A39949FAEFC.jpeg","type":"image\/jpeg"}],"author":"Lucia Pedroso","twitter_card":"summary_large_image","twitter_creator":"@iicolumnas","twitter_site":"@iicolumnas","twitter_misc":{"Escrito por":"Lucia Pedroso","Tiempo de lectura":"1 minuto"},"schema":{"@context":"https:\/\/schema.org","@graph":[{"@type":"WebPage","@id":"https:\/\/iicolumnas.es\/index.php\/actualidad\/2018\/04\/21\/no-te-pierdas-iii-paseo-saludable-paradinas-san-juan\/","url":"https:\/\/iicolumnas.es\/index.php\/actualidad\/2018\/04\/21\/no-te-pierdas-iii-paseo-saludable-paradinas-san-juan\/","name":"No te pierdas el III Paseo Saludable de Paradinas de San Juan - Dos Columnas","isPartOf":{"@id":"https:\/\/iicolumnas.es\/#website"},"primaryImageOfPage":{"@id":"https:\/\/iicolumnas.es\/index.php\/actualidad\/2018\/04\/21\/no-te-pierdas-iii-paseo-saludable-paradinas-san-juan\/#primaryimage"},"image":{"@id":"https:\/\/iicolumnas.es\/index.php\/actualidad\/2018\/04\/21\/no-te-pierdas-iii-paseo-saludable-paradinas-san-juan\/#primaryimage"},"thumbnailUrl":"https:\/\/iicolumnas.es\/wp-content\/uploads\/2018\/04\/74DC963F-9968-41A0-B559-6A39949FAEFC.jpeg","datePublished":"2018-04-21T09:46:35+00:00","author":{"@id":"https:\/\/iicolumnas.es\/#\/schema\/person\/703e12a73a5090b041b461663c8f0531"},"breadcrumb":{"@id":"https:\/\/iicolumnas.es\/index.php\/actualidad\/2018\/04\/21\/no-te-pierdas-iii-paseo-saludable-paradinas-san-juan\/#breadcrumb"},"inLanguage":"es","potentialAction":[{"@type":"ReadAction","target":["https:\/\/iicolumnas.es\/index.php\/actualidad\/2018\/04\/21\/no-te-pierdas-iii-paseo-saludable-paradinas-san-juan\/"]}]},{"@type":"ImageObject","inLanguage":"es","@id":"https:\/\/iicolumnas.es\/index.php\/actualidad\/2018\/04\/21\/no-te-pierdas-iii-paseo-saludable-paradinas-san-juan\/#primaryimage","url":"https:\/\/iicolumnas.es\/wp-content\/uploads\/2018\/04\/74DC963F-9968-41A0-B559-6A39949FAEFC.jpeg","contentUrl":"https:\/\/iicolumnas.es\/wp-content\/uploads\/2018\/04\/74DC963F-9968-41A0-B559-6A39949FAEFC.jpeg","width":"552","height":"389"},{"@type":"BreadcrumbList","@id":"https:\/\/iicolumnas.es\/index.php\/actualidad\/2018\/04\/21\/no-te-pierdas-iii-paseo-saludable-paradinas-san-juan\/#breadcrumb","itemListElement":[{"@type":"ListItem","position":1,"name":"Portada","item":"https:\/\/iicolumnas.es\/"},{"@type":"ListItem","position":2,"name":"Actualidad","item":"https:\/\/iicolumnas.es\/index.php\/category\/actualidad\/"},{"@type":"ListItem","position":3,"name":"No te pierdas el III Paseo Saludable de Paradinas de San Juan"}]},{"@type":"WebSite","@id":"https:\/\/iicolumnas.es\/#website","url":"https:\/\/iicolumnas.es\/","name":"Dos Columnas","description":"El peri\u00f3dico de la villa de Cantalpino","potentialAction":[{"@type":"SearchAction","target":{"@type":"EntryPoint","urlTemplate":"https:\/\/iicolumnas.es\/?s={search_term_string}"},"query-input":{"@type":"PropertyValueSpecification","valueRequired":true,"valueName":"search_term_string"}}],"inLanguage":"es"},{"@type":"Person","@id":"https:\/\/iicolumnas.es\/#\/schema\/person\/703e12a73a5090b041b461663c8f0531","name":"Lucia Pedroso","image":{"@type":"ImageObject","inLanguage":"es","@id":"https:\/\/iicolumnas.es\/#\/schema\/person\/image\/","url":"https:\/\/secure.gravatar.com\/avatar\/c6e08a497120c58e110f9fc761b0fe771e7120ebcb2789302216f51d5c9243cc?s=96&d=mm&r=g","contentUrl":"https:\/\/secure.gravatar.com\/avatar\/c6e08a497120c58e110f9fc761b0fe771e7120ebcb2789302216f51d5c9243cc?s=96&d=mm&r=g","caption":"Lucia Pedroso"}}]}},"_links":{"self":[{"href":"https:\/\/iicolumnas.es\/index.php\/wp-json\/wp\/v2\/posts\/16919","targetHints":{"allow":["GET"]}}],"collection":[{"href":"https:\/\/iicolumnas.es\/index.php\/wp-json\/wp\/v2\/posts"}],"about":[{"href":"https:\/\/iicolumnas.es\/index.php\/wp-json\/wp\/v2\/types\/post"}],"author":[{"embeddable":true,"href":"https:\/\/iicolumnas.es\/index.php\/wp-json\/wp\/v2\/users\/18"}],"replies":[{"embeddable":true,"href":"https:\/\/iicolumnas.es\/index.php\/wp-json\/wp\/v2\/comments?post=16919"}],"version-history":[{"count":4,"href":"https:\/\/iicolumnas.es\/index.php\/wp-json\/wp\/v2\/posts\/16919\/revisions"}],"predecessor-version":[{"id":16950,"href":"https:\/\/iicolumnas.es\/index.php\/wp-json\/wp\/v2\/posts\/16919\/revisions\/16950"}],"wp:featuredmedia":[{"embeddable":true,"href":"https:\/\/iicolumnas.es\/index.php\/wp-json\/wp\/v2\/media\/16920"}],"wp:attachment":[{"href":"https:\/\/iicolumnas.es\/index.php\/wp-json\/wp\/v2\/media?parent=16919"}],"wp:term":[{"taxonomy":"category","embeddable":true,"href":"https:\/\/iicolumnas.es\/index.php\/wp-json\/wp\/v2\/categories?post=16919"},{"taxonomy":"post_tag","embeddable":true,"href":"https:\/\/iicolumnas.es\/index.php\/wp-json\/wp\/v2\/tags?post=16919"}],"curies":[{"name":"wp","href":"https:\/\/api.w.org\/{rel}","templated":true}]}}