{"id":16647,"date":"2018-04-02T18:39:13","date_gmt":"2018-04-02T18:39:13","guid":{"rendered":"https:\/\/iicolumnas.es\/?p=16647"},"modified":"2018-04-02T18:58:36","modified_gmt":"2018-04-02T18:58:36","slug":"nota-agradecimiento-la-familia-rufino-moreta-esteban","status":"publish","type":"post","link":"https:\/\/iicolumnas.es\/index.php\/actualidad\/2018\/04\/02\/nota-agradecimiento-la-familia-rufino-moreta-esteban\/","title":{"rendered":"Nota de agradecimiento de la familia de Rufino Moreta Esteban"},"content":{"rendered":"<p style=\"text-align: justify;\">Queremos a trav\u00e9s de este medio, mostrar nuestro m\u00e1s sincero agradecimiento al Ayuntamiento y Junta Agropecuaria Local de Cantalpino, Residencia la Casa del Abuelo, amigos y vecinos del pueblo, el apoyo, compa\u00f1\u00eda y gestos de gratitud que hemos recibido en estos dif\u00edciles momentos por el fallecimiento de nuestro padre, as\u00ed como si en realidad existe algo despu\u00e9s de esta vida, estamos seguros que nuestro padre siempre estar\u00e1 al lado de su familia y de la gente de su pueblo al que tanto quer\u00eda.<br \/>\nUn abrazo.<\/p>\n<p><img loading=\"lazy\" decoding=\"async\" class=\"alignleft size-full wp-image-16650\" src=\"https:\/\/iicolumnas.es\/wp-content\/uploads\/2018\/04\/2AC48824-B2E8-4751-A1C8-98ABC5B3A1AE.jpeg\" alt=\"\" width=\"800\" height=\"600\" srcset=\"https:\/\/iicolumnas.es\/wp-content\/uploads\/2018\/04\/2AC48824-B2E8-4751-A1C8-98ABC5B3A1AE.jpeg 800w, https:\/\/iicolumnas.es\/wp-content\/uploads\/2018\/04\/2AC48824-B2E8-4751-A1C8-98ABC5B3A1AE-300x225.jpeg 300w\" sizes=\"auto, (max-width: 800px) 100vw, 800px\" \/><\/p>\n","protected":false},"excerpt":{"rendered":"<p>Queremos a trav\u00e9s de este medio, mostrar nuestro m\u00e1s sincero agradecimiento al Ayuntamiento y Junta Agropecuaria Local de Cantalpino, Residencia la Casa del Abuelo, amigos y vecinos del pueblo, el apoyo, compa\u00f1\u00eda y gestos&#46;&#46;&#46;<\/p>\n","protected":false},"author":18,"featured_media":16650,"comment_status":"open","ping_status":"open","sticky":false,"template":"","format":"standard","meta":{"footnotes":""},"categories":[1],"tags":[1624,1625,259,14,1623,1622],"class_list":["post-16647","post","type-post","status-publish","format-standard","has-post-thumbnail","hentry","category-actualidad","tag-abril","tag-abril-2018","tag-ayuntamiento-de-cantalpino","tag-cantalpino","tag-familia-rufino-moreta-esteban","tag-nota-agradecimiento"],"yoast_head":"<!-- This site is optimized with the Yoast SEO plugin v26.6 - https:\/\/yoast.com\/wordpress\/plugins\/seo\/ -->\n<title>Nota de agradecimiento de la familia de Rufino Moreta Esteban - Dos Columnas<\/title>\n<meta name=\"robots\" content=\"index, follow, max-snippet:-1, max-image-preview:large, max-video-preview:-1\" \/>\n<link rel=\"canonical\" href=\"https:\/\/iicolumnas.es\/index.php\/actualidad\/2018\/04\/02\/nota-agradecimiento-la-familia-rufino-moreta-esteban\/\" \/>\n<meta property=\"og:locale\" content=\"es_ES\" \/>\n<meta property=\"og:type\" content=\"article\" \/>\n<meta property=\"og:title\" content=\"Nota de agradecimiento de la familia de Rufino Moreta Esteban - Dos Columnas\" \/>\n<meta property=\"og:description\" content=\"Queremos a trav\u00e9s de este medio, mostrar nuestro m\u00e1s sincero agradecimiento al Ayuntamiento y Junta Agropecuaria Local de Cantalpino, Residencia la Casa del Abuelo, amigos y vecinos del pueblo, el apoyo, compa\u00f1\u00eda y gestos&#046;&#046;&#046;\" \/>\n<meta property=\"og:url\" content=\"https:\/\/iicolumnas.es\/index.php\/actualidad\/2018\/04\/02\/nota-agradecimiento-la-familia-rufino-moreta-esteban\/\" \/>\n<meta property=\"og:site_name\" content=\"Dos Columnas\" \/>\n<meta property=\"article:publisher\" content=\"https:\/\/www.facebook.com\/iicolumnas\/\" \/>\n<meta property=\"article:published_time\" content=\"2018-04-02T18:39:13+00:00\" \/>\n<meta property=\"article:modified_time\" content=\"2018-04-02T18:58:36+00:00\" \/>\n<meta property=\"og:image\" content=\"https:\/\/iicolumnas.es\/wp-content\/uploads\/2018\/04\/2AC48824-B2E8-4751-A1C8-98ABC5B3A1AE.jpeg\" \/>\n\t<meta property=\"og:image:width\" content=\"800\" \/>\n\t<meta property=\"og:image:height\" content=\"600\" \/>\n\t<meta property=\"og:image:type\" content=\"image\/jpeg\" \/>\n<meta name=\"author\" content=\"Lucia Pedroso\" \/>\n<meta name=\"twitter:card\" content=\"summary_large_image\" \/>\n<meta name=\"twitter:creator\" content=\"@iicolumnas\" \/>\n<meta name=\"twitter:site\" content=\"@iicolumnas\" \/>\n<meta name=\"twitter:label1\" content=\"Escrito por\" \/>\n\t<meta name=\"twitter:data1\" content=\"Lucia Pedroso\" \/>\n<script type=\"application\/ld+json\" class=\"yoast-schema-graph\">{\"@context\":\"https:\/\/schema.org\",\"@graph\":[{\"@type\":\"WebPage\",\"@id\":\"https:\/\/iicolumnas.es\/index.php\/actualidad\/2018\/04\/02\/nota-agradecimiento-la-familia-rufino-moreta-esteban\/\",\"url\":\"https:\/\/iicolumnas.es\/index.php\/actualidad\/2018\/04\/02\/nota-agradecimiento-la-familia-rufino-moreta-esteban\/\",\"name\":\"Nota de agradecimiento de la familia de Rufino Moreta Esteban - Dos Columnas\",\"isPartOf\":{\"@id\":\"https:\/\/iicolumnas.es\/#website\"},\"primaryImageOfPage\":{\"@id\":\"https:\/\/iicolumnas.es\/index.php\/actualidad\/2018\/04\/02\/nota-agradecimiento-la-familia-rufino-moreta-esteban\/#primaryimage\"},\"image\":{\"@id\":\"https:\/\/iicolumnas.es\/index.php\/actualidad\/2018\/04\/02\/nota-agradecimiento-la-familia-rufino-moreta-esteban\/#primaryimage\"},\"thumbnailUrl\":\"https:\/\/iicolumnas.es\/wp-content\/uploads\/2018\/04\/2AC48824-B2E8-4751-A1C8-98ABC5B3A1AE.jpeg\",\"datePublished\":\"2018-04-02T18:39:13+00:00\",\"dateModified\":\"2018-04-02T18:58:36+00:00\",\"author\":{\"@id\":\"https:\/\/iicolumnas.es\/#\/schema\/person\/703e12a73a5090b041b461663c8f0531\"},\"breadcrumb\":{\"@id\":\"https:\/\/iicolumnas.es\/index.php\/actualidad\/2018\/04\/02\/nota-agradecimiento-la-familia-rufino-moreta-esteban\/#breadcrumb\"},\"inLanguage\":\"es\",\"potentialAction\":[{\"@type\":\"ReadAction\",\"target\":[\"https:\/\/iicolumnas.es\/index.php\/actualidad\/2018\/04\/02\/nota-agradecimiento-la-familia-rufino-moreta-esteban\/\"]}]},{\"@type\":\"ImageObject\",\"inLanguage\":\"es\",\"@id\":\"https:\/\/iicolumnas.es\/index.php\/actualidad\/2018\/04\/02\/nota-agradecimiento-la-familia-rufino-moreta-esteban\/#primaryimage\",\"url\":\"https:\/\/iicolumnas.es\/wp-content\/uploads\/2018\/04\/2AC48824-B2E8-4751-A1C8-98ABC5B3A1AE.jpeg\",\"contentUrl\":\"https:\/\/iicolumnas.es\/wp-content\/uploads\/2018\/04\/2AC48824-B2E8-4751-A1C8-98ABC5B3A1AE.jpeg\",\"width\":\"800\",\"height\":\"600\"},{\"@type\":\"BreadcrumbList\",\"@id\":\"https:\/\/iicolumnas.es\/index.php\/actualidad\/2018\/04\/02\/nota-agradecimiento-la-familia-rufino-moreta-esteban\/#breadcrumb\",\"itemListElement\":[{\"@type\":\"ListItem\",\"position\":1,\"name\":\"Portada\",\"item\":\"https:\/\/iicolumnas.es\/\"},{\"@type\":\"ListItem\",\"position\":2,\"name\":\"Actualidad\",\"item\":\"https:\/\/iicolumnas.es\/index.php\/category\/actualidad\/\"},{\"@type\":\"ListItem\",\"position\":3,\"name\":\"Nota de agradecimiento de la familia de Rufino Moreta Esteban\"}]},{\"@type\":\"WebSite\",\"@id\":\"https:\/\/iicolumnas.es\/#website\",\"url\":\"https:\/\/iicolumnas.es\/\",\"name\":\"Dos Columnas\",\"description\":\"El peri\u00f3dico de la villa de Cantalpino\",\"potentialAction\":[{\"@type\":\"SearchAction\",\"target\":{\"@type\":\"EntryPoint\",\"urlTemplate\":\"https:\/\/iicolumnas.es\/?s={search_term_string}\"},\"query-input\":{\"@type\":\"PropertyValueSpecification\",\"valueRequired\":true,\"valueName\":\"search_term_string\"}}],\"inLanguage\":\"es\"},{\"@type\":\"Person\",\"@id\":\"https:\/\/iicolumnas.es\/#\/schema\/person\/703e12a73a5090b041b461663c8f0531\",\"name\":\"Lucia Pedroso\",\"image\":{\"@type\":\"ImageObject\",\"inLanguage\":\"es\",\"@id\":\"https:\/\/iicolumnas.es\/#\/schema\/person\/image\/\",\"url\":\"https:\/\/secure.gravatar.com\/avatar\/c6e08a497120c58e110f9fc761b0fe771e7120ebcb2789302216f51d5c9243cc?s=96&d=mm&r=g\",\"contentUrl\":\"https:\/\/secure.gravatar.com\/avatar\/c6e08a497120c58e110f9fc761b0fe771e7120ebcb2789302216f51d5c9243cc?s=96&d=mm&r=g\",\"caption\":\"Lucia Pedroso\"}}]}<\/script>\n<!-- \/ Yoast SEO plugin. -->","yoast_head_json":{"title":"Nota de agradecimiento de la familia de Rufino Moreta Esteban - Dos Columnas","robots":{"index":"index","follow":"follow","max-snippet":"max-snippet:-1","max-image-preview":"max-image-preview:large","max-video-preview":"max-video-preview:-1"},"canonical":"https:\/\/iicolumnas.es\/index.php\/actualidad\/2018\/04\/02\/nota-agradecimiento-la-familia-rufino-moreta-esteban\/","og_locale":"es_ES","og_type":"article","og_title":"Nota de agradecimiento de la familia de Rufino Moreta Esteban - Dos Columnas","og_description":"Queremos a trav\u00e9s de este medio, mostrar nuestro m\u00e1s sincero agradecimiento al Ayuntamiento y Junta Agropecuaria Local de Cantalpino, Residencia la Casa del Abuelo, amigos y vecinos del pueblo, el apoyo, compa\u00f1\u00eda y gestos&#46;&#46;&#46;","og_url":"https:\/\/iicolumnas.es\/index.php\/actualidad\/2018\/04\/02\/nota-agradecimiento-la-familia-rufino-moreta-esteban\/","og_site_name":"Dos Columnas","article_publisher":"https:\/\/www.facebook.com\/iicolumnas\/","article_published_time":"2018-04-02T18:39:13+00:00","article_modified_time":"2018-04-02T18:58:36+00:00","og_image":[{"width":800,"height":600,"url":"https:\/\/iicolumnas.es\/wp-content\/uploads\/2018\/04\/2AC48824-B2E8-4751-A1C8-98ABC5B3A1AE.jpeg","type":"image\/jpeg"}],"author":"Lucia Pedroso","twitter_card":"summary_large_image","twitter_creator":"@iicolumnas","twitter_site":"@iicolumnas","twitter_misc":{"Escrito por":"Lucia Pedroso"},"schema":{"@context":"https:\/\/schema.org","@graph":[{"@type":"WebPage","@id":"https:\/\/iicolumnas.es\/index.php\/actualidad\/2018\/04\/02\/nota-agradecimiento-la-familia-rufino-moreta-esteban\/","url":"https:\/\/iicolumnas.es\/index.php\/actualidad\/2018\/04\/02\/nota-agradecimiento-la-familia-rufino-moreta-esteban\/","name":"Nota de agradecimiento de la familia de Rufino Moreta Esteban - Dos Columnas","isPartOf":{"@id":"https:\/\/iicolumnas.es\/#website"},"primaryImageOfPage":{"@id":"https:\/\/iicolumnas.es\/index.php\/actualidad\/2018\/04\/02\/nota-agradecimiento-la-familia-rufino-moreta-esteban\/#primaryimage"},"image":{"@id":"https:\/\/iicolumnas.es\/index.php\/actualidad\/2018\/04\/02\/nota-agradecimiento-la-familia-rufino-moreta-esteban\/#primaryimage"},"thumbnailUrl":"https:\/\/iicolumnas.es\/wp-content\/uploads\/2018\/04\/2AC48824-B2E8-4751-A1C8-98ABC5B3A1AE.jpeg","datePublished":"2018-04-02T18:39:13+00:00","dateModified":"2018-04-02T18:58:36+00:00","author":{"@id":"https:\/\/iicolumnas.es\/#\/schema\/person\/703e12a73a5090b041b461663c8f0531"},"breadcrumb":{"@id":"https:\/\/iicolumnas.es\/index.php\/actualidad\/2018\/04\/02\/nota-agradecimiento-la-familia-rufino-moreta-esteban\/#breadcrumb"},"inLanguage":"es","potentialAction":[{"@type":"ReadAction","target":["https:\/\/iicolumnas.es\/index.php\/actualidad\/2018\/04\/02\/nota-agradecimiento-la-familia-rufino-moreta-esteban\/"]}]},{"@type":"ImageObject","inLanguage":"es","@id":"https:\/\/iicolumnas.es\/index.php\/actualidad\/2018\/04\/02\/nota-agradecimiento-la-familia-rufino-moreta-esteban\/#primaryimage","url":"https:\/\/iicolumnas.es\/wp-content\/uploads\/2018\/04\/2AC48824-B2E8-4751-A1C8-98ABC5B3A1AE.jpeg","contentUrl":"https:\/\/iicolumnas.es\/wp-content\/uploads\/2018\/04\/2AC48824-B2E8-4751-A1C8-98ABC5B3A1AE.jpeg","width":"800","height":"600"},{"@type":"BreadcrumbList","@id":"https:\/\/iicolumnas.es\/index.php\/actualidad\/2018\/04\/02\/nota-agradecimiento-la-familia-rufino-moreta-esteban\/#breadcrumb","itemListElement":[{"@type":"ListItem","position":1,"name":"Portada","item":"https:\/\/iicolumnas.es\/"},{"@type":"ListItem","position":2,"name":"Actualidad","item":"https:\/\/iicolumnas.es\/index.php\/category\/actualidad\/"},{"@type":"ListItem","position":3,"name":"Nota de agradecimiento de la familia de Rufino Moreta Esteban"}]},{"@type":"WebSite","@id":"https:\/\/iicolumnas.es\/#website","url":"https:\/\/iicolumnas.es\/","name":"Dos Columnas","description":"El peri\u00f3dico de la villa de Cantalpino","potentialAction":[{"@type":"SearchAction","target":{"@type":"EntryPoint","urlTemplate":"https:\/\/iicolumnas.es\/?s={search_term_string}"},"query-input":{"@type":"PropertyValueSpecification","valueRequired":true,"valueName":"search_term_string"}}],"inLanguage":"es"},{"@type":"Person","@id":"https:\/\/iicolumnas.es\/#\/schema\/person\/703e12a73a5090b041b461663c8f0531","name":"Lucia Pedroso","image":{"@type":"ImageObject","inLanguage":"es","@id":"https:\/\/iicolumnas.es\/#\/schema\/person\/image\/","url":"https:\/\/secure.gravatar.com\/avatar\/c6e08a497120c58e110f9fc761b0fe771e7120ebcb2789302216f51d5c9243cc?s=96&d=mm&r=g","contentUrl":"https:\/\/secure.gravatar.com\/avatar\/c6e08a497120c58e110f9fc761b0fe771e7120ebcb2789302216f51d5c9243cc?s=96&d=mm&r=g","caption":"Lucia Pedroso"}}]}},"_links":{"self":[{"href":"https:\/\/iicolumnas.es\/index.php\/wp-json\/wp\/v2\/posts\/16647","targetHints":{"allow":["GET"]}}],"collection":[{"href":"https:\/\/iicolumnas.es\/index.php\/wp-json\/wp\/v2\/posts"}],"about":[{"href":"https:\/\/iicolumnas.es\/index.php\/wp-json\/wp\/v2\/types\/post"}],"author":[{"embeddable":true,"href":"https:\/\/iicolumnas.es\/index.php\/wp-json\/wp\/v2\/users\/18"}],"replies":[{"embeddable":true,"href":"https:\/\/iicolumnas.es\/index.php\/wp-json\/wp\/v2\/comments?post=16647"}],"version-history":[{"count":5,"href":"https:\/\/iicolumnas.es\/index.php\/wp-json\/wp\/v2\/posts\/16647\/revisions"}],"predecessor-version":[{"id":16653,"href":"https:\/\/iicolumnas.es\/index.php\/wp-json\/wp\/v2\/posts\/16647\/revisions\/16653"}],"wp:featuredmedia":[{"embeddable":true,"href":"https:\/\/iicolumnas.es\/index.php\/wp-json\/wp\/v2\/media\/16650"}],"wp:attachment":[{"href":"https:\/\/iicolumnas.es\/index.php\/wp-json\/wp\/v2\/media?parent=16647"}],"wp:term":[{"taxonomy":"category","embeddable":true,"href":"https:\/\/iicolumnas.es\/index.php\/wp-json\/wp\/v2\/categories?post=16647"},{"taxonomy":"post_tag","embeddable":true,"href":"https:\/\/iicolumnas.es\/index.php\/wp-json\/wp\/v2\/tags?post=16647"}],"curies":[{"name":"wp","href":"https:\/\/api.w.org\/{rel}","templated":true}]}}