{"id":1570,"date":"2016-03-27T16:12:12","date_gmt":"2016-03-27T16:12:12","guid":{"rendered":"https:\/\/iicolumnas.es\/?p=1570"},"modified":"2016-03-28T07:31:31","modified_gmt":"2016-03-28T07:31:31","slug":"agradecimiento-salesiano","status":"publish","type":"post","link":"https:\/\/iicolumnas.es\/index.php\/actualidad\/2016\/03\/27\/agradecimiento-salesiano\/","title":{"rendered":"Agradecimiento salesiano"},"content":{"rendered":"<p><img loading=\"lazy\" decoding=\"async\" class=\" wp-image-1357 alignright\" src=\"https:\/\/iicolumnas.es\/wp-content\/uploads\/2016\/03\/jueves-santo28-300x225.jpg\" alt=\"jueves santo dos columnas cantalpino\" width=\"272\" height=\"204\" srcset=\"https:\/\/iicolumnas.es\/wp-content\/uploads\/2016\/03\/jueves-santo28-300x225.jpg 300w, https:\/\/iicolumnas.es\/wp-content\/uploads\/2016\/03\/jueves-santo28.jpg 400w\" sizes=\"auto, (max-width: 272px) 100vw, 272px\" \/>Como cada a\u00f1o por estas fechas de Pascua, peque\u00f1os grupos de la familia salesiana pasan por Cantalpino a celebrar la Semana Santa; este a\u00f1o el grupo formado por Mayte Blazqez (paisana de Cantalpino) Laura, Paloma y Javi han celebrado su Pascua entre nosotros y tanto a la redacci\u00f3n de Rtv al d\u00eda como a Dos \u00a0Columnas nos han dedicado unas letras que a continuaci\u00f3n os ponemos.<\/p>\n<p>Desde aqu\u00ed agradecer su presencia entre nosotros y el hecho de que hallan dedicado un ratito de su tiempo para dejarnos estas letras. Un saludo y hasta que quer\u00e1is volver, sab\u00e9is que en Cantalpino cualquier miembro de la Familia Salesiana siempre es recibido con los brazos abiertos.<\/p>\n<p><em><strong>As\u00ed vivimos la Pascua en Cantalpino.<\/strong><\/em><br \/>\n<em>Publicado: Javier C, Laura G y S. Mayte B. Fma. y Paloma R. Fma.<\/em><br \/>\n<em>En la actualidad la Casa de Sor Eusebia es lugar de acogida y de encuentro para grupos de<\/em><br \/>\n<em>familia salesiana donde se celebran Campos de trabajo, Convivencias\u2026 y sobre todo para<\/em><br \/>\n<em>recordar y empaparnos del testimonio de esta gran salesiana.<\/em><br \/>\n<em>Desde hace a\u00f1os, las Salesianas en colaboraci\u00f3n con el sacerdote de la parroquia, animan a un<\/em><br \/>\n<em>grupo de j\u00f3venes a vivir una experiencia de Pascua acompa\u00f1ando las celebraciones del<\/em><br \/>\n<em>pueblo.<\/em><br \/>\n<em>Este a\u00f1o hemos venido un grupo formado por dos salesianas y dos seglares. Durante estos d\u00edas<\/em><br \/>\n<em>hemos participado y colaborado de las distintas celebraciones: laudes, oficios, hora santa,<\/em><br \/>\n<em>procesiones\u2026<\/em><br \/>\n<em>Pero nuestra experiencia ha ido m\u00e1s all\u00e1, tambi\u00e9n ha sido un tiempo de compartir juntos<\/em><br \/>\n<em>nuestra fe, de encontrarnos en silencio ante Jes\u00fas y confrontar nuestra vida.<\/em><br \/>\n<em>Durante la Pascua hemos rezado con las situaciones de dolor, sufrimiento y soledad que<\/em><br \/>\n<em>existen en nuestro mundo: en especial los cristianos perseguidos, el Padre Tomas (salesiano)<\/em><br \/>\n<em>secuestrado en Yemen, los refugiados, el paro juvenil, experiencias cercanas de enfermedad,<\/em><br \/>\n<em>familias con necesidades econ\u00f3micas.<\/em><br \/>\n<em>Consideramos que participar en la Pascua ha sido una gran oportunidad para compartir la fe y<\/em><br \/>\n<em>la vida del pueblo en Semana Santa, que como Jes\u00fas se acerca a las personas, camina con ellas<\/em><br \/>\n<em>y tiene gestos concretos de misericordia.<\/em><br \/>\n<em>Agradecemos a D. Anastasio y a los vecinos su acogida y hacernos sentir uno m\u00e1s entre<\/em><br \/>\n<em>vosotros.<\/em><\/p>\n","protected":false},"excerpt":{"rendered":"<p>Como cada a\u00f1o por estas fechas de Pascua, peque\u00f1os grupos de la familia salesiana pasan por Cantalpino a celebrar la Semana Santa; este a\u00f1o el grupo formado por Mayte Blazqez (paisana de Cantalpino) Laura,&#46;&#46;&#46;<\/p>\n","protected":false},"author":13,"featured_media":1572,"comment_status":"open","ping_status":"open","sticky":false,"template":"","format":"standard","meta":{"footnotes":""},"categories":[1],"tags":[158,108,25],"class_list":["post-1570","post","type-post","status-publish","format-standard","has-post-thumbnail","hentry","category-actualidad","tag-salesianas","tag-semana-santa","tag-sor-eusebia"],"yoast_head":"<!-- This site is optimized with the Yoast SEO plugin v26.6 - https:\/\/yoast.com\/wordpress\/plugins\/seo\/ -->\n<title>Agradecimiento salesiano - Dos Columnas<\/title>\n<meta name=\"robots\" content=\"noindex, nofollow\" \/>\n<meta property=\"og:locale\" content=\"es_ES\" \/>\n<meta property=\"og:type\" content=\"article\" \/>\n<meta property=\"og:title\" content=\"Agradecimiento salesiano - Dos Columnas\" \/>\n<meta property=\"og:description\" content=\"Como cada a\u00f1o por estas fechas de Pascua, peque\u00f1os grupos de la familia salesiana pasan por Cantalpino a celebrar la Semana Santa; este a\u00f1o el grupo formado por Mayte Blazqez (paisana de Cantalpino) Laura,&#046;&#046;&#046;\" \/>\n<meta property=\"og:url\" content=\"https:\/\/iicolumnas.es\/index.php\/actualidad\/2016\/03\/27\/agradecimiento-salesiano\/\" \/>\n<meta property=\"og:site_name\" content=\"Dos Columnas\" \/>\n<meta property=\"article:publisher\" content=\"https:\/\/www.facebook.com\/iicolumnas\/\" \/>\n<meta property=\"article:published_time\" content=\"2016-03-27T16:12:12+00:00\" \/>\n<meta property=\"article:modified_time\" content=\"2016-03-28T07:31:31+00:00\" \/>\n<meta property=\"og:image\" content=\"https:\/\/iicolumnas.es\/wp-content\/uploads\/2016\/03\/salesianas-pascua.jpg\" \/>\n\t<meta property=\"og:image:width\" content=\"972\" \/>\n\t<meta property=\"og:image:height\" content=\"729\" \/>\n\t<meta property=\"og:image:type\" content=\"image\/jpeg\" \/>\n<meta name=\"author\" content=\"Luc\u00eda Mart\u00edn\" \/>\n<meta name=\"twitter:card\" content=\"summary_large_image\" \/>\n<meta name=\"twitter:creator\" content=\"@iicolumnas\" \/>\n<meta name=\"twitter:site\" content=\"@iicolumnas\" \/>\n<meta name=\"twitter:label1\" content=\"Escrito por\" \/>\n\t<meta name=\"twitter:data1\" content=\"Luc\u00eda Mart\u00edn\" \/>\n\t<meta name=\"twitter:label2\" content=\"Tiempo de lectura\" \/>\n\t<meta name=\"twitter:data2\" content=\"2 minutos\" \/>\n<script type=\"application\/ld+json\" class=\"yoast-schema-graph\">{\"@context\":\"https:\/\/schema.org\",\"@graph\":[{\"@type\":\"WebPage\",\"@id\":\"https:\/\/iicolumnas.es\/index.php\/actualidad\/2016\/03\/27\/agradecimiento-salesiano\/\",\"url\":\"https:\/\/iicolumnas.es\/index.php\/actualidad\/2016\/03\/27\/agradecimiento-salesiano\/\",\"name\":\"Agradecimiento salesiano - Dos Columnas\",\"isPartOf\":{\"@id\":\"https:\/\/iicolumnas.es\/#website\"},\"primaryImageOfPage\":{\"@id\":\"https:\/\/iicolumnas.es\/index.php\/actualidad\/2016\/03\/27\/agradecimiento-salesiano\/#primaryimage\"},\"image\":{\"@id\":\"https:\/\/iicolumnas.es\/index.php\/actualidad\/2016\/03\/27\/agradecimiento-salesiano\/#primaryimage\"},\"thumbnailUrl\":\"https:\/\/iicolumnas.es\/wp-content\/uploads\/2016\/03\/salesianas-pascua.jpg\",\"datePublished\":\"2016-03-27T16:12:12+00:00\",\"dateModified\":\"2016-03-28T07:31:31+00:00\",\"author\":{\"@id\":\"https:\/\/iicolumnas.es\/#\/schema\/person\/d0b468295022f1c525f1f08174e5094e\"},\"breadcrumb\":{\"@id\":\"https:\/\/iicolumnas.es\/index.php\/actualidad\/2016\/03\/27\/agradecimiento-salesiano\/#breadcrumb\"},\"inLanguage\":\"es\",\"potentialAction\":[{\"@type\":\"ReadAction\",\"target\":[\"https:\/\/iicolumnas.es\/index.php\/actualidad\/2016\/03\/27\/agradecimiento-salesiano\/\"]}]},{\"@type\":\"ImageObject\",\"inLanguage\":\"es\",\"@id\":\"https:\/\/iicolumnas.es\/index.php\/actualidad\/2016\/03\/27\/agradecimiento-salesiano\/#primaryimage\",\"url\":\"https:\/\/iicolumnas.es\/wp-content\/uploads\/2016\/03\/salesianas-pascua.jpg\",\"contentUrl\":\"https:\/\/iicolumnas.es\/wp-content\/uploads\/2016\/03\/salesianas-pascua.jpg\",\"width\":\"972\",\"height\":\"729\"},{\"@type\":\"BreadcrumbList\",\"@id\":\"https:\/\/iicolumnas.es\/index.php\/actualidad\/2016\/03\/27\/agradecimiento-salesiano\/#breadcrumb\",\"itemListElement\":[{\"@type\":\"ListItem\",\"position\":1,\"name\":\"Portada\",\"item\":\"https:\/\/iicolumnas.es\/\"},{\"@type\":\"ListItem\",\"position\":2,\"name\":\"Actualidad\",\"item\":\"https:\/\/iicolumnas.es\/index.php\/category\/actualidad\/\"},{\"@type\":\"ListItem\",\"position\":3,\"name\":\"Agradecimiento salesiano\"}]},{\"@type\":\"WebSite\",\"@id\":\"https:\/\/iicolumnas.es\/#website\",\"url\":\"https:\/\/iicolumnas.es\/\",\"name\":\"Dos Columnas\",\"description\":\"El peri\u00f3dico de la villa de Cantalpino\",\"potentialAction\":[{\"@type\":\"SearchAction\",\"target\":{\"@type\":\"EntryPoint\",\"urlTemplate\":\"https:\/\/iicolumnas.es\/?s={search_term_string}\"},\"query-input\":{\"@type\":\"PropertyValueSpecification\",\"valueRequired\":true,\"valueName\":\"search_term_string\"}}],\"inLanguage\":\"es\"},{\"@type\":\"Person\",\"@id\":\"https:\/\/iicolumnas.es\/#\/schema\/person\/d0b468295022f1c525f1f08174e5094e\",\"name\":\"Luc\u00eda Mart\u00edn\",\"image\":{\"@type\":\"ImageObject\",\"inLanguage\":\"es\",\"@id\":\"https:\/\/iicolumnas.es\/#\/schema\/person\/image\/\",\"url\":\"https:\/\/secure.gravatar.com\/avatar\/93fc1f88b1a03f8c364002e3c0eeaed8496b37404ac5fb74c332af7fc73d81f9?s=96&d=mm&r=g\",\"contentUrl\":\"https:\/\/secure.gravatar.com\/avatar\/93fc1f88b1a03f8c364002e3c0eeaed8496b37404ac5fb74c332af7fc73d81f9?s=96&d=mm&r=g\",\"caption\":\"Luc\u00eda Mart\u00edn\"}}]}<\/script>\n<!-- \/ Yoast SEO plugin. -->","yoast_head_json":{"title":"Agradecimiento salesiano - Dos Columnas","robots":{"index":"noindex","follow":"nofollow"},"og_locale":"es_ES","og_type":"article","og_title":"Agradecimiento salesiano - Dos Columnas","og_description":"Como cada a\u00f1o por estas fechas de Pascua, peque\u00f1os grupos de la familia salesiana pasan por Cantalpino a celebrar la Semana Santa; este a\u00f1o el grupo formado por Mayte Blazqez (paisana de Cantalpino) Laura,&#46;&#46;&#46;","og_url":"https:\/\/iicolumnas.es\/index.php\/actualidad\/2016\/03\/27\/agradecimiento-salesiano\/","og_site_name":"Dos Columnas","article_publisher":"https:\/\/www.facebook.com\/iicolumnas\/","article_published_time":"2016-03-27T16:12:12+00:00","article_modified_time":"2016-03-28T07:31:31+00:00","og_image":[{"width":972,"height":729,"url":"https:\/\/iicolumnas.es\/wp-content\/uploads\/2016\/03\/salesianas-pascua.jpg","type":"image\/jpeg"}],"author":"Luc\u00eda Mart\u00edn","twitter_card":"summary_large_image","twitter_creator":"@iicolumnas","twitter_site":"@iicolumnas","twitter_misc":{"Escrito por":"Luc\u00eda Mart\u00edn","Tiempo de lectura":"2 minutos"},"schema":{"@context":"https:\/\/schema.org","@graph":[{"@type":"WebPage","@id":"https:\/\/iicolumnas.es\/index.php\/actualidad\/2016\/03\/27\/agradecimiento-salesiano\/","url":"https:\/\/iicolumnas.es\/index.php\/actualidad\/2016\/03\/27\/agradecimiento-salesiano\/","name":"Agradecimiento salesiano - Dos Columnas","isPartOf":{"@id":"https:\/\/iicolumnas.es\/#website"},"primaryImageOfPage":{"@id":"https:\/\/iicolumnas.es\/index.php\/actualidad\/2016\/03\/27\/agradecimiento-salesiano\/#primaryimage"},"image":{"@id":"https:\/\/iicolumnas.es\/index.php\/actualidad\/2016\/03\/27\/agradecimiento-salesiano\/#primaryimage"},"thumbnailUrl":"https:\/\/iicolumnas.es\/wp-content\/uploads\/2016\/03\/salesianas-pascua.jpg","datePublished":"2016-03-27T16:12:12+00:00","dateModified":"2016-03-28T07:31:31+00:00","author":{"@id":"https:\/\/iicolumnas.es\/#\/schema\/person\/d0b468295022f1c525f1f08174e5094e"},"breadcrumb":{"@id":"https:\/\/iicolumnas.es\/index.php\/actualidad\/2016\/03\/27\/agradecimiento-salesiano\/#breadcrumb"},"inLanguage":"es","potentialAction":[{"@type":"ReadAction","target":["https:\/\/iicolumnas.es\/index.php\/actualidad\/2016\/03\/27\/agradecimiento-salesiano\/"]}]},{"@type":"ImageObject","inLanguage":"es","@id":"https:\/\/iicolumnas.es\/index.php\/actualidad\/2016\/03\/27\/agradecimiento-salesiano\/#primaryimage","url":"https:\/\/iicolumnas.es\/wp-content\/uploads\/2016\/03\/salesianas-pascua.jpg","contentUrl":"https:\/\/iicolumnas.es\/wp-content\/uploads\/2016\/03\/salesianas-pascua.jpg","width":"972","height":"729"},{"@type":"BreadcrumbList","@id":"https:\/\/iicolumnas.es\/index.php\/actualidad\/2016\/03\/27\/agradecimiento-salesiano\/#breadcrumb","itemListElement":[{"@type":"ListItem","position":1,"name":"Portada","item":"https:\/\/iicolumnas.es\/"},{"@type":"ListItem","position":2,"name":"Actualidad","item":"https:\/\/iicolumnas.es\/index.php\/category\/actualidad\/"},{"@type":"ListItem","position":3,"name":"Agradecimiento salesiano"}]},{"@type":"WebSite","@id":"https:\/\/iicolumnas.es\/#website","url":"https:\/\/iicolumnas.es\/","name":"Dos Columnas","description":"El peri\u00f3dico de la villa de Cantalpino","potentialAction":[{"@type":"SearchAction","target":{"@type":"EntryPoint","urlTemplate":"https:\/\/iicolumnas.es\/?s={search_term_string}"},"query-input":{"@type":"PropertyValueSpecification","valueRequired":true,"valueName":"search_term_string"}}],"inLanguage":"es"},{"@type":"Person","@id":"https:\/\/iicolumnas.es\/#\/schema\/person\/d0b468295022f1c525f1f08174e5094e","name":"Luc\u00eda Mart\u00edn","image":{"@type":"ImageObject","inLanguage":"es","@id":"https:\/\/iicolumnas.es\/#\/schema\/person\/image\/","url":"https:\/\/secure.gravatar.com\/avatar\/93fc1f88b1a03f8c364002e3c0eeaed8496b37404ac5fb74c332af7fc73d81f9?s=96&d=mm&r=g","contentUrl":"https:\/\/secure.gravatar.com\/avatar\/93fc1f88b1a03f8c364002e3c0eeaed8496b37404ac5fb74c332af7fc73d81f9?s=96&d=mm&r=g","caption":"Luc\u00eda Mart\u00edn"}}]}},"_links":{"self":[{"href":"https:\/\/iicolumnas.es\/index.php\/wp-json\/wp\/v2\/posts\/1570","targetHints":{"allow":["GET"]}}],"collection":[{"href":"https:\/\/iicolumnas.es\/index.php\/wp-json\/wp\/v2\/posts"}],"about":[{"href":"https:\/\/iicolumnas.es\/index.php\/wp-json\/wp\/v2\/types\/post"}],"author":[{"embeddable":true,"href":"https:\/\/iicolumnas.es\/index.php\/wp-json\/wp\/v2\/users\/13"}],"replies":[{"embeddable":true,"href":"https:\/\/iicolumnas.es\/index.php\/wp-json\/wp\/v2\/comments?post=1570"}],"version-history":[{"count":0,"href":"https:\/\/iicolumnas.es\/index.php\/wp-json\/wp\/v2\/posts\/1570\/revisions"}],"wp:featuredmedia":[{"embeddable":true,"href":"https:\/\/iicolumnas.es\/index.php\/wp-json\/wp\/v2\/media\/1572"}],"wp:attachment":[{"href":"https:\/\/iicolumnas.es\/index.php\/wp-json\/wp\/v2\/media?parent=1570"}],"wp:term":[{"taxonomy":"category","embeddable":true,"href":"https:\/\/iicolumnas.es\/index.php\/wp-json\/wp\/v2\/categories?post=1570"},{"taxonomy":"post_tag","embeddable":true,"href":"https:\/\/iicolumnas.es\/index.php\/wp-json\/wp\/v2\/tags?post=1570"}],"curies":[{"name":"wp","href":"https:\/\/api.w.org\/{rel}","templated":true}]}}