{"id":14716,"date":"2017-11-29T14:23:15","date_gmt":"2017-11-29T14:23:15","guid":{"rendered":"https:\/\/iicolumnas.es\/?p=14716"},"modified":"2017-11-29T14:23:15","modified_gmt":"2017-11-29T14:23:15","slug":"intento-robo-la-iglesia-san-pedro-apostol","status":"publish","type":"post","link":"https:\/\/iicolumnas.es\/index.php\/actualidad\/2017\/11\/29\/intento-robo-la-iglesia-san-pedro-apostol\/","title":{"rendered":"Intento de robo en la Iglesia San Pedro Ap\u00f3stol"},"content":{"rendered":"<p style=\"text-align: justify;\">La madrugada del pasado lunes, unos o varios individuos intentaron acceder al interior de la iglesia San Pedro Ap\u00f3stol para sustraer bienes del inmueble.<\/p>\n<p style=\"text-align: justify;\">El hecho qued\u00f3 al descubierto durante la ma\u00f1ana de ayer cuando los vecinos que pasaban por el templo vieron y advirtieron que la puerta se encontraba forzada. Por razones que se investigan, los sujetos finalmente no tomaron ning\u00fan bien de la Iglesia al no llegar a adceder a la misma, no obstante, la puerta presenta varias muescas. Consiguieron entreabrirla, pero no acceder al interior.<\/p>\n<p style=\"text-align: justify;\">No solo han intentado acceder a la iglesia sino tambi\u00e9n a las casas aleda\u00f1as.<\/p>\n<p><img loading=\"lazy\" decoding=\"async\" class=\"alignleft size-full wp-image-14722\" src=\"https:\/\/iicolumnas.es\/wp-content\/uploads\/2017\/11\/036AC311-0E33-4588-88FE-6CF93A1172FB.jpeg\" alt=\"\" width=\"450\" height=\"800\" srcset=\"https:\/\/iicolumnas.es\/wp-content\/uploads\/2017\/11\/036AC311-0E33-4588-88FE-6CF93A1172FB.jpeg 450w, https:\/\/iicolumnas.es\/wp-content\/uploads\/2017\/11\/036AC311-0E33-4588-88FE-6CF93A1172FB-169x300.jpeg 169w\" sizes=\"auto, (max-width: 450px) 100vw, 450px\" \/><\/p>\n","protected":false},"excerpt":{"rendered":"<p>La madrugada del pasado lunes, unos o varios individuos intentaron acceder al interior de la iglesia San Pedro Ap\u00f3stol para sustraer bienes del inmueble. El hecho qued\u00f3 al descubierto durante la ma\u00f1ana de ayer&#46;&#46;&#46;<\/p>\n","protected":false},"author":18,"featured_media":14720,"comment_status":"open","ping_status":"open","sticky":false,"template":"","format":"standard","meta":{"footnotes":""},"categories":[1],"tags":[1425,335,1510],"class_list":["post-14716","post","type-post","status-publish","format-standard","has-post-thumbnail","hentry","category-actualidad","tag-iglesia","tag-iglesia-santiago-apostol-cantalpino","tag-intento-robo"],"yoast_head":"<!-- This site is optimized with the Yoast SEO plugin v26.6 - https:\/\/yoast.com\/wordpress\/plugins\/seo\/ -->\n<title>Intento de robo en la Iglesia San Pedro Ap\u00f3stol - Dos Columnas<\/title>\n<meta name=\"robots\" content=\"index, follow, max-snippet:-1, max-image-preview:large, max-video-preview:-1\" \/>\n<link rel=\"canonical\" href=\"https:\/\/iicolumnas.es\/index.php\/actualidad\/2017\/11\/29\/intento-robo-la-iglesia-san-pedro-apostol\/\" \/>\n<meta property=\"og:locale\" content=\"es_ES\" \/>\n<meta property=\"og:type\" content=\"article\" \/>\n<meta property=\"og:title\" content=\"Intento de robo en la Iglesia San Pedro Ap\u00f3stol - Dos Columnas\" \/>\n<meta property=\"og:description\" content=\"La madrugada del pasado lunes, unos o varios individuos intentaron acceder al interior de la iglesia San Pedro Ap\u00f3stol para sustraer bienes del inmueble. El hecho qued\u00f3 al descubierto durante la ma\u00f1ana de ayer&#046;&#046;&#046;\" \/>\n<meta property=\"og:url\" content=\"https:\/\/iicolumnas.es\/index.php\/actualidad\/2017\/11\/29\/intento-robo-la-iglesia-san-pedro-apostol\/\" \/>\n<meta property=\"og:site_name\" content=\"Dos Columnas\" \/>\n<meta property=\"article:publisher\" content=\"https:\/\/www.facebook.com\/iicolumnas\/\" \/>\n<meta property=\"article:published_time\" content=\"2017-11-29T14:23:15+00:00\" \/>\n<meta property=\"og:image\" content=\"https:\/\/iicolumnas.es\/wp-content\/uploads\/2017\/11\/CF067ACD-4AB3-4B71-80CF-5D8078CC2978.jpeg\" \/>\n\t<meta property=\"og:image:width\" content=\"450\" \/>\n\t<meta property=\"og:image:height\" content=\"800\" \/>\n\t<meta property=\"og:image:type\" content=\"image\/jpeg\" \/>\n<meta name=\"author\" content=\"Lucia Pedroso\" \/>\n<meta name=\"twitter:card\" content=\"summary_large_image\" \/>\n<meta name=\"twitter:creator\" content=\"@iicolumnas\" \/>\n<meta name=\"twitter:site\" content=\"@iicolumnas\" \/>\n<meta name=\"twitter:label1\" content=\"Escrito por\" \/>\n\t<meta name=\"twitter:data1\" content=\"Lucia Pedroso\" \/>\n\t<meta name=\"twitter:label2\" content=\"Tiempo de lectura\" \/>\n\t<meta name=\"twitter:data2\" content=\"1 minuto\" \/>\n<script type=\"application\/ld+json\" class=\"yoast-schema-graph\">{\"@context\":\"https:\/\/schema.org\",\"@graph\":[{\"@type\":\"WebPage\",\"@id\":\"https:\/\/iicolumnas.es\/index.php\/actualidad\/2017\/11\/29\/intento-robo-la-iglesia-san-pedro-apostol\/\",\"url\":\"https:\/\/iicolumnas.es\/index.php\/actualidad\/2017\/11\/29\/intento-robo-la-iglesia-san-pedro-apostol\/\",\"name\":\"Intento de robo en la Iglesia San Pedro Ap\u00f3stol - Dos Columnas\",\"isPartOf\":{\"@id\":\"https:\/\/iicolumnas.es\/#website\"},\"primaryImageOfPage\":{\"@id\":\"https:\/\/iicolumnas.es\/index.php\/actualidad\/2017\/11\/29\/intento-robo-la-iglesia-san-pedro-apostol\/#primaryimage\"},\"image\":{\"@id\":\"https:\/\/iicolumnas.es\/index.php\/actualidad\/2017\/11\/29\/intento-robo-la-iglesia-san-pedro-apostol\/#primaryimage\"},\"thumbnailUrl\":\"https:\/\/iicolumnas.es\/wp-content\/uploads\/2017\/11\/CF067ACD-4AB3-4B71-80CF-5D8078CC2978.jpeg\",\"datePublished\":\"2017-11-29T14:23:15+00:00\",\"author\":{\"@id\":\"https:\/\/iicolumnas.es\/#\/schema\/person\/703e12a73a5090b041b461663c8f0531\"},\"breadcrumb\":{\"@id\":\"https:\/\/iicolumnas.es\/index.php\/actualidad\/2017\/11\/29\/intento-robo-la-iglesia-san-pedro-apostol\/#breadcrumb\"},\"inLanguage\":\"es\",\"potentialAction\":[{\"@type\":\"ReadAction\",\"target\":[\"https:\/\/iicolumnas.es\/index.php\/actualidad\/2017\/11\/29\/intento-robo-la-iglesia-san-pedro-apostol\/\"]}]},{\"@type\":\"ImageObject\",\"inLanguage\":\"es\",\"@id\":\"https:\/\/iicolumnas.es\/index.php\/actualidad\/2017\/11\/29\/intento-robo-la-iglesia-san-pedro-apostol\/#primaryimage\",\"url\":\"https:\/\/iicolumnas.es\/wp-content\/uploads\/2017\/11\/CF067ACD-4AB3-4B71-80CF-5D8078CC2978.jpeg\",\"contentUrl\":\"https:\/\/iicolumnas.es\/wp-content\/uploads\/2017\/11\/CF067ACD-4AB3-4B71-80CF-5D8078CC2978.jpeg\",\"width\":\"450\",\"height\":\"800\"},{\"@type\":\"BreadcrumbList\",\"@id\":\"https:\/\/iicolumnas.es\/index.php\/actualidad\/2017\/11\/29\/intento-robo-la-iglesia-san-pedro-apostol\/#breadcrumb\",\"itemListElement\":[{\"@type\":\"ListItem\",\"position\":1,\"name\":\"Portada\",\"item\":\"https:\/\/iicolumnas.es\/\"},{\"@type\":\"ListItem\",\"position\":2,\"name\":\"Actualidad\",\"item\":\"https:\/\/iicolumnas.es\/index.php\/category\/actualidad\/\"},{\"@type\":\"ListItem\",\"position\":3,\"name\":\"Intento de robo en la Iglesia San Pedro Ap\u00f3stol\"}]},{\"@type\":\"WebSite\",\"@id\":\"https:\/\/iicolumnas.es\/#website\",\"url\":\"https:\/\/iicolumnas.es\/\",\"name\":\"Dos Columnas\",\"description\":\"El peri\u00f3dico de la villa de Cantalpino\",\"potentialAction\":[{\"@type\":\"SearchAction\",\"target\":{\"@type\":\"EntryPoint\",\"urlTemplate\":\"https:\/\/iicolumnas.es\/?s={search_term_string}\"},\"query-input\":{\"@type\":\"PropertyValueSpecification\",\"valueRequired\":true,\"valueName\":\"search_term_string\"}}],\"inLanguage\":\"es\"},{\"@type\":\"Person\",\"@id\":\"https:\/\/iicolumnas.es\/#\/schema\/person\/703e12a73a5090b041b461663c8f0531\",\"name\":\"Lucia Pedroso\",\"image\":{\"@type\":\"ImageObject\",\"inLanguage\":\"es\",\"@id\":\"https:\/\/iicolumnas.es\/#\/schema\/person\/image\/\",\"url\":\"https:\/\/secure.gravatar.com\/avatar\/c6e08a497120c58e110f9fc761b0fe771e7120ebcb2789302216f51d5c9243cc?s=96&d=mm&r=g\",\"contentUrl\":\"https:\/\/secure.gravatar.com\/avatar\/c6e08a497120c58e110f9fc761b0fe771e7120ebcb2789302216f51d5c9243cc?s=96&d=mm&r=g\",\"caption\":\"Lucia Pedroso\"}}]}<\/script>\n<!-- \/ Yoast SEO plugin. -->","yoast_head_json":{"title":"Intento de robo en la Iglesia San Pedro Ap\u00f3stol - Dos Columnas","robots":{"index":"index","follow":"follow","max-snippet":"max-snippet:-1","max-image-preview":"max-image-preview:large","max-video-preview":"max-video-preview:-1"},"canonical":"https:\/\/iicolumnas.es\/index.php\/actualidad\/2017\/11\/29\/intento-robo-la-iglesia-san-pedro-apostol\/","og_locale":"es_ES","og_type":"article","og_title":"Intento de robo en la Iglesia San Pedro Ap\u00f3stol - Dos Columnas","og_description":"La madrugada del pasado lunes, unos o varios individuos intentaron acceder al interior de la iglesia San Pedro Ap\u00f3stol para sustraer bienes del inmueble. El hecho qued\u00f3 al descubierto durante la ma\u00f1ana de ayer&#46;&#46;&#46;","og_url":"https:\/\/iicolumnas.es\/index.php\/actualidad\/2017\/11\/29\/intento-robo-la-iglesia-san-pedro-apostol\/","og_site_name":"Dos Columnas","article_publisher":"https:\/\/www.facebook.com\/iicolumnas\/","article_published_time":"2017-11-29T14:23:15+00:00","og_image":[{"width":450,"height":800,"url":"https:\/\/iicolumnas.es\/wp-content\/uploads\/2017\/11\/CF067ACD-4AB3-4B71-80CF-5D8078CC2978.jpeg","type":"image\/jpeg"}],"author":"Lucia Pedroso","twitter_card":"summary_large_image","twitter_creator":"@iicolumnas","twitter_site":"@iicolumnas","twitter_misc":{"Escrito por":"Lucia Pedroso","Tiempo de lectura":"1 minuto"},"schema":{"@context":"https:\/\/schema.org","@graph":[{"@type":"WebPage","@id":"https:\/\/iicolumnas.es\/index.php\/actualidad\/2017\/11\/29\/intento-robo-la-iglesia-san-pedro-apostol\/","url":"https:\/\/iicolumnas.es\/index.php\/actualidad\/2017\/11\/29\/intento-robo-la-iglesia-san-pedro-apostol\/","name":"Intento de robo en la Iglesia San Pedro Ap\u00f3stol - Dos Columnas","isPartOf":{"@id":"https:\/\/iicolumnas.es\/#website"},"primaryImageOfPage":{"@id":"https:\/\/iicolumnas.es\/index.php\/actualidad\/2017\/11\/29\/intento-robo-la-iglesia-san-pedro-apostol\/#primaryimage"},"image":{"@id":"https:\/\/iicolumnas.es\/index.php\/actualidad\/2017\/11\/29\/intento-robo-la-iglesia-san-pedro-apostol\/#primaryimage"},"thumbnailUrl":"https:\/\/iicolumnas.es\/wp-content\/uploads\/2017\/11\/CF067ACD-4AB3-4B71-80CF-5D8078CC2978.jpeg","datePublished":"2017-11-29T14:23:15+00:00","author":{"@id":"https:\/\/iicolumnas.es\/#\/schema\/person\/703e12a73a5090b041b461663c8f0531"},"breadcrumb":{"@id":"https:\/\/iicolumnas.es\/index.php\/actualidad\/2017\/11\/29\/intento-robo-la-iglesia-san-pedro-apostol\/#breadcrumb"},"inLanguage":"es","potentialAction":[{"@type":"ReadAction","target":["https:\/\/iicolumnas.es\/index.php\/actualidad\/2017\/11\/29\/intento-robo-la-iglesia-san-pedro-apostol\/"]}]},{"@type":"ImageObject","inLanguage":"es","@id":"https:\/\/iicolumnas.es\/index.php\/actualidad\/2017\/11\/29\/intento-robo-la-iglesia-san-pedro-apostol\/#primaryimage","url":"https:\/\/iicolumnas.es\/wp-content\/uploads\/2017\/11\/CF067ACD-4AB3-4B71-80CF-5D8078CC2978.jpeg","contentUrl":"https:\/\/iicolumnas.es\/wp-content\/uploads\/2017\/11\/CF067ACD-4AB3-4B71-80CF-5D8078CC2978.jpeg","width":"450","height":"800"},{"@type":"BreadcrumbList","@id":"https:\/\/iicolumnas.es\/index.php\/actualidad\/2017\/11\/29\/intento-robo-la-iglesia-san-pedro-apostol\/#breadcrumb","itemListElement":[{"@type":"ListItem","position":1,"name":"Portada","item":"https:\/\/iicolumnas.es\/"},{"@type":"ListItem","position":2,"name":"Actualidad","item":"https:\/\/iicolumnas.es\/index.php\/category\/actualidad\/"},{"@type":"ListItem","position":3,"name":"Intento de robo en la Iglesia San Pedro Ap\u00f3stol"}]},{"@type":"WebSite","@id":"https:\/\/iicolumnas.es\/#website","url":"https:\/\/iicolumnas.es\/","name":"Dos Columnas","description":"El peri\u00f3dico de la villa de Cantalpino","potentialAction":[{"@type":"SearchAction","target":{"@type":"EntryPoint","urlTemplate":"https:\/\/iicolumnas.es\/?s={search_term_string}"},"query-input":{"@type":"PropertyValueSpecification","valueRequired":true,"valueName":"search_term_string"}}],"inLanguage":"es"},{"@type":"Person","@id":"https:\/\/iicolumnas.es\/#\/schema\/person\/703e12a73a5090b041b461663c8f0531","name":"Lucia Pedroso","image":{"@type":"ImageObject","inLanguage":"es","@id":"https:\/\/iicolumnas.es\/#\/schema\/person\/image\/","url":"https:\/\/secure.gravatar.com\/avatar\/c6e08a497120c58e110f9fc761b0fe771e7120ebcb2789302216f51d5c9243cc?s=96&d=mm&r=g","contentUrl":"https:\/\/secure.gravatar.com\/avatar\/c6e08a497120c58e110f9fc761b0fe771e7120ebcb2789302216f51d5c9243cc?s=96&d=mm&r=g","caption":"Lucia Pedroso"}}]}},"_links":{"self":[{"href":"https:\/\/iicolumnas.es\/index.php\/wp-json\/wp\/v2\/posts\/14716","targetHints":{"allow":["GET"]}}],"collection":[{"href":"https:\/\/iicolumnas.es\/index.php\/wp-json\/wp\/v2\/posts"}],"about":[{"href":"https:\/\/iicolumnas.es\/index.php\/wp-json\/wp\/v2\/types\/post"}],"author":[{"embeddable":true,"href":"https:\/\/iicolumnas.es\/index.php\/wp-json\/wp\/v2\/users\/18"}],"replies":[{"embeddable":true,"href":"https:\/\/iicolumnas.es\/index.php\/wp-json\/wp\/v2\/comments?post=14716"}],"version-history":[{"count":5,"href":"https:\/\/iicolumnas.es\/index.php\/wp-json\/wp\/v2\/posts\/14716\/revisions"}],"predecessor-version":[{"id":14725,"href":"https:\/\/iicolumnas.es\/index.php\/wp-json\/wp\/v2\/posts\/14716\/revisions\/14725"}],"wp:featuredmedia":[{"embeddable":true,"href":"https:\/\/iicolumnas.es\/index.php\/wp-json\/wp\/v2\/media\/14720"}],"wp:attachment":[{"href":"https:\/\/iicolumnas.es\/index.php\/wp-json\/wp\/v2\/media?parent=14716"}],"wp:term":[{"taxonomy":"category","embeddable":true,"href":"https:\/\/iicolumnas.es\/index.php\/wp-json\/wp\/v2\/categories?post=14716"},{"taxonomy":"post_tag","embeddable":true,"href":"https:\/\/iicolumnas.es\/index.php\/wp-json\/wp\/v2\/tags?post=14716"}],"curies":[{"name":"wp","href":"https:\/\/api.w.org\/{rel}","templated":true}]}}