{"id":1434,"date":"2016-03-26T00:01:59","date_gmt":"2016-03-26T00:01:59","guid":{"rendered":"https:\/\/iicolumnas.es\/?p=1434"},"modified":"2016-03-26T10:50:14","modified_gmt":"2016-03-26T10:50:14","slug":"tradicion-devocion-semana-santa","status":"publish","type":"post","link":"https:\/\/iicolumnas.es\/index.php\/actualidad\/2016\/03\/26\/tradicion-devocion-semana-santa\/","title":{"rendered":"Tradici\u00f3n y devoci\u00f3n en la Semana Santa de Cantalpino"},"content":{"rendered":"<p><em>Como marca la tradici\u00f3n en la Semana Santa cantalpinesa, al finalizar la procesi\u00f3n se realiza el sorteo de los banzos de algunas de las im\u00e1genes.<\/em><\/p>\n<p><img loading=\"lazy\" decoding=\"async\" class=\"size-medium wp-image-1439 alignleft\" src=\"https:\/\/iicolumnas.es\/wp-content\/uploads\/2016\/03\/banzos-2-300x200.jpg\" alt=\"banzos\" width=\"300\" height=\"200\" srcset=\"https:\/\/iicolumnas.es\/wp-content\/uploads\/2016\/03\/banzos-2-300x200.jpg 300w, https:\/\/iicolumnas.es\/wp-content\/uploads\/2016\/03\/banzos-2.jpg 900w\" sizes=\"auto, (max-width: 300px) 100vw, 300px\" \/>Tradicionalmente sal\u00edan a subasta los banzos del Santo Sepulcro y de la Virgen Mar\u00eda ya que los cantalpineses les ten\u00edan especial devoci\u00f3n; pero ya es el segundo a\u00f1o que solo se subasta la imagen de la Virgen Mar\u00eda.<\/p>\n<p>Quien puja por portar a esta preciosa talla, tiene el privilegio de sacarla de la iglesia en tres ocasiones: la primera en el Domingo de Resurrecci\u00f3n para la procesi\u00f3n de \u201cEl Encuentro\u201d, otra oportunidad para sacar esta imagen es el 15 de agosto, con motivo de las fiestas patronales de Cantalpino y por ultimo en la procesi\u00f3n de la Semana Santa siguiente hasta llegar a la Plaza Espa\u00f1a, donde la talla a partir de ese punto puede ser portada por toda aquella persona que lo desee.<\/p>\n<p>Bien sea por simple devoci\u00f3n o por acci\u00f3n de gracias los cantalpineses cada a\u00f1o hacen sus apuestas para portar en su hombro a la Virgen aunque, este a\u00f1o, los pujantes se resist\u00edan a realizar sus postas, pero, poco a poco, la subasta fue tomando fuerza y se han llegado a recaudar 620 euros, que ser\u00e1n destinados \u2013seg\u00fan dijo don Anastasio-\u00a0 para ayudar en las obras de restauraci\u00f3n del tejado del templo que comenzaran en breve.<\/p>\n<p>La puja qued\u00f3 de la siguiente manera:<\/p>\n<ul>\n<li>Banzo delantero derecho para Magdalena P\u00e9rez<\/li>\n<li>Banzo delantero izquierdopara Sara Mart\u00edn<\/li>\n<li>Banzo trasero derecho para Mari \u00c1ngeles Gonz\u00e1lez<\/li>\n<li>Banzo trasero izquierdo para Diana ( Nieta de Oliva)<\/li>\n<\/ul>\n<p>&nbsp;<\/p>\n<p>En este apartado cabe mencionar a varios de las personas que se encargaban de esta tarea y que ya no est\u00e1n entre nosotros como Luis Pinto, Adri\u00e1n Ruano, Celedonio Serrano, \u00c1ngel Gonz\u00e1lez (el Se\u00f1or Angelete) y\u00a0 el Se\u00f1or L\u00e1zaro C\u00e1ceres.<\/p>\n","protected":false},"excerpt":{"rendered":"<p>Como marca la tradici\u00f3n en la Semana Santa cantalpinesa, al finalizar la procesi\u00f3n se realiza el sorteo de los banzos de algunas de las im\u00e1genes. Tradicionalmente sal\u00edan a subasta los banzos del Santo Sepulcro&#46;&#46;&#46;<\/p>\n","protected":false},"author":13,"featured_media":1436,"comment_status":"open","ping_status":"open","sticky":false,"template":"","format":"standard","meta":{"footnotes":""},"categories":[1],"tags":[143,108,140],"class_list":["post-1434","post","type-post","status-publish","format-standard","has-post-thumbnail","hentry","category-actualidad","tag-banzos","tag-semana-santa","tag-viernes-santo"],"yoast_head":"<!-- This site is optimized with the Yoast SEO plugin v26.6 - https:\/\/yoast.com\/wordpress\/plugins\/seo\/ -->\n<title>Tradici\u00f3n y devoci\u00f3n en la Semana Santa de Cantalpino - Dos Columnas<\/title>\n<meta name=\"robots\" content=\"index, follow, max-snippet:-1, max-image-preview:large, max-video-preview:-1\" \/>\n<link rel=\"canonical\" href=\"https:\/\/iicolumnas.es\/index.php\/actualidad\/2016\/03\/26\/tradicion-devocion-semana-santa\/\" \/>\n<meta property=\"og:locale\" content=\"es_ES\" \/>\n<meta property=\"og:type\" content=\"article\" \/>\n<meta property=\"og:title\" content=\"Tradici\u00f3n y devoci\u00f3n en la Semana Santa de Cantalpino - Dos Columnas\" \/>\n<meta property=\"og:description\" content=\"Como marca la tradici\u00f3n en la Semana Santa cantalpinesa, al finalizar la procesi\u00f3n se realiza el sorteo de los banzos de algunas de las im\u00e1genes. Tradicionalmente sal\u00edan a subasta los banzos del Santo Sepulcro&#046;&#046;&#046;\" \/>\n<meta property=\"og:url\" content=\"https:\/\/iicolumnas.es\/index.php\/actualidad\/2016\/03\/26\/tradicion-devocion-semana-santa\/\" \/>\n<meta property=\"og:site_name\" content=\"Dos Columnas\" \/>\n<meta property=\"article:publisher\" content=\"https:\/\/www.facebook.com\/iicolumnas\/\" \/>\n<meta property=\"article:published_time\" content=\"2016-03-26T00:01:59+00:00\" \/>\n<meta property=\"article:modified_time\" content=\"2016-03-26T10:50:14+00:00\" \/>\n<meta property=\"og:image\" content=\"https:\/\/iicolumnas.es\/wp-content\/uploads\/2016\/03\/banzos.jpg\" \/>\n\t<meta property=\"og:image:width\" content=\"900\" \/>\n\t<meta property=\"og:image:height\" content=\"600\" \/>\n\t<meta property=\"og:image:type\" content=\"image\/jpeg\" \/>\n<meta name=\"author\" content=\"Luc\u00eda Mart\u00edn\" \/>\n<meta name=\"twitter:card\" content=\"summary_large_image\" \/>\n<meta name=\"twitter:creator\" content=\"@iicolumnas\" \/>\n<meta name=\"twitter:site\" content=\"@iicolumnas\" \/>\n<meta name=\"twitter:label1\" content=\"Escrito por\" \/>\n\t<meta name=\"twitter:data1\" content=\"Luc\u00eda Mart\u00edn\" \/>\n\t<meta name=\"twitter:label2\" content=\"Tiempo de lectura\" \/>\n\t<meta name=\"twitter:data2\" content=\"2 minutos\" \/>\n<script type=\"application\/ld+json\" class=\"yoast-schema-graph\">{\"@context\":\"https:\/\/schema.org\",\"@graph\":[{\"@type\":\"WebPage\",\"@id\":\"https:\/\/iicolumnas.es\/index.php\/actualidad\/2016\/03\/26\/tradicion-devocion-semana-santa\/\",\"url\":\"https:\/\/iicolumnas.es\/index.php\/actualidad\/2016\/03\/26\/tradicion-devocion-semana-santa\/\",\"name\":\"Tradici\u00f3n y devoci\u00f3n en la Semana Santa de Cantalpino - Dos Columnas\",\"isPartOf\":{\"@id\":\"https:\/\/iicolumnas.es\/#website\"},\"primaryImageOfPage\":{\"@id\":\"https:\/\/iicolumnas.es\/index.php\/actualidad\/2016\/03\/26\/tradicion-devocion-semana-santa\/#primaryimage\"},\"image\":{\"@id\":\"https:\/\/iicolumnas.es\/index.php\/actualidad\/2016\/03\/26\/tradicion-devocion-semana-santa\/#primaryimage\"},\"thumbnailUrl\":\"https:\/\/iicolumnas.es\/wp-content\/uploads\/2016\/03\/banzos.jpg\",\"datePublished\":\"2016-03-26T00:01:59+00:00\",\"dateModified\":\"2016-03-26T10:50:14+00:00\",\"author\":{\"@id\":\"https:\/\/iicolumnas.es\/#\/schema\/person\/d0b468295022f1c525f1f08174e5094e\"},\"breadcrumb\":{\"@id\":\"https:\/\/iicolumnas.es\/index.php\/actualidad\/2016\/03\/26\/tradicion-devocion-semana-santa\/#breadcrumb\"},\"inLanguage\":\"es\",\"potentialAction\":[{\"@type\":\"ReadAction\",\"target\":[\"https:\/\/iicolumnas.es\/index.php\/actualidad\/2016\/03\/26\/tradicion-devocion-semana-santa\/\"]}]},{\"@type\":\"ImageObject\",\"inLanguage\":\"es\",\"@id\":\"https:\/\/iicolumnas.es\/index.php\/actualidad\/2016\/03\/26\/tradicion-devocion-semana-santa\/#primaryimage\",\"url\":\"https:\/\/iicolumnas.es\/wp-content\/uploads\/2016\/03\/banzos.jpg\",\"contentUrl\":\"https:\/\/iicolumnas.es\/wp-content\/uploads\/2016\/03\/banzos.jpg\",\"width\":\"900\",\"height\":\"600\"},{\"@type\":\"BreadcrumbList\",\"@id\":\"https:\/\/iicolumnas.es\/index.php\/actualidad\/2016\/03\/26\/tradicion-devocion-semana-santa\/#breadcrumb\",\"itemListElement\":[{\"@type\":\"ListItem\",\"position\":1,\"name\":\"Portada\",\"item\":\"https:\/\/iicolumnas.es\/\"},{\"@type\":\"ListItem\",\"position\":2,\"name\":\"Actualidad\",\"item\":\"https:\/\/iicolumnas.es\/index.php\/category\/actualidad\/\"},{\"@type\":\"ListItem\",\"position\":3,\"name\":\"Tradici\u00f3n y devoci\u00f3n en la Semana Santa de Cantalpino\"}]},{\"@type\":\"WebSite\",\"@id\":\"https:\/\/iicolumnas.es\/#website\",\"url\":\"https:\/\/iicolumnas.es\/\",\"name\":\"Dos Columnas\",\"description\":\"El peri\u00f3dico de la villa de Cantalpino\",\"potentialAction\":[{\"@type\":\"SearchAction\",\"target\":{\"@type\":\"EntryPoint\",\"urlTemplate\":\"https:\/\/iicolumnas.es\/?s={search_term_string}\"},\"query-input\":{\"@type\":\"PropertyValueSpecification\",\"valueRequired\":true,\"valueName\":\"search_term_string\"}}],\"inLanguage\":\"es\"},{\"@type\":\"Person\",\"@id\":\"https:\/\/iicolumnas.es\/#\/schema\/person\/d0b468295022f1c525f1f08174e5094e\",\"name\":\"Luc\u00eda Mart\u00edn\",\"image\":{\"@type\":\"ImageObject\",\"inLanguage\":\"es\",\"@id\":\"https:\/\/iicolumnas.es\/#\/schema\/person\/image\/\",\"url\":\"https:\/\/secure.gravatar.com\/avatar\/93fc1f88b1a03f8c364002e3c0eeaed8496b37404ac5fb74c332af7fc73d81f9?s=96&d=mm&r=g\",\"contentUrl\":\"https:\/\/secure.gravatar.com\/avatar\/93fc1f88b1a03f8c364002e3c0eeaed8496b37404ac5fb74c332af7fc73d81f9?s=96&d=mm&r=g\",\"caption\":\"Luc\u00eda Mart\u00edn\"}}]}<\/script>\n<!-- \/ Yoast SEO plugin. -->","yoast_head_json":{"title":"Tradici\u00f3n y devoci\u00f3n en la Semana Santa de Cantalpino - Dos Columnas","robots":{"index":"index","follow":"follow","max-snippet":"max-snippet:-1","max-image-preview":"max-image-preview:large","max-video-preview":"max-video-preview:-1"},"canonical":"https:\/\/iicolumnas.es\/index.php\/actualidad\/2016\/03\/26\/tradicion-devocion-semana-santa\/","og_locale":"es_ES","og_type":"article","og_title":"Tradici\u00f3n y devoci\u00f3n en la Semana Santa de Cantalpino - Dos Columnas","og_description":"Como marca la tradici\u00f3n en la Semana Santa cantalpinesa, al finalizar la procesi\u00f3n se realiza el sorteo de los banzos de algunas de las im\u00e1genes. Tradicionalmente sal\u00edan a subasta los banzos del Santo Sepulcro&#46;&#46;&#46;","og_url":"https:\/\/iicolumnas.es\/index.php\/actualidad\/2016\/03\/26\/tradicion-devocion-semana-santa\/","og_site_name":"Dos Columnas","article_publisher":"https:\/\/www.facebook.com\/iicolumnas\/","article_published_time":"2016-03-26T00:01:59+00:00","article_modified_time":"2016-03-26T10:50:14+00:00","og_image":[{"width":900,"height":600,"url":"https:\/\/iicolumnas.es\/wp-content\/uploads\/2016\/03\/banzos.jpg","type":"image\/jpeg"}],"author":"Luc\u00eda Mart\u00edn","twitter_card":"summary_large_image","twitter_creator":"@iicolumnas","twitter_site":"@iicolumnas","twitter_misc":{"Escrito por":"Luc\u00eda Mart\u00edn","Tiempo de lectura":"2 minutos"},"schema":{"@context":"https:\/\/schema.org","@graph":[{"@type":"WebPage","@id":"https:\/\/iicolumnas.es\/index.php\/actualidad\/2016\/03\/26\/tradicion-devocion-semana-santa\/","url":"https:\/\/iicolumnas.es\/index.php\/actualidad\/2016\/03\/26\/tradicion-devocion-semana-santa\/","name":"Tradici\u00f3n y devoci\u00f3n en la Semana Santa de Cantalpino - Dos Columnas","isPartOf":{"@id":"https:\/\/iicolumnas.es\/#website"},"primaryImageOfPage":{"@id":"https:\/\/iicolumnas.es\/index.php\/actualidad\/2016\/03\/26\/tradicion-devocion-semana-santa\/#primaryimage"},"image":{"@id":"https:\/\/iicolumnas.es\/index.php\/actualidad\/2016\/03\/26\/tradicion-devocion-semana-santa\/#primaryimage"},"thumbnailUrl":"https:\/\/iicolumnas.es\/wp-content\/uploads\/2016\/03\/banzos.jpg","datePublished":"2016-03-26T00:01:59+00:00","dateModified":"2016-03-26T10:50:14+00:00","author":{"@id":"https:\/\/iicolumnas.es\/#\/schema\/person\/d0b468295022f1c525f1f08174e5094e"},"breadcrumb":{"@id":"https:\/\/iicolumnas.es\/index.php\/actualidad\/2016\/03\/26\/tradicion-devocion-semana-santa\/#breadcrumb"},"inLanguage":"es","potentialAction":[{"@type":"ReadAction","target":["https:\/\/iicolumnas.es\/index.php\/actualidad\/2016\/03\/26\/tradicion-devocion-semana-santa\/"]}]},{"@type":"ImageObject","inLanguage":"es","@id":"https:\/\/iicolumnas.es\/index.php\/actualidad\/2016\/03\/26\/tradicion-devocion-semana-santa\/#primaryimage","url":"https:\/\/iicolumnas.es\/wp-content\/uploads\/2016\/03\/banzos.jpg","contentUrl":"https:\/\/iicolumnas.es\/wp-content\/uploads\/2016\/03\/banzos.jpg","width":"900","height":"600"},{"@type":"BreadcrumbList","@id":"https:\/\/iicolumnas.es\/index.php\/actualidad\/2016\/03\/26\/tradicion-devocion-semana-santa\/#breadcrumb","itemListElement":[{"@type":"ListItem","position":1,"name":"Portada","item":"https:\/\/iicolumnas.es\/"},{"@type":"ListItem","position":2,"name":"Actualidad","item":"https:\/\/iicolumnas.es\/index.php\/category\/actualidad\/"},{"@type":"ListItem","position":3,"name":"Tradici\u00f3n y devoci\u00f3n en la Semana Santa de Cantalpino"}]},{"@type":"WebSite","@id":"https:\/\/iicolumnas.es\/#website","url":"https:\/\/iicolumnas.es\/","name":"Dos Columnas","description":"El peri\u00f3dico de la villa de Cantalpino","potentialAction":[{"@type":"SearchAction","target":{"@type":"EntryPoint","urlTemplate":"https:\/\/iicolumnas.es\/?s={search_term_string}"},"query-input":{"@type":"PropertyValueSpecification","valueRequired":true,"valueName":"search_term_string"}}],"inLanguage":"es"},{"@type":"Person","@id":"https:\/\/iicolumnas.es\/#\/schema\/person\/d0b468295022f1c525f1f08174e5094e","name":"Luc\u00eda Mart\u00edn","image":{"@type":"ImageObject","inLanguage":"es","@id":"https:\/\/iicolumnas.es\/#\/schema\/person\/image\/","url":"https:\/\/secure.gravatar.com\/avatar\/93fc1f88b1a03f8c364002e3c0eeaed8496b37404ac5fb74c332af7fc73d81f9?s=96&d=mm&r=g","contentUrl":"https:\/\/secure.gravatar.com\/avatar\/93fc1f88b1a03f8c364002e3c0eeaed8496b37404ac5fb74c332af7fc73d81f9?s=96&d=mm&r=g","caption":"Luc\u00eda Mart\u00edn"}}]}},"_links":{"self":[{"href":"https:\/\/iicolumnas.es\/index.php\/wp-json\/wp\/v2\/posts\/1434","targetHints":{"allow":["GET"]}}],"collection":[{"href":"https:\/\/iicolumnas.es\/index.php\/wp-json\/wp\/v2\/posts"}],"about":[{"href":"https:\/\/iicolumnas.es\/index.php\/wp-json\/wp\/v2\/types\/post"}],"author":[{"embeddable":true,"href":"https:\/\/iicolumnas.es\/index.php\/wp-json\/wp\/v2\/users\/13"}],"replies":[{"embeddable":true,"href":"https:\/\/iicolumnas.es\/index.php\/wp-json\/wp\/v2\/comments?post=1434"}],"version-history":[{"count":0,"href":"https:\/\/iicolumnas.es\/index.php\/wp-json\/wp\/v2\/posts\/1434\/revisions"}],"wp:featuredmedia":[{"embeddable":true,"href":"https:\/\/iicolumnas.es\/index.php\/wp-json\/wp\/v2\/media\/1436"}],"wp:attachment":[{"href":"https:\/\/iicolumnas.es\/index.php\/wp-json\/wp\/v2\/media?parent=1434"}],"wp:term":[{"taxonomy":"category","embeddable":true,"href":"https:\/\/iicolumnas.es\/index.php\/wp-json\/wp\/v2\/categories?post=1434"},{"taxonomy":"post_tag","embeddable":true,"href":"https:\/\/iicolumnas.es\/index.php\/wp-json\/wp\/v2\/tags?post=1434"}],"curies":[{"name":"wp","href":"https:\/\/api.w.org\/{rel}","templated":true}]}}