{"id":1391,"date":"2016-03-25T14:23:26","date_gmt":"2016-03-25T14:23:26","guid":{"rendered":"https:\/\/iicolumnas.es\/?p=1391"},"modified":"2016-03-26T10:45:58","modified_gmt":"2016-03-26T10:45:58","slug":"viacrucis-viernes-santo","status":"publish","type":"post","link":"https:\/\/iicolumnas.es\/index.php\/actualidad\/2016\/03\/25\/viacrucis-viernes-santo\/","title":{"rendered":"Viacrucis en Viernes Santo"},"content":{"rendered":"<p style=\"text-align: center;\"><div id=\"metaslider-id-1412\" style=\"max-width: 1000px; margin: 0 auto;\" class=\"ml-slider-3-104-0 metaslider metaslider-nivo metaslider-1412 ml-slider has-dots-nav ms-theme-default\" role=\"region\" aria-label=\"viacrucis_viernes_Santo\" data-height=\"700\" data-width=\"1000\">\n    <div id=\"metaslider_container_1412\">\n        <div class='slider-wrapper theme-default'><div class='ribbon'><\/div><div id='metaslider_1412' class='nivoSlider'><img loading=\"lazy\" decoding=\"async\" width=\"2448\" height=\"1377\" src=\"https:\/\/iicolumnas.es\/wp-content\/uploads\/2016\/03\/viacrucis-2016-09.jpg\" class=\"slider-1412 slide-1401 msDefaultImage no-lazy\" alt=\"viacrucis cantalpino dos columnas\" data-caption=\"\" data-thumb=\"\" title=\"viacrucis cantalpino dos columnas\" rel=\"\" srcset=\"https:\/\/iicolumnas.es\/wp-content\/uploads\/2016\/03\/viacrucis-2016-09.jpg 2448w, https:\/\/iicolumnas.es\/wp-content\/uploads\/2016\/03\/viacrucis-2016-09-300x169.jpg 300w, https:\/\/iicolumnas.es\/wp-content\/uploads\/2016\/03\/viacrucis-2016-09-1024x576.jpg 1024w\" sizes=\"auto, (max-width: 2448px) 100vw, 2448px\" \/><img loading=\"lazy\" decoding=\"async\" width=\"1199\" height=\"889\" src=\"https:\/\/iicolumnas.es\/wp-content\/uploads\/2016\/03\/viacrucis-2016-06.jpg\" class=\"slider-1412 slide-1398 msDefaultImage no-lazy\" alt=\"viacrucis cantalpino dos columnas\" data-caption=\"\" data-thumb=\"\" title=\"viacrucis cantalpino dos columnas\" rel=\"\" srcset=\"https:\/\/iicolumnas.es\/wp-content\/uploads\/2016\/03\/viacrucis-2016-06.jpg 1199w, https:\/\/iicolumnas.es\/wp-content\/uploads\/2016\/03\/viacrucis-2016-06-300x222.jpg 300w, https:\/\/iicolumnas.es\/wp-content\/uploads\/2016\/03\/viacrucis-2016-06-1024x759.jpg 1024w\" sizes=\"auto, (max-width: 1199px) 100vw, 1199px\" \/><img loading=\"lazy\" decoding=\"async\" width=\"1199\" height=\"889\" src=\"https:\/\/iicolumnas.es\/wp-content\/uploads\/2016\/03\/viacrucis-2016-11.jpg\" class=\"slider-1412 slide-1404 msDefaultImage no-lazy\" alt=\"viacrucis cantalpino dos columnas\" data-caption=\"\" data-thumb=\"\" title=\"viacrucis cantalpino dos columnas\" rel=\"\" srcset=\"https:\/\/iicolumnas.es\/wp-content\/uploads\/2016\/03\/viacrucis-2016-11.jpg 1199w, https:\/\/iicolumnas.es\/wp-content\/uploads\/2016\/03\/viacrucis-2016-11-300x222.jpg 300w, https:\/\/iicolumnas.es\/wp-content\/uploads\/2016\/03\/viacrucis-2016-11-1024x759.jpg 1024w\" sizes=\"auto, (max-width: 1199px) 100vw, 1199px\" \/><img loading=\"lazy\" decoding=\"async\" width=\"533\" height=\"800\" src=\"https:\/\/iicolumnas.es\/wp-content\/uploads\/2016\/03\/via_crucis_cantalpino86.jpg\" class=\"slider-1412 slide-1427 msDefaultImage no-lazy\" alt=\"viacrucis cantalpino dos columnas\" data-caption=\"\" data-thumb=\"\" title=\"viacrucis cantalpino dos columnas\" rel=\"\" srcset=\"https:\/\/iicolumnas.es\/wp-content\/uploads\/2016\/03\/via_crucis_cantalpino86.jpg 533w, https:\/\/iicolumnas.es\/wp-content\/uploads\/2016\/03\/via_crucis_cantalpino86-200x300.jpg 200w\" sizes=\"auto, (max-width: 533px) 100vw, 533px\" \/><img loading=\"lazy\" decoding=\"async\" width=\"1199\" height=\"889\" src=\"https:\/\/iicolumnas.es\/wp-content\/uploads\/2016\/03\/viacrucis-2016-14.jpg\" class=\"slider-1412 slide-1407 msDefaultImage no-lazy\" alt=\"viacrucis cantalpino dos columnas\" data-caption=\"\" data-thumb=\"\" title=\"viacrucis cantalpino dos columnas\" rel=\"\" srcset=\"https:\/\/iicolumnas.es\/wp-content\/uploads\/2016\/03\/viacrucis-2016-14.jpg 1199w, https:\/\/iicolumnas.es\/wp-content\/uploads\/2016\/03\/viacrucis-2016-14-300x222.jpg 300w, https:\/\/iicolumnas.es\/wp-content\/uploads\/2016\/03\/viacrucis-2016-14-1024x759.jpg 1024w\" sizes=\"auto, (max-width: 1199px) 100vw, 1199px\" \/><img loading=\"lazy\" decoding=\"async\" width=\"1199\" height=\"889\" src=\"https:\/\/iicolumnas.es\/wp-content\/uploads\/2016\/03\/viacrucis-2016-04.jpg\" class=\"slider-1412 slide-1396 msDefaultImage no-lazy\" alt=\"viacrucis cantalpino dos columnas\" data-caption=\"\" data-thumb=\"\" title=\"viacrucis cantalpino dos columnas\" rel=\"\" srcset=\"https:\/\/iicolumnas.es\/wp-content\/uploads\/2016\/03\/viacrucis-2016-04.jpg 1199w, https:\/\/iicolumnas.es\/wp-content\/uploads\/2016\/03\/viacrucis-2016-04-300x222.jpg 300w, https:\/\/iicolumnas.es\/wp-content\/uploads\/2016\/03\/viacrucis-2016-04-1024x759.jpg 1024w\" sizes=\"auto, (max-width: 1199px) 100vw, 1199px\" \/><img loading=\"lazy\" decoding=\"async\" width=\"800\" height=\"533\" src=\"https:\/\/iicolumnas.es\/wp-content\/uploads\/2016\/03\/via_crucis_cantalpino.jpg\" class=\"slider-1412 slide-1413 msDefaultImage no-lazy\" alt=\"viacrucis cantalpino dos columnas\" data-caption=\"\" data-thumb=\"\" title=\"viacrucis cantalpino dos columnas\" rel=\"\" srcset=\"https:\/\/iicolumnas.es\/wp-content\/uploads\/2016\/03\/via_crucis_cantalpino.jpg 800w, https:\/\/iicolumnas.es\/wp-content\/uploads\/2016\/03\/via_crucis_cantalpino-300x200.jpg 300w\" sizes=\"auto, (max-width: 800px) 100vw, 800px\" \/><img loading=\"lazy\" decoding=\"async\" width=\"374\" height=\"800\" src=\"https:\/\/iicolumnas.es\/wp-content\/uploads\/2016\/03\/via_crucis_cantalpino68.jpg\" class=\"slider-1412 slide-1421 msDefaultImage no-lazy\" alt=\"viacrucis cantalpino dos columnas\" data-caption=\"\" data-thumb=\"\" title=\"viacrucis cantalpino dos columnas\" rel=\"\" srcset=\"https:\/\/iicolumnas.es\/wp-content\/uploads\/2016\/03\/via_crucis_cantalpino68.jpg 374w, https:\/\/iicolumnas.es\/wp-content\/uploads\/2016\/03\/via_crucis_cantalpino68-140x300.jpg 140w\" sizes=\"auto, (max-width: 374px) 100vw, 374px\" \/><img loading=\"lazy\" decoding=\"async\" width=\"300\" height=\"200\" src=\"https:\/\/iicolumnas.es\/wp-content\/uploads\/2016\/03\/viernes-santo-4.jpg\" class=\"slider-1412 slide-1443 msDefaultImage no-lazy\" alt=\"\" data-caption=\"\" data-thumb=\"\" title=\"\" rel=\"\" \/><img loading=\"lazy\" decoding=\"async\" width=\"800\" height=\"560\" src=\"https:\/\/iicolumnas.es\/wp-content\/uploads\/2016\/03\/via_crucis_cantalpino7.jpg\" class=\"slider-1412 slide-1417 msDefaultImage no-lazy\" alt=\"viacrucis cantalpino dos columnas\" data-caption=\"\" data-thumb=\"\" title=\"viacrucis cantalpino dos columnas\" rel=\"\" srcset=\"https:\/\/iicolumnas.es\/wp-content\/uploads\/2016\/03\/via_crucis_cantalpino7.jpg 800w, https:\/\/iicolumnas.es\/wp-content\/uploads\/2016\/03\/via_crucis_cantalpino7-300x210.jpg 300w\" sizes=\"auto, (max-width: 800px) 100vw, 800px\" \/><img loading=\"lazy\" decoding=\"async\" width=\"533\" height=\"800\" src=\"https:\/\/iicolumnas.es\/wp-content\/uploads\/2016\/03\/via_crucis_cantalpino88.jpg\" class=\"slider-1412 slide-1428 msDefaultImage no-lazy\" alt=\"viacrucis cantalpino dos columnas\" data-caption=\"\" data-thumb=\"\" title=\"viacrucis cantalpino dos columnas\" rel=\"\" srcset=\"https:\/\/iicolumnas.es\/wp-content\/uploads\/2016\/03\/via_crucis_cantalpino88.jpg 533w, https:\/\/iicolumnas.es\/wp-content\/uploads\/2016\/03\/via_crucis_cantalpino88-200x300.jpg 200w\" sizes=\"auto, (max-width: 533px) 100vw, 533px\" \/><img loading=\"lazy\" decoding=\"async\" width=\"2448\" height=\"1377\" src=\"https:\/\/iicolumnas.es\/wp-content\/uploads\/2016\/03\/viacrucis-2016-02.jpg\" class=\"slider-1412 slide-1394 msDefaultImage no-lazy\" alt=\"viacrucis cantalpino dos columnas\" data-caption=\"\" data-thumb=\"\" title=\"viacrucis cantalpino dos columnas\" rel=\"\" srcset=\"https:\/\/iicolumnas.es\/wp-content\/uploads\/2016\/03\/viacrucis-2016-02.jpg 2448w, https:\/\/iicolumnas.es\/wp-content\/uploads\/2016\/03\/viacrucis-2016-02-300x169.jpg 300w, https:\/\/iicolumnas.es\/wp-content\/uploads\/2016\/03\/viacrucis-2016-02-1024x576.jpg 1024w\" sizes=\"auto, (max-width: 2448px) 100vw, 2448px\" \/><img loading=\"lazy\" decoding=\"async\" width=\"800\" height=\"533\" src=\"https:\/\/iicolumnas.es\/wp-content\/uploads\/2016\/03\/via_crucis_cantalpino3.jpg\" class=\"slider-1412 slide-1414 msDefaultImage no-lazy\" alt=\"viacrucis cantalpino dos columnas\" data-caption=\"\" data-thumb=\"\" title=\"viacrucis cantalpino dos columnas\" rel=\"\" srcset=\"https:\/\/iicolumnas.es\/wp-content\/uploads\/2016\/03\/via_crucis_cantalpino3.jpg 800w, https:\/\/iicolumnas.es\/wp-content\/uploads\/2016\/03\/via_crucis_cantalpino3-300x200.jpg 300w\" sizes=\"auto, (max-width: 800px) 100vw, 800px\" \/><img loading=\"lazy\" decoding=\"async\" width=\"833\" height=\"556\" src=\"https:\/\/iicolumnas.es\/wp-content\/uploads\/2016\/03\/viernes-santo-3.jpg\" class=\"slider-1412 slide-1442 msDefaultImage no-lazy\" alt=\"\" data-caption=\"\" data-thumb=\"\" title=\"\" rel=\"\" srcset=\"https:\/\/iicolumnas.es\/wp-content\/uploads\/2016\/03\/viernes-santo-3.jpg 833w, https:\/\/iicolumnas.es\/wp-content\/uploads\/2016\/03\/viernes-santo-3-300x200.jpg 300w\" sizes=\"auto, (max-width: 833px) 100vw, 833px\" \/><img loading=\"lazy\" decoding=\"async\" width=\"833\" height=\"556\" src=\"https:\/\/iicolumnas.es\/wp-content\/uploads\/2016\/03\/viernes-santo-1.jpg\" class=\"slider-1412 slide-1440 msDefaultImage no-lazy\" alt=\"\" data-caption=\"\" data-thumb=\"\" title=\"\" rel=\"\" srcset=\"https:\/\/iicolumnas.es\/wp-content\/uploads\/2016\/03\/viernes-santo-1.jpg 833w, https:\/\/iicolumnas.es\/wp-content\/uploads\/2016\/03\/viernes-santo-1-300x200.jpg 300w\" sizes=\"auto, (max-width: 833px) 100vw, 833px\" \/><img loading=\"lazy\" decoding=\"async\" width=\"833\" height=\"1250\" src=\"https:\/\/iicolumnas.es\/wp-content\/uploads\/2016\/03\/viernes-santo-5.jpg\" class=\"slider-1412 slide-1444 msDefaultImage no-lazy\" alt=\"\" data-caption=\"\" data-thumb=\"\" title=\"\" rel=\"\" srcset=\"https:\/\/iicolumnas.es\/wp-content\/uploads\/2016\/03\/viernes-santo-5.jpg 833w, https:\/\/iicolumnas.es\/wp-content\/uploads\/2016\/03\/viernes-santo-5-200x300.jpg 200w, https:\/\/iicolumnas.es\/wp-content\/uploads\/2016\/03\/viernes-santo-5-682x1024.jpg 682w\" sizes=\"auto, (max-width: 833px) 100vw, 833px\" \/><img loading=\"lazy\" decoding=\"async\" width=\"800\" height=\"533\" src=\"https:\/\/iicolumnas.es\/wp-content\/uploads\/2016\/03\/viacrucis_cantalpino2.jpg\" class=\"slider-1412 slide-1429 msDefaultImage no-lazy\" alt=\"viacrucis cantalpino dos columnas\" data-caption=\"\" data-thumb=\"\" title=\"viacrucis cantalpino dos columnas\" rel=\"\" srcset=\"https:\/\/iicolumnas.es\/wp-content\/uploads\/2016\/03\/viacrucis_cantalpino2.jpg 800w, https:\/\/iicolumnas.es\/wp-content\/uploads\/2016\/03\/viacrucis_cantalpino2-300x200.jpg 300w\" sizes=\"auto, (max-width: 800px) 100vw, 800px\" \/><img loading=\"lazy\" decoding=\"async\" width=\"833\" height=\"556\" src=\"https:\/\/iicolumnas.es\/wp-content\/uploads\/2016\/03\/viernes-santo-2.jpg\" class=\"slider-1412 slide-1441 msDefaultImage no-lazy\" alt=\"\" data-caption=\"\" data-thumb=\"\" title=\"\" rel=\"\" srcset=\"https:\/\/iicolumnas.es\/wp-content\/uploads\/2016\/03\/viernes-santo-2.jpg 833w, https:\/\/iicolumnas.es\/wp-content\/uploads\/2016\/03\/viernes-santo-2-300x200.jpg 300w\" sizes=\"auto, (max-width: 833px) 100vw, 833px\" \/><img loading=\"lazy\" decoding=\"async\" width=\"800\" height=\"533\" src=\"https:\/\/iicolumnas.es\/wp-content\/uploads\/2016\/03\/via_crucis_cantalpino69.jpg\" class=\"slider-1412 slide-1422 msDefaultImage no-lazy\" alt=\"viacrucis cantalpino dos columnas\" data-caption=\"\" data-thumb=\"\" title=\"viacrucis cantalpino dos columnas\" rel=\"\" srcset=\"https:\/\/iicolumnas.es\/wp-content\/uploads\/2016\/03\/via_crucis_cantalpino69.jpg 800w, https:\/\/iicolumnas.es\/wp-content\/uploads\/2016\/03\/via_crucis_cantalpino69-300x200.jpg 300w\" sizes=\"auto, (max-width: 800px) 100vw, 800px\" \/><img loading=\"lazy\" decoding=\"async\" width=\"2448\" height=\"1377\" src=\"https:\/\/iicolumnas.es\/wp-content\/uploads\/2016\/03\/viacrucis-2016-03.jpg\" class=\"slider-1412 slide-1395 msDefaultImage no-lazy\" alt=\"viacrucis cantalpino dos columnas\" data-caption=\"\" data-thumb=\"\" title=\"viacrucis cantalpino dos columnas\" rel=\"\" srcset=\"https:\/\/iicolumnas.es\/wp-content\/uploads\/2016\/03\/viacrucis-2016-03.jpg 2448w, https:\/\/iicolumnas.es\/wp-content\/uploads\/2016\/03\/viacrucis-2016-03-300x169.jpg 300w, https:\/\/iicolumnas.es\/wp-content\/uploads\/2016\/03\/viacrucis-2016-03-1024x576.jpg 1024w\" sizes=\"auto, (max-width: 2448px) 100vw, 2448px\" \/><img loading=\"lazy\" decoding=\"async\" width=\"1199\" height=\"889\" src=\"https:\/\/iicolumnas.es\/wp-content\/uploads\/2016\/03\/viacrucis-2016-15.jpg\" class=\"slider-1412 slide-1408 msDefaultImage no-lazy\" alt=\"viacrucis cantalpino dos columnas\" data-caption=\"\" data-thumb=\"\" title=\"viacrucis cantalpino dos columnas\" rel=\"\" srcset=\"https:\/\/iicolumnas.es\/wp-content\/uploads\/2016\/03\/viacrucis-2016-15.jpg 1199w, https:\/\/iicolumnas.es\/wp-content\/uploads\/2016\/03\/viacrucis-2016-15-300x222.jpg 300w, https:\/\/iicolumnas.es\/wp-content\/uploads\/2016\/03\/viacrucis-2016-15-1024x759.jpg 1024w\" sizes=\"auto, (max-width: 1199px) 100vw, 1199px\" \/><img loading=\"lazy\" decoding=\"async\" width=\"2448\" height=\"1377\" src=\"https:\/\/iicolumnas.es\/wp-content\/uploads\/2016\/03\/viacrucis-2016-01.jpg\" class=\"slider-1412 slide-1393 msDefaultImage no-lazy\" alt=\"viacrucis cantalpino dos columnas\" data-caption=\"Viernes santo\" data-thumb=\"\" title=\"viacrucis cantalpino dos columnas\" rel=\"\" srcset=\"https:\/\/iicolumnas.es\/wp-content\/uploads\/2016\/03\/viacrucis-2016-01.jpg 2448w, https:\/\/iicolumnas.es\/wp-content\/uploads\/2016\/03\/viacrucis-2016-01-300x169.jpg 300w, https:\/\/iicolumnas.es\/wp-content\/uploads\/2016\/03\/viacrucis-2016-01-1024x576.jpg 1024w\" sizes=\"auto, (max-width: 2448px) 100vw, 2448px\" \/><img loading=\"lazy\" decoding=\"async\" width=\"2448\" height=\"1377\" src=\"https:\/\/iicolumnas.es\/wp-content\/uploads\/2016\/03\/viacrucis-2016-12.jpg\" class=\"slider-1412 slide-1405 msDefaultImage no-lazy\" alt=\"viacrucis cantalpino dos columnas\" data-caption=\"\" data-thumb=\"\" title=\"viacrucis cantalpino dos columnas\" rel=\"\" srcset=\"https:\/\/iicolumnas.es\/wp-content\/uploads\/2016\/03\/viacrucis-2016-12.jpg 2448w, https:\/\/iicolumnas.es\/wp-content\/uploads\/2016\/03\/viacrucis-2016-12-300x169.jpg 300w, https:\/\/iicolumnas.es\/wp-content\/uploads\/2016\/03\/viacrucis-2016-12-1024x576.jpg 1024w\" sizes=\"auto, (max-width: 2448px) 100vw, 2448px\" \/><img loading=\"lazy\" decoding=\"async\" width=\"800\" height=\"533\" src=\"https:\/\/iicolumnas.es\/wp-content\/uploads\/2016\/03\/via_crucis_cantalpino75.jpg\" class=\"slider-1412 slide-1424 msDefaultImage no-lazy\" alt=\"viacrucis cantalpino dos columnas\" data-caption=\"\" data-thumb=\"\" title=\"viacrucis cantalpino dos columnas\" rel=\"\" srcset=\"https:\/\/iicolumnas.es\/wp-content\/uploads\/2016\/03\/via_crucis_cantalpino75.jpg 800w, https:\/\/iicolumnas.es\/wp-content\/uploads\/2016\/03\/via_crucis_cantalpino75-300x200.jpg 300w\" sizes=\"auto, (max-width: 800px) 100vw, 800px\" \/><img loading=\"lazy\" decoding=\"async\" width=\"525\" height=\"800\" src=\"https:\/\/iicolumnas.es\/wp-content\/uploads\/2016\/03\/via_crucis_cantalpino67.jpg\" class=\"slider-1412 slide-1420 msDefaultImage no-lazy\" alt=\"viacrucis cantalpino dos columnas\" data-caption=\"\" data-thumb=\"\" title=\"viacrucis cantalpino dos columnas\" rel=\"\" srcset=\"https:\/\/iicolumnas.es\/wp-content\/uploads\/2016\/03\/via_crucis_cantalpino67.jpg 525w, https:\/\/iicolumnas.es\/wp-content\/uploads\/2016\/03\/via_crucis_cantalpino67-197x300.jpg 197w\" sizes=\"auto, (max-width: 525px) 100vw, 525px\" \/><img loading=\"lazy\" decoding=\"async\" width=\"800\" height=\"542\" src=\"https:\/\/iicolumnas.es\/wp-content\/uploads\/2016\/03\/via_crucis_cantalpino82.jpg\" class=\"slider-1412 slide-1426 msDefaultImage no-lazy\" alt=\"viacrucis cantalpino dos columnas\" data-caption=\"\" data-thumb=\"\" title=\"viacrucis cantalpino dos columnas\" rel=\"\" srcset=\"https:\/\/iicolumnas.es\/wp-content\/uploads\/2016\/03\/via_crucis_cantalpino82.jpg 800w, https:\/\/iicolumnas.es\/wp-content\/uploads\/2016\/03\/via_crucis_cantalpino82-300x203.jpg 300w\" sizes=\"auto, (max-width: 800px) 100vw, 800px\" \/><img loading=\"lazy\" decoding=\"async\" width=\"600\" height=\"763\" src=\"https:\/\/iicolumnas.es\/wp-content\/uploads\/2016\/03\/via_crucis_cantalpino71.jpg\" class=\"slider-1412 slide-1423 msDefaultImage no-lazy\" alt=\"viacrucis cantalpino dos columnas\" data-caption=\"\" data-thumb=\"\" title=\"viacrucis cantalpino dos columnas\" rel=\"\" srcset=\"https:\/\/iicolumnas.es\/wp-content\/uploads\/2016\/03\/via_crucis_cantalpino71.jpg 600w, https:\/\/iicolumnas.es\/wp-content\/uploads\/2016\/03\/via_crucis_cantalpino71-236x300.jpg 236w\" sizes=\"auto, (max-width: 600px) 100vw, 600px\" \/><img loading=\"lazy\" decoding=\"async\" width=\"1199\" height=\"889\" src=\"https:\/\/iicolumnas.es\/wp-content\/uploads\/2016\/03\/viacrucis-2016-16.jpg\" class=\"slider-1412 slide-1409 msDefaultImage no-lazy\" alt=\"viacrucis cantalpino dos columnas\" data-caption=\"\" data-thumb=\"\" title=\"viacrucis cantalpino dos columnas\" rel=\"\" srcset=\"https:\/\/iicolumnas.es\/wp-content\/uploads\/2016\/03\/viacrucis-2016-16.jpg 1199w, https:\/\/iicolumnas.es\/wp-content\/uploads\/2016\/03\/viacrucis-2016-16-300x222.jpg 300w, https:\/\/iicolumnas.es\/wp-content\/uploads\/2016\/03\/viacrucis-2016-16-1024x759.jpg 1024w\" sizes=\"auto, (max-width: 1199px) 100vw, 1199px\" \/><img loading=\"lazy\" decoding=\"async\" width=\"1199\" height=\"889\" src=\"https:\/\/iicolumnas.es\/wp-content\/uploads\/2016\/03\/viacrucis-2016-17.jpg\" class=\"slider-1412 slide-1410 msDefaultImage no-lazy\" alt=\"viacrucis cantalpino dos columnas\" data-caption=\"\" data-thumb=\"\" title=\"viacrucis cantalpino dos columnas\" rel=\"\" srcset=\"https:\/\/iicolumnas.es\/wp-content\/uploads\/2016\/03\/viacrucis-2016-17.jpg 1199w, https:\/\/iicolumnas.es\/wp-content\/uploads\/2016\/03\/viacrucis-2016-17-300x222.jpg 300w, https:\/\/iicolumnas.es\/wp-content\/uploads\/2016\/03\/viacrucis-2016-17-1024x759.jpg 1024w\" sizes=\"auto, (max-width: 1199px) 100vw, 1199px\" \/><img loading=\"lazy\" decoding=\"async\" width=\"2448\" height=\"1377\" src=\"https:\/\/iicolumnas.es\/wp-content\/uploads\/2016\/03\/viacrucis-2016-10.jpg\" class=\"slider-1412 slide-1403 msDefaultImage no-lazy\" alt=\"viacrucis cantalpino dos columnas\" data-caption=\"\" data-thumb=\"\" title=\"viacrucis cantalpino dos columnas\" rel=\"\" srcset=\"https:\/\/iicolumnas.es\/wp-content\/uploads\/2016\/03\/viacrucis-2016-10.jpg 2448w, https:\/\/iicolumnas.es\/wp-content\/uploads\/2016\/03\/viacrucis-2016-10-300x169.jpg 300w, https:\/\/iicolumnas.es\/wp-content\/uploads\/2016\/03\/viacrucis-2016-10-1024x576.jpg 1024w\" sizes=\"auto, (max-width: 2448px) 100vw, 2448px\" \/><img loading=\"lazy\" decoding=\"async\" width=\"497\" height=\"800\" src=\"https:\/\/iicolumnas.es\/wp-content\/uploads\/2016\/03\/via_crucis_cantalpino4.jpg\" class=\"slider-1412 slide-1415 msDefaultImage no-lazy\" alt=\"viacrucis cantalpino dos columnas\" data-caption=\"\" data-thumb=\"\" title=\"viacrucis cantalpino dos columnas\" rel=\"\" srcset=\"https:\/\/iicolumnas.es\/wp-content\/uploads\/2016\/03\/via_crucis_cantalpino4.jpg 497w, https:\/\/iicolumnas.es\/wp-content\/uploads\/2016\/03\/via_crucis_cantalpino4-186x300.jpg 186w\" sizes=\"auto, (max-width: 497px) 100vw, 497px\" \/><img loading=\"lazy\" decoding=\"async\" width=\"800\" height=\"533\" src=\"https:\/\/iicolumnas.es\/wp-content\/uploads\/2016\/03\/via_crucis_cantalpino8.jpg\" class=\"slider-1412 slide-1418 msDefaultImage no-lazy\" alt=\"viacrucis cantalpino dos columnas\" data-caption=\"\" data-thumb=\"\" title=\"viacrucis cantalpino dos columnas\" rel=\"\" srcset=\"https:\/\/iicolumnas.es\/wp-content\/uploads\/2016\/03\/via_crucis_cantalpino8.jpg 800w, https:\/\/iicolumnas.es\/wp-content\/uploads\/2016\/03\/via_crucis_cantalpino8-300x200.jpg 300w\" sizes=\"auto, (max-width: 800px) 100vw, 800px\" \/><img loading=\"lazy\" decoding=\"async\" width=\"2448\" height=\"1377\" src=\"https:\/\/iicolumnas.es\/wp-content\/uploads\/2016\/03\/viacrucis-2016-20.jpg\" class=\"slider-1412 slide-1402 msDefaultImage no-lazy\" alt=\"viacrucis cantalpino dos columnas\" data-caption=\"\" data-thumb=\"\" title=\"viacrucis cantalpino dos columnas\" rel=\"\" srcset=\"https:\/\/iicolumnas.es\/wp-content\/uploads\/2016\/03\/viacrucis-2016-20.jpg 2448w, https:\/\/iicolumnas.es\/wp-content\/uploads\/2016\/03\/viacrucis-2016-20-300x169.jpg 300w, https:\/\/iicolumnas.es\/wp-content\/uploads\/2016\/03\/viacrucis-2016-20-1024x576.jpg 1024w\" sizes=\"auto, (max-width: 2448px) 100vw, 2448px\" \/><img loading=\"lazy\" decoding=\"async\" width=\"2448\" height=\"1377\" src=\"https:\/\/iicolumnas.es\/wp-content\/uploads\/2016\/03\/viacrucis-2016-07.jpg\" class=\"slider-1412 slide-1399 msDefaultImage no-lazy\" alt=\"viacrucis cantalpino dos columnas\" data-caption=\"\" data-thumb=\"\" title=\"viacrucis cantalpino dos columnas\" rel=\"\" srcset=\"https:\/\/iicolumnas.es\/wp-content\/uploads\/2016\/03\/viacrucis-2016-07.jpg 2448w, https:\/\/iicolumnas.es\/wp-content\/uploads\/2016\/03\/viacrucis-2016-07-300x169.jpg 300w, https:\/\/iicolumnas.es\/wp-content\/uploads\/2016\/03\/viacrucis-2016-07-1024x576.jpg 1024w\" sizes=\"auto, (max-width: 2448px) 100vw, 2448px\" \/><img loading=\"lazy\" decoding=\"async\" width=\"2448\" height=\"1377\" src=\"https:\/\/iicolumnas.es\/wp-content\/uploads\/2016\/03\/viacrucis-2016-05.jpg\" class=\"slider-1412 slide-1397 msDefaultImage no-lazy\" alt=\"viacrucis cantalpino dos columnas\" data-caption=\"\" data-thumb=\"\" title=\"viacrucis cantalpino dos columnas\" rel=\"\" srcset=\"https:\/\/iicolumnas.es\/wp-content\/uploads\/2016\/03\/viacrucis-2016-05.jpg 2448w, https:\/\/iicolumnas.es\/wp-content\/uploads\/2016\/03\/viacrucis-2016-05-300x169.jpg 300w, https:\/\/iicolumnas.es\/wp-content\/uploads\/2016\/03\/viacrucis-2016-05-1024x576.jpg 1024w\" sizes=\"auto, (max-width: 2448px) 100vw, 2448px\" \/><img loading=\"lazy\" decoding=\"async\" width=\"1199\" height=\"889\" src=\"https:\/\/iicolumnas.es\/wp-content\/uploads\/2016\/03\/viacrucis-2016-13.jpg\" class=\"slider-1412 slide-1406 msDefaultImage no-lazy\" alt=\"viacrucis cantalpino dos columnas\" data-caption=\"\" data-thumb=\"\" title=\"viacrucis cantalpino dos columnas\" rel=\"\" srcset=\"https:\/\/iicolumnas.es\/wp-content\/uploads\/2016\/03\/viacrucis-2016-13.jpg 1199w, https:\/\/iicolumnas.es\/wp-content\/uploads\/2016\/03\/viacrucis-2016-13-300x222.jpg 300w, https:\/\/iicolumnas.es\/wp-content\/uploads\/2016\/03\/viacrucis-2016-13-1024x759.jpg 1024w\" sizes=\"auto, (max-width: 1199px) 100vw, 1199px\" \/><img loading=\"lazy\" decoding=\"async\" width=\"800\" height=\"533\" src=\"https:\/\/iicolumnas.es\/wp-content\/uploads\/2016\/03\/via_crucis_cantalpino81.jpg\" class=\"slider-1412 slide-1425 msDefaultImage no-lazy\" alt=\"viacrucis cantalpino dos columnas\" data-caption=\"\" data-thumb=\"\" title=\"viacrucis cantalpino dos columnas\" rel=\"\" srcset=\"https:\/\/iicolumnas.es\/wp-content\/uploads\/2016\/03\/via_crucis_cantalpino81.jpg 800w, https:\/\/iicolumnas.es\/wp-content\/uploads\/2016\/03\/via_crucis_cantalpino81-300x200.jpg 300w\" sizes=\"auto, (max-width: 800px) 100vw, 800px\" \/><img loading=\"lazy\" decoding=\"async\" width=\"800\" height=\"461\" src=\"https:\/\/iicolumnas.es\/wp-content\/uploads\/2016\/03\/via_crucis_cantalpino66.jpg\" class=\"slider-1412 slide-1419 msDefaultImage no-lazy\" alt=\"viacrucis cantalpino dos columnas\" data-caption=\"\" data-thumb=\"\" title=\"viacrucis cantalpino dos columnas\" rel=\"\" srcset=\"https:\/\/iicolumnas.es\/wp-content\/uploads\/2016\/03\/via_crucis_cantalpino66.jpg 800w, https:\/\/iicolumnas.es\/wp-content\/uploads\/2016\/03\/via_crucis_cantalpino66-300x173.jpg 300w\" sizes=\"auto, (max-width: 800px) 100vw, 800px\" \/><img loading=\"lazy\" decoding=\"async\" width=\"1199\" height=\"889\" src=\"https:\/\/iicolumnas.es\/wp-content\/uploads\/2016\/03\/viacrucis-2016-08.jpg\" class=\"slider-1412 slide-1400 msDefaultImage no-lazy\" alt=\"viacrucis cantalpino dos columnas\" data-caption=\"\" data-thumb=\"\" title=\"viacrucis cantalpino dos columnas\" rel=\"\" srcset=\"https:\/\/iicolumnas.es\/wp-content\/uploads\/2016\/03\/viacrucis-2016-08.jpg 1199w, https:\/\/iicolumnas.es\/wp-content\/uploads\/2016\/03\/viacrucis-2016-08-300x222.jpg 300w, https:\/\/iicolumnas.es\/wp-content\/uploads\/2016\/03\/viacrucis-2016-08-1024x759.jpg 1024w\" sizes=\"auto, (max-width: 1199px) 100vw, 1199px\" \/><\/div><\/div>\n        \n    <\/div>\n<\/div><\/p>\n<p style=\"text-align: justify;\">Ya metidos en el Viernes Santo y despu\u00e9s de la oraci\u00f3n de Laudes organizada por Belen y las religiosas salesianas, la iglesia volvi\u00f3 a tomar vida a las 11:00 de la ma\u00f1ana y portando la \u00abLa cruz de Cristo\u00bb custodiada por la luz de dos velas dio comienzo el Viacrucis alrededor del templo; Se han recorrido \u00a0las catorce estaciones que la biblia nos relata, cada estaci\u00f3n -le\u00edda por diferentes oradores- era acompa\u00f1ada por una reflexi\u00f3n y cada reflexi\u00f3n por una pregunta que te hacia profundizar en ti mismo y tus actos: <em>\u00abAnte la injusticia, \u00bfcual es nuestra actitud, nos lavamos las manos como Pilatos o nos vencemos por la verdad?\u00bb \u00ab\u00bfsomos fieles en las dificultades que halamos en el camino o abandonamos al menor tropiezo?\u00bb \u00a0\u00ab\u00bfvivimos solidarios o nuestra fe son meras palabras?\u00bb \u00a0\u00ab\u00bfsomos indiferentes al dolor de los dem\u00e1s?\u00bb \u00ab\u00bfComo enfrentamos nuestras ca\u00eddas? \u00bfBuscamos ayuda en Dios para superar las dificultades de la vida?\u00bb \u00a0\u00ab\u00bfQue actitudes de mi persona debo cambiar para ser un hombre nuevo?\u00bb \u00ab\u00bfMe brindo a los dem\u00e1s con todo mi ser?\u00bb \u00ab\u00bfQue valor le damos a las cosas materiales, somo conscientes de que lo que a mi me sobra, a otros les \u00a0 falta?\u00bb \u00ab\u00bfComo actuamos con las personas que no nos caen bien, que no piensan como nosotros y que nos hacen mal?\u00bb<\/em> . Estas son algunas de las reflexiones a las que nos invitaba el Viacrucis del 2016 en Cantalpino.<\/p>\n<p style=\"text-align: justify;\">Tanto la cruz como las velas han sido portadas por varios vecinos.<\/p>\n<p style=\"text-align: justify;\">Para esta tarde Santos oficios con adoraci\u00f3n de la Cruz y Procesi\u00f3n a las 18:00<\/p>\n<p style=\"text-align: justify;\">Fotos cedidas por Sor Laura, Luc\u00eda Mart\u00edn y Elena Sanchez (17 ultimas para <span style=\"color: #99ccff;\"><a style=\"color: #99ccff;\" href=\"http:\/\/salamancartvaldia.es\/\" target=\"_blank\" rel=\"nofollow\">SalamancaRTVald\u00eda<\/a><\/span>)<\/p>\n","protected":false},"excerpt":{"rendered":"<p>Ya metidos en el Viernes Santo y despu\u00e9s de la oraci\u00f3n de Laudes organizada por Belen y las religiosas salesianas, la iglesia volvi\u00f3 a tomar vida a las 11:00 de la ma\u00f1ana y portando&#46;&#46;&#46;<\/p>\n","protected":false},"author":13,"featured_media":1407,"comment_status":"open","ping_status":"open","sticky":false,"template":"","format":"standard","meta":{"footnotes":""},"categories":[1],"tags":[108,141,140],"class_list":["post-1391","post","type-post","status-publish","format-standard","has-post-thumbnail","hentry","category-actualidad","tag-semana-santa","tag-viacrucis","tag-viernes-santo"],"yoast_head":"<!-- This site is optimized with the Yoast SEO plugin v26.6 - https:\/\/yoast.com\/wordpress\/plugins\/seo\/ -->\n<title>Viacrucis en Viernes Santo - Dos Columnas<\/title>\n<meta name=\"robots\" content=\"index, follow, max-snippet:-1, max-image-preview:large, max-video-preview:-1\" \/>\n<link rel=\"canonical\" href=\"https:\/\/iicolumnas.es\/index.php\/actualidad\/2016\/03\/25\/viacrucis-viernes-santo\/\" \/>\n<meta property=\"og:locale\" content=\"es_ES\" \/>\n<meta property=\"og:type\" content=\"article\" \/>\n<meta property=\"og:title\" content=\"Viacrucis en Viernes Santo - Dos Columnas\" \/>\n<meta property=\"og:description\" content=\"Ya metidos en el Viernes Santo y despu\u00e9s de la oraci\u00f3n de Laudes organizada por Belen y las religiosas salesianas, la iglesia volvi\u00f3 a tomar vida a las 11:00 de la ma\u00f1ana y portando&#046;&#046;&#046;\" \/>\n<meta property=\"og:url\" content=\"https:\/\/iicolumnas.es\/index.php\/actualidad\/2016\/03\/25\/viacrucis-viernes-santo\/\" \/>\n<meta property=\"og:site_name\" content=\"Dos Columnas\" \/>\n<meta property=\"article:publisher\" content=\"https:\/\/www.facebook.com\/iicolumnas\/\" \/>\n<meta property=\"article:published_time\" content=\"2016-03-25T14:23:26+00:00\" \/>\n<meta property=\"article:modified_time\" content=\"2016-03-26T10:45:58+00:00\" \/>\n<meta property=\"og:image\" content=\"https:\/\/iicolumnas.es\/wp-content\/uploads\/2016\/03\/viacrucis-2016-14.jpg\" \/>\n\t<meta property=\"og:image:width\" content=\"1199\" \/>\n\t<meta property=\"og:image:height\" content=\"889\" \/>\n\t<meta property=\"og:image:type\" content=\"image\/jpeg\" \/>\n<meta name=\"author\" content=\"Luc\u00eda Mart\u00edn\" \/>\n<meta name=\"twitter:card\" content=\"summary_large_image\" \/>\n<meta name=\"twitter:creator\" content=\"@iicolumnas\" \/>\n<meta name=\"twitter:site\" content=\"@iicolumnas\" \/>\n<meta name=\"twitter:label1\" content=\"Escrito por\" \/>\n\t<meta name=\"twitter:data1\" content=\"Luc\u00eda Mart\u00edn\" \/>\n\t<meta name=\"twitter:label2\" content=\"Tiempo de lectura\" \/>\n\t<meta name=\"twitter:data2\" content=\"1 minuto\" \/>\n<script type=\"application\/ld+json\" class=\"yoast-schema-graph\">{\"@context\":\"https:\/\/schema.org\",\"@graph\":[{\"@type\":\"WebPage\",\"@id\":\"https:\/\/iicolumnas.es\/index.php\/actualidad\/2016\/03\/25\/viacrucis-viernes-santo\/\",\"url\":\"https:\/\/iicolumnas.es\/index.php\/actualidad\/2016\/03\/25\/viacrucis-viernes-santo\/\",\"name\":\"Viacrucis en Viernes Santo - Dos Columnas\",\"isPartOf\":{\"@id\":\"https:\/\/iicolumnas.es\/#website\"},\"primaryImageOfPage\":{\"@id\":\"https:\/\/iicolumnas.es\/index.php\/actualidad\/2016\/03\/25\/viacrucis-viernes-santo\/#primaryimage\"},\"image\":{\"@id\":\"https:\/\/iicolumnas.es\/index.php\/actualidad\/2016\/03\/25\/viacrucis-viernes-santo\/#primaryimage\"},\"thumbnailUrl\":\"https:\/\/iicolumnas.es\/wp-content\/uploads\/2016\/03\/viacrucis-2016-14.jpg\",\"datePublished\":\"2016-03-25T14:23:26+00:00\",\"dateModified\":\"2016-03-26T10:45:58+00:00\",\"author\":{\"@id\":\"https:\/\/iicolumnas.es\/#\/schema\/person\/d0b468295022f1c525f1f08174e5094e\"},\"breadcrumb\":{\"@id\":\"https:\/\/iicolumnas.es\/index.php\/actualidad\/2016\/03\/25\/viacrucis-viernes-santo\/#breadcrumb\"},\"inLanguage\":\"es\",\"potentialAction\":[{\"@type\":\"ReadAction\",\"target\":[\"https:\/\/iicolumnas.es\/index.php\/actualidad\/2016\/03\/25\/viacrucis-viernes-santo\/\"]}]},{\"@type\":\"ImageObject\",\"inLanguage\":\"es\",\"@id\":\"https:\/\/iicolumnas.es\/index.php\/actualidad\/2016\/03\/25\/viacrucis-viernes-santo\/#primaryimage\",\"url\":\"https:\/\/iicolumnas.es\/wp-content\/uploads\/2016\/03\/viacrucis-2016-14.jpg\",\"contentUrl\":\"https:\/\/iicolumnas.es\/wp-content\/uploads\/2016\/03\/viacrucis-2016-14.jpg\",\"width\":\"1199\",\"height\":\"889\",\"caption\":\"viacrucis cantalpino dos columnas\"},{\"@type\":\"BreadcrumbList\",\"@id\":\"https:\/\/iicolumnas.es\/index.php\/actualidad\/2016\/03\/25\/viacrucis-viernes-santo\/#breadcrumb\",\"itemListElement\":[{\"@type\":\"ListItem\",\"position\":1,\"name\":\"Portada\",\"item\":\"https:\/\/iicolumnas.es\/\"},{\"@type\":\"ListItem\",\"position\":2,\"name\":\"Actualidad\",\"item\":\"https:\/\/iicolumnas.es\/index.php\/category\/actualidad\/\"},{\"@type\":\"ListItem\",\"position\":3,\"name\":\"Viacrucis en Viernes Santo\"}]},{\"@type\":\"WebSite\",\"@id\":\"https:\/\/iicolumnas.es\/#website\",\"url\":\"https:\/\/iicolumnas.es\/\",\"name\":\"Dos Columnas\",\"description\":\"El peri\u00f3dico de la villa de Cantalpino\",\"potentialAction\":[{\"@type\":\"SearchAction\",\"target\":{\"@type\":\"EntryPoint\",\"urlTemplate\":\"https:\/\/iicolumnas.es\/?s={search_term_string}\"},\"query-input\":{\"@type\":\"PropertyValueSpecification\",\"valueRequired\":true,\"valueName\":\"search_term_string\"}}],\"inLanguage\":\"es\"},{\"@type\":\"Person\",\"@id\":\"https:\/\/iicolumnas.es\/#\/schema\/person\/d0b468295022f1c525f1f08174e5094e\",\"name\":\"Luc\u00eda Mart\u00edn\",\"image\":{\"@type\":\"ImageObject\",\"inLanguage\":\"es\",\"@id\":\"https:\/\/iicolumnas.es\/#\/schema\/person\/image\/\",\"url\":\"https:\/\/secure.gravatar.com\/avatar\/93fc1f88b1a03f8c364002e3c0eeaed8496b37404ac5fb74c332af7fc73d81f9?s=96&d=mm&r=g\",\"contentUrl\":\"https:\/\/secure.gravatar.com\/avatar\/93fc1f88b1a03f8c364002e3c0eeaed8496b37404ac5fb74c332af7fc73d81f9?s=96&d=mm&r=g\",\"caption\":\"Luc\u00eda Mart\u00edn\"}}]}<\/script>\n<!-- \/ Yoast SEO plugin. -->","yoast_head_json":{"title":"Viacrucis en Viernes Santo - Dos Columnas","robots":{"index":"index","follow":"follow","max-snippet":"max-snippet:-1","max-image-preview":"max-image-preview:large","max-video-preview":"max-video-preview:-1"},"canonical":"https:\/\/iicolumnas.es\/index.php\/actualidad\/2016\/03\/25\/viacrucis-viernes-santo\/","og_locale":"es_ES","og_type":"article","og_title":"Viacrucis en Viernes Santo - Dos Columnas","og_description":"Ya metidos en el Viernes Santo y despu\u00e9s de la oraci\u00f3n de Laudes organizada por Belen y las religiosas salesianas, la iglesia volvi\u00f3 a tomar vida a las 11:00 de la ma\u00f1ana y portando&#46;&#46;&#46;","og_url":"https:\/\/iicolumnas.es\/index.php\/actualidad\/2016\/03\/25\/viacrucis-viernes-santo\/","og_site_name":"Dos Columnas","article_publisher":"https:\/\/www.facebook.com\/iicolumnas\/","article_published_time":"2016-03-25T14:23:26+00:00","article_modified_time":"2016-03-26T10:45:58+00:00","og_image":[{"width":1199,"height":889,"url":"https:\/\/iicolumnas.es\/wp-content\/uploads\/2016\/03\/viacrucis-2016-14.jpg","type":"image\/jpeg"}],"author":"Luc\u00eda Mart\u00edn","twitter_card":"summary_large_image","twitter_creator":"@iicolumnas","twitter_site":"@iicolumnas","twitter_misc":{"Escrito por":"Luc\u00eda Mart\u00edn","Tiempo de lectura":"1 minuto"},"schema":{"@context":"https:\/\/schema.org","@graph":[{"@type":"WebPage","@id":"https:\/\/iicolumnas.es\/index.php\/actualidad\/2016\/03\/25\/viacrucis-viernes-santo\/","url":"https:\/\/iicolumnas.es\/index.php\/actualidad\/2016\/03\/25\/viacrucis-viernes-santo\/","name":"Viacrucis en Viernes Santo - Dos Columnas","isPartOf":{"@id":"https:\/\/iicolumnas.es\/#website"},"primaryImageOfPage":{"@id":"https:\/\/iicolumnas.es\/index.php\/actualidad\/2016\/03\/25\/viacrucis-viernes-santo\/#primaryimage"},"image":{"@id":"https:\/\/iicolumnas.es\/index.php\/actualidad\/2016\/03\/25\/viacrucis-viernes-santo\/#primaryimage"},"thumbnailUrl":"https:\/\/iicolumnas.es\/wp-content\/uploads\/2016\/03\/viacrucis-2016-14.jpg","datePublished":"2016-03-25T14:23:26+00:00","dateModified":"2016-03-26T10:45:58+00:00","author":{"@id":"https:\/\/iicolumnas.es\/#\/schema\/person\/d0b468295022f1c525f1f08174e5094e"},"breadcrumb":{"@id":"https:\/\/iicolumnas.es\/index.php\/actualidad\/2016\/03\/25\/viacrucis-viernes-santo\/#breadcrumb"},"inLanguage":"es","potentialAction":[{"@type":"ReadAction","target":["https:\/\/iicolumnas.es\/index.php\/actualidad\/2016\/03\/25\/viacrucis-viernes-santo\/"]}]},{"@type":"ImageObject","inLanguage":"es","@id":"https:\/\/iicolumnas.es\/index.php\/actualidad\/2016\/03\/25\/viacrucis-viernes-santo\/#primaryimage","url":"https:\/\/iicolumnas.es\/wp-content\/uploads\/2016\/03\/viacrucis-2016-14.jpg","contentUrl":"https:\/\/iicolumnas.es\/wp-content\/uploads\/2016\/03\/viacrucis-2016-14.jpg","width":"1199","height":"889","caption":"viacrucis cantalpino dos columnas"},{"@type":"BreadcrumbList","@id":"https:\/\/iicolumnas.es\/index.php\/actualidad\/2016\/03\/25\/viacrucis-viernes-santo\/#breadcrumb","itemListElement":[{"@type":"ListItem","position":1,"name":"Portada","item":"https:\/\/iicolumnas.es\/"},{"@type":"ListItem","position":2,"name":"Actualidad","item":"https:\/\/iicolumnas.es\/index.php\/category\/actualidad\/"},{"@type":"ListItem","position":3,"name":"Viacrucis en Viernes Santo"}]},{"@type":"WebSite","@id":"https:\/\/iicolumnas.es\/#website","url":"https:\/\/iicolumnas.es\/","name":"Dos Columnas","description":"El peri\u00f3dico de la villa de Cantalpino","potentialAction":[{"@type":"SearchAction","target":{"@type":"EntryPoint","urlTemplate":"https:\/\/iicolumnas.es\/?s={search_term_string}"},"query-input":{"@type":"PropertyValueSpecification","valueRequired":true,"valueName":"search_term_string"}}],"inLanguage":"es"},{"@type":"Person","@id":"https:\/\/iicolumnas.es\/#\/schema\/person\/d0b468295022f1c525f1f08174e5094e","name":"Luc\u00eda Mart\u00edn","image":{"@type":"ImageObject","inLanguage":"es","@id":"https:\/\/iicolumnas.es\/#\/schema\/person\/image\/","url":"https:\/\/secure.gravatar.com\/avatar\/93fc1f88b1a03f8c364002e3c0eeaed8496b37404ac5fb74c332af7fc73d81f9?s=96&d=mm&r=g","contentUrl":"https:\/\/secure.gravatar.com\/avatar\/93fc1f88b1a03f8c364002e3c0eeaed8496b37404ac5fb74c332af7fc73d81f9?s=96&d=mm&r=g","caption":"Luc\u00eda Mart\u00edn"}}]}},"_links":{"self":[{"href":"https:\/\/iicolumnas.es\/index.php\/wp-json\/wp\/v2\/posts\/1391","targetHints":{"allow":["GET"]}}],"collection":[{"href":"https:\/\/iicolumnas.es\/index.php\/wp-json\/wp\/v2\/posts"}],"about":[{"href":"https:\/\/iicolumnas.es\/index.php\/wp-json\/wp\/v2\/types\/post"}],"author":[{"embeddable":true,"href":"https:\/\/iicolumnas.es\/index.php\/wp-json\/wp\/v2\/users\/13"}],"replies":[{"embeddable":true,"href":"https:\/\/iicolumnas.es\/index.php\/wp-json\/wp\/v2\/comments?post=1391"}],"version-history":[{"count":0,"href":"https:\/\/iicolumnas.es\/index.php\/wp-json\/wp\/v2\/posts\/1391\/revisions"}],"wp:featuredmedia":[{"embeddable":true,"href":"https:\/\/iicolumnas.es\/index.php\/wp-json\/wp\/v2\/media\/1407"}],"wp:attachment":[{"href":"https:\/\/iicolumnas.es\/index.php\/wp-json\/wp\/v2\/media?parent=1391"}],"wp:term":[{"taxonomy":"category","embeddable":true,"href":"https:\/\/iicolumnas.es\/index.php\/wp-json\/wp\/v2\/categories?post=1391"},{"taxonomy":"post_tag","embeddable":true,"href":"https:\/\/iicolumnas.es\/index.php\/wp-json\/wp\/v2\/tags?post=1391"}],"curies":[{"name":"wp","href":"https:\/\/api.w.org\/{rel}","templated":true}]}}