{"id":13603,"date":"2017-09-07T07:36:42","date_gmt":"2017-09-07T07:36:42","guid":{"rendered":"https:\/\/iicolumnas.es\/?p=13603"},"modified":"2017-09-07T07:36:42","modified_gmt":"2017-09-07T07:36:42","slug":"entrega-libros-del-programa-releo-plus","status":"publish","type":"post","link":"https:\/\/iicolumnas.es\/index.php\/actualidad\/2017\/09\/07\/entrega-libros-del-programa-releo-plus\/","title":{"rendered":"Entrega de libros del programa Releo Plus"},"content":{"rendered":"<p style=\"text-align: justify;\">El colegio C.R.A. Sor Eusebia Palomino informa que la entrega de libros del programa \u00abreleo plus\u00bb ser\u00e1 este jueves d\u00eda 7 de septiembre a partir de las 12:00horas en el colegio.<\/p>\n<p style=\"text-align: justify;\"><img loading=\"lazy\" decoding=\"async\" class=\"alignleft wp-image-13606 size-medium\" src=\"https:\/\/iicolumnas.es\/wp-content\/uploads\/2017\/09\/IMG_8443-265x300.jpg\" alt=\"\" width=\"265\" height=\"300\" srcset=\"https:\/\/iicolumnas.es\/wp-content\/uploads\/2017\/09\/IMG_8443-265x300.jpg 265w, https:\/\/iicolumnas.es\/wp-content\/uploads\/2017\/09\/IMG_8443.jpg 329w\" sizes=\"auto, (max-width: 265px) 100vw, 265px\" \/>El programa releo plus es un programa de gratuidad de libros de texto y de las ayudas del Ministerio de Educaci\u00f3n, Cultura y Deporte. Su objeto es proporcionar el uso gratuito de libros de texto al alumnado que curse educaci\u00f3n primaria y educaci\u00f3n secundaria obligatoria en centros docentes de la Comunidad de Castilla y Le\u00f3n.<\/p>\n<p style=\"text-align: justify;\">Para lograr el uso gratuito de libros de texto por parte del alumnado beneficiario: Se acudir\u00e1 al Banco de libros de texto ubicado en el centro en el que estudie el alumno, y en el caso de no disponer del material\u00a0requerido y no pudiera entregarle esta ayuda en especie, se le entregar\u00e1 una ayuda econica para la adquisici\u00f3n de los libros necesarios, que ser\u00e1n devueltos al finalizar el curso escolar. El alumnado participante en el Programa \u201cRELEO PLUS\u201d que no resulte beneficiario por no cumplir el requisito de renta podr\u00e1 recibir libros de texto, siempre que una vez atendidas las necesidades de los beneficiarios continuara habiendo existencias en su centro procedentes del Banco de libros de texto de Castilla y Le\u00f3n.<\/p>\n","protected":false},"excerpt":{"rendered":"<p>El colegio C.R.A. Sor Eusebia Palomino informa que la entrega de libros del programa \u00abreleo plus\u00bb ser\u00e1 este jueves d\u00eda 7 de septiembre a partir de las 12:00horas en el colegio. El programa releo&#46;&#46;&#46;<\/p>\n","protected":false},"author":18,"featured_media":13605,"comment_status":"open","ping_status":"open","sticky":false,"template":"","format":"standard","meta":{"footnotes":""},"categories":[1,203],"tags":[419,1436],"class_list":["post-13603","post","type-post","status-publish","format-standard","has-post-thumbnail","hentry","category-actualidad","category-tablon-de-anuncios","tag-c-r-a-eusebia-palomino","tag-releo-plus"],"yoast_head":"<!-- This site is optimized with the Yoast SEO plugin v26.6 - https:\/\/yoast.com\/wordpress\/plugins\/seo\/ -->\n<title>Entrega de libros del programa Releo Plus - Dos Columnas<\/title>\n<meta name=\"robots\" content=\"index, follow, max-snippet:-1, max-image-preview:large, max-video-preview:-1\" \/>\n<link rel=\"canonical\" href=\"https:\/\/iicolumnas.es\/index.php\/actualidad\/2017\/09\/07\/entrega-libros-del-programa-releo-plus\/\" \/>\n<meta property=\"og:locale\" content=\"es_ES\" \/>\n<meta property=\"og:type\" content=\"article\" \/>\n<meta property=\"og:title\" content=\"Entrega de libros del programa Releo Plus - Dos Columnas\" \/>\n<meta property=\"og:description\" content=\"El colegio C.R.A. Sor Eusebia Palomino informa que la entrega de libros del programa \u00abreleo plus\u00bb ser\u00e1 este jueves d\u00eda 7 de septiembre a partir de las 12:00horas en el colegio. El programa releo&#046;&#046;&#046;\" \/>\n<meta property=\"og:url\" content=\"https:\/\/iicolumnas.es\/index.php\/actualidad\/2017\/09\/07\/entrega-libros-del-programa-releo-plus\/\" \/>\n<meta property=\"og:site_name\" content=\"Dos Columnas\" \/>\n<meta property=\"article:publisher\" content=\"https:\/\/www.facebook.com\/iicolumnas\/\" \/>\n<meta property=\"article:published_time\" content=\"2017-09-07T07:36:42+00:00\" \/>\n<meta property=\"og:image\" content=\"https:\/\/iicolumnas.es\/wp-content\/uploads\/2017\/09\/IMG_8442.jpg\" \/>\n\t<meta property=\"og:image:width\" content=\"340\" \/>\n\t<meta property=\"og:image:height\" content=\"262\" \/>\n\t<meta property=\"og:image:type\" content=\"image\/jpeg\" \/>\n<meta name=\"author\" content=\"Lucia Pedroso\" \/>\n<meta name=\"twitter:card\" content=\"summary_large_image\" \/>\n<meta name=\"twitter:creator\" content=\"@iicolumnas\" \/>\n<meta name=\"twitter:site\" content=\"@iicolumnas\" \/>\n<meta name=\"twitter:label1\" content=\"Escrito por\" \/>\n\t<meta name=\"twitter:data1\" content=\"Lucia Pedroso\" \/>\n\t<meta name=\"twitter:label2\" content=\"Tiempo de lectura\" \/>\n\t<meta name=\"twitter:data2\" content=\"1 minuto\" \/>\n<script type=\"application\/ld+json\" class=\"yoast-schema-graph\">{\"@context\":\"https:\/\/schema.org\",\"@graph\":[{\"@type\":\"WebPage\",\"@id\":\"https:\/\/iicolumnas.es\/index.php\/actualidad\/2017\/09\/07\/entrega-libros-del-programa-releo-plus\/\",\"url\":\"https:\/\/iicolumnas.es\/index.php\/actualidad\/2017\/09\/07\/entrega-libros-del-programa-releo-plus\/\",\"name\":\"Entrega de libros del programa Releo Plus - Dos Columnas\",\"isPartOf\":{\"@id\":\"https:\/\/iicolumnas.es\/#website\"},\"primaryImageOfPage\":{\"@id\":\"https:\/\/iicolumnas.es\/index.php\/actualidad\/2017\/09\/07\/entrega-libros-del-programa-releo-plus\/#primaryimage\"},\"image\":{\"@id\":\"https:\/\/iicolumnas.es\/index.php\/actualidad\/2017\/09\/07\/entrega-libros-del-programa-releo-plus\/#primaryimage\"},\"thumbnailUrl\":\"https:\/\/iicolumnas.es\/wp-content\/uploads\/2017\/09\/IMG_8442.jpg\",\"datePublished\":\"2017-09-07T07:36:42+00:00\",\"author\":{\"@id\":\"https:\/\/iicolumnas.es\/#\/schema\/person\/703e12a73a5090b041b461663c8f0531\"},\"breadcrumb\":{\"@id\":\"https:\/\/iicolumnas.es\/index.php\/actualidad\/2017\/09\/07\/entrega-libros-del-programa-releo-plus\/#breadcrumb\"},\"inLanguage\":\"es\",\"potentialAction\":[{\"@type\":\"ReadAction\",\"target\":[\"https:\/\/iicolumnas.es\/index.php\/actualidad\/2017\/09\/07\/entrega-libros-del-programa-releo-plus\/\"]}]},{\"@type\":\"ImageObject\",\"inLanguage\":\"es\",\"@id\":\"https:\/\/iicolumnas.es\/index.php\/actualidad\/2017\/09\/07\/entrega-libros-del-programa-releo-plus\/#primaryimage\",\"url\":\"https:\/\/iicolumnas.es\/wp-content\/uploads\/2017\/09\/IMG_8442.jpg\",\"contentUrl\":\"https:\/\/iicolumnas.es\/wp-content\/uploads\/2017\/09\/IMG_8442.jpg\",\"width\":340,\"height\":262},{\"@type\":\"BreadcrumbList\",\"@id\":\"https:\/\/iicolumnas.es\/index.php\/actualidad\/2017\/09\/07\/entrega-libros-del-programa-releo-plus\/#breadcrumb\",\"itemListElement\":[{\"@type\":\"ListItem\",\"position\":1,\"name\":\"Portada\",\"item\":\"https:\/\/iicolumnas.es\/\"},{\"@type\":\"ListItem\",\"position\":2,\"name\":\"Actualidad\",\"item\":\"https:\/\/iicolumnas.es\/index.php\/category\/actualidad\/\"},{\"@type\":\"ListItem\",\"position\":3,\"name\":\"Entrega de libros del programa Releo Plus\"}]},{\"@type\":\"WebSite\",\"@id\":\"https:\/\/iicolumnas.es\/#website\",\"url\":\"https:\/\/iicolumnas.es\/\",\"name\":\"Dos Columnas\",\"description\":\"El peri\u00f3dico de la villa de Cantalpino\",\"potentialAction\":[{\"@type\":\"SearchAction\",\"target\":{\"@type\":\"EntryPoint\",\"urlTemplate\":\"https:\/\/iicolumnas.es\/?s={search_term_string}\"},\"query-input\":{\"@type\":\"PropertyValueSpecification\",\"valueRequired\":true,\"valueName\":\"search_term_string\"}}],\"inLanguage\":\"es\"},{\"@type\":\"Person\",\"@id\":\"https:\/\/iicolumnas.es\/#\/schema\/person\/703e12a73a5090b041b461663c8f0531\",\"name\":\"Lucia Pedroso\",\"image\":{\"@type\":\"ImageObject\",\"inLanguage\":\"es\",\"@id\":\"https:\/\/iicolumnas.es\/#\/schema\/person\/image\/\",\"url\":\"https:\/\/secure.gravatar.com\/avatar\/c6e08a497120c58e110f9fc761b0fe771e7120ebcb2789302216f51d5c9243cc?s=96&d=mm&r=g\",\"contentUrl\":\"https:\/\/secure.gravatar.com\/avatar\/c6e08a497120c58e110f9fc761b0fe771e7120ebcb2789302216f51d5c9243cc?s=96&d=mm&r=g\",\"caption\":\"Lucia Pedroso\"}}]}<\/script>\n<!-- \/ Yoast SEO plugin. -->","yoast_head_json":{"title":"Entrega de libros del programa Releo Plus - Dos Columnas","robots":{"index":"index","follow":"follow","max-snippet":"max-snippet:-1","max-image-preview":"max-image-preview:large","max-video-preview":"max-video-preview:-1"},"canonical":"https:\/\/iicolumnas.es\/index.php\/actualidad\/2017\/09\/07\/entrega-libros-del-programa-releo-plus\/","og_locale":"es_ES","og_type":"article","og_title":"Entrega de libros del programa Releo Plus - Dos Columnas","og_description":"El colegio C.R.A. Sor Eusebia Palomino informa que la entrega de libros del programa \u00abreleo plus\u00bb ser\u00e1 este jueves d\u00eda 7 de septiembre a partir de las 12:00horas en el colegio. El programa releo&#46;&#46;&#46;","og_url":"https:\/\/iicolumnas.es\/index.php\/actualidad\/2017\/09\/07\/entrega-libros-del-programa-releo-plus\/","og_site_name":"Dos Columnas","article_publisher":"https:\/\/www.facebook.com\/iicolumnas\/","article_published_time":"2017-09-07T07:36:42+00:00","og_image":[{"width":340,"height":262,"url":"https:\/\/iicolumnas.es\/wp-content\/uploads\/2017\/09\/IMG_8442.jpg","type":"image\/jpeg"}],"author":"Lucia Pedroso","twitter_card":"summary_large_image","twitter_creator":"@iicolumnas","twitter_site":"@iicolumnas","twitter_misc":{"Escrito por":"Lucia Pedroso","Tiempo de lectura":"1 minuto"},"schema":{"@context":"https:\/\/schema.org","@graph":[{"@type":"WebPage","@id":"https:\/\/iicolumnas.es\/index.php\/actualidad\/2017\/09\/07\/entrega-libros-del-programa-releo-plus\/","url":"https:\/\/iicolumnas.es\/index.php\/actualidad\/2017\/09\/07\/entrega-libros-del-programa-releo-plus\/","name":"Entrega de libros del programa Releo Plus - Dos Columnas","isPartOf":{"@id":"https:\/\/iicolumnas.es\/#website"},"primaryImageOfPage":{"@id":"https:\/\/iicolumnas.es\/index.php\/actualidad\/2017\/09\/07\/entrega-libros-del-programa-releo-plus\/#primaryimage"},"image":{"@id":"https:\/\/iicolumnas.es\/index.php\/actualidad\/2017\/09\/07\/entrega-libros-del-programa-releo-plus\/#primaryimage"},"thumbnailUrl":"https:\/\/iicolumnas.es\/wp-content\/uploads\/2017\/09\/IMG_8442.jpg","datePublished":"2017-09-07T07:36:42+00:00","author":{"@id":"https:\/\/iicolumnas.es\/#\/schema\/person\/703e12a73a5090b041b461663c8f0531"},"breadcrumb":{"@id":"https:\/\/iicolumnas.es\/index.php\/actualidad\/2017\/09\/07\/entrega-libros-del-programa-releo-plus\/#breadcrumb"},"inLanguage":"es","potentialAction":[{"@type":"ReadAction","target":["https:\/\/iicolumnas.es\/index.php\/actualidad\/2017\/09\/07\/entrega-libros-del-programa-releo-plus\/"]}]},{"@type":"ImageObject","inLanguage":"es","@id":"https:\/\/iicolumnas.es\/index.php\/actualidad\/2017\/09\/07\/entrega-libros-del-programa-releo-plus\/#primaryimage","url":"https:\/\/iicolumnas.es\/wp-content\/uploads\/2017\/09\/IMG_8442.jpg","contentUrl":"https:\/\/iicolumnas.es\/wp-content\/uploads\/2017\/09\/IMG_8442.jpg","width":340,"height":262},{"@type":"BreadcrumbList","@id":"https:\/\/iicolumnas.es\/index.php\/actualidad\/2017\/09\/07\/entrega-libros-del-programa-releo-plus\/#breadcrumb","itemListElement":[{"@type":"ListItem","position":1,"name":"Portada","item":"https:\/\/iicolumnas.es\/"},{"@type":"ListItem","position":2,"name":"Actualidad","item":"https:\/\/iicolumnas.es\/index.php\/category\/actualidad\/"},{"@type":"ListItem","position":3,"name":"Entrega de libros del programa Releo Plus"}]},{"@type":"WebSite","@id":"https:\/\/iicolumnas.es\/#website","url":"https:\/\/iicolumnas.es\/","name":"Dos Columnas","description":"El peri\u00f3dico de la villa de Cantalpino","potentialAction":[{"@type":"SearchAction","target":{"@type":"EntryPoint","urlTemplate":"https:\/\/iicolumnas.es\/?s={search_term_string}"},"query-input":{"@type":"PropertyValueSpecification","valueRequired":true,"valueName":"search_term_string"}}],"inLanguage":"es"},{"@type":"Person","@id":"https:\/\/iicolumnas.es\/#\/schema\/person\/703e12a73a5090b041b461663c8f0531","name":"Lucia Pedroso","image":{"@type":"ImageObject","inLanguage":"es","@id":"https:\/\/iicolumnas.es\/#\/schema\/person\/image\/","url":"https:\/\/secure.gravatar.com\/avatar\/c6e08a497120c58e110f9fc761b0fe771e7120ebcb2789302216f51d5c9243cc?s=96&d=mm&r=g","contentUrl":"https:\/\/secure.gravatar.com\/avatar\/c6e08a497120c58e110f9fc761b0fe771e7120ebcb2789302216f51d5c9243cc?s=96&d=mm&r=g","caption":"Lucia Pedroso"}}]}},"_links":{"self":[{"href":"https:\/\/iicolumnas.es\/index.php\/wp-json\/wp\/v2\/posts\/13603","targetHints":{"allow":["GET"]}}],"collection":[{"href":"https:\/\/iicolumnas.es\/index.php\/wp-json\/wp\/v2\/posts"}],"about":[{"href":"https:\/\/iicolumnas.es\/index.php\/wp-json\/wp\/v2\/types\/post"}],"author":[{"embeddable":true,"href":"https:\/\/iicolumnas.es\/index.php\/wp-json\/wp\/v2\/users\/18"}],"replies":[{"embeddable":true,"href":"https:\/\/iicolumnas.es\/index.php\/wp-json\/wp\/v2\/comments?post=13603"}],"version-history":[{"count":4,"href":"https:\/\/iicolumnas.es\/index.php\/wp-json\/wp\/v2\/posts\/13603\/revisions"}],"predecessor-version":[{"id":13613,"href":"https:\/\/iicolumnas.es\/index.php\/wp-json\/wp\/v2\/posts\/13603\/revisions\/13613"}],"wp:featuredmedia":[{"embeddable":true,"href":"https:\/\/iicolumnas.es\/index.php\/wp-json\/wp\/v2\/media\/13605"}],"wp:attachment":[{"href":"https:\/\/iicolumnas.es\/index.php\/wp-json\/wp\/v2\/media?parent=13603"}],"wp:term":[{"taxonomy":"category","embeddable":true,"href":"https:\/\/iicolumnas.es\/index.php\/wp-json\/wp\/v2\/categories?post=13603"},{"taxonomy":"post_tag","embeddable":true,"href":"https:\/\/iicolumnas.es\/index.php\/wp-json\/wp\/v2\/tags?post=13603"}],"curies":[{"name":"wp","href":"https:\/\/api.w.org\/{rel}","templated":true}]}}