{"id":1347,"date":"2016-03-24T22:46:31","date_gmt":"2016-03-24T22:46:31","guid":{"rendered":"https:\/\/iicolumnas.es\/?p=1347"},"modified":"2016-03-26T10:42:03","modified_gmt":"2016-03-26T10:42:03","slug":"campana-la-patata-las-lluvias-las-heladas-retrasan-inicio-la-siembra","status":"publish","type":"post","link":"https:\/\/iicolumnas.es\/index.php\/actualidad\/2016\/03\/24\/campana-la-patata-las-lluvias-las-heladas-retrasan-inicio-la-siembra\/","title":{"rendered":"Campa\u00f1a de la patata: Las lluvias y las heladas retrasan el inicio de la siembra"},"content":{"rendered":"<p style=\"text-align: center;\"><em style=\"line-height: 1.5;\"><div id=\"metaslider-id-1354\" style=\"max-width: 700px; margin: 0 auto;\" class=\"ml-slider-3-104-0 metaslider metaslider-flex metaslider-1354 ml-slider has-dots-nav ms-theme-default\" role=\"region\" aria-label=\"Siembra\" data-height=\"300\" data-width=\"700\">\n    <div id=\"metaslider_container_1354\">\n        <div id=\"metaslider_1354\" class=\"flexslider\">\n            <ul class='slides'>\n                <li style=\"display: block; width: 100%;\" class=\"slide-1340 ms-image \" aria-roledescription=\"slide\" data-date=\"2016-03-24 22:38:13\" data-filename=\"siembra_patatas_cantalpino9-700x300.jpg\" data-slide-type=\"image\"><img loading=\"lazy\" decoding=\"async\" src=\"https:\/\/iicolumnas.es\/wp-content\/uploads\/2016\/03\/siembra_patatas_cantalpino9-700x300.jpg\" height=\"300\" width=\"700\" alt=\"Siembra de patatas\" class=\"slider-1354 slide-1340 msDefaultImage\" title=\"Siembra de patatas\" \/><\/li>\n                <li style=\"display: none; width: 100%;\" class=\"slide-1339 ms-image \" aria-roledescription=\"slide\" data-date=\"2016-03-24 22:37:58\" data-filename=\"siembra_patatas_cantalpino4-700x300.jpg\" data-slide-type=\"image\"><img loading=\"lazy\" decoding=\"async\" src=\"https:\/\/iicolumnas.es\/wp-content\/uploads\/2016\/03\/siembra_patatas_cantalpino4-700x300.jpg\" height=\"300\" width=\"700\" alt=\"Siembra de patatas\" class=\"slider-1354 slide-1339 msDefaultImage\" title=\"Siembra de patatas\" \/><\/li>\n                <li style=\"display: none; width: 100%;\" class=\"slide-1341 ms-image \" aria-roledescription=\"slide\" data-date=\"2016-03-24 22:38:26\" data-filename=\"siembra_patatas_cantalpino3-700x300.jpg\" data-slide-type=\"image\"><img loading=\"lazy\" decoding=\"async\" src=\"https:\/\/iicolumnas.es\/wp-content\/uploads\/2016\/03\/siembra_patatas_cantalpino3-700x300.jpg\" height=\"300\" width=\"700\" alt=\"Siembra de patatas\" class=\"slider-1354 slide-1341 msDefaultImage\" title=\"Siembra de patatas\" \/><\/li>\n                <li style=\"display: none; width: 100%;\" class=\"slide-1336 ms-image \" aria-roledescription=\"slide\" data-date=\"2016-03-24 22:37:38\" data-filename=\"siembra_patatas_cantalpino7-700x300.jpg\" data-slide-type=\"image\"><img loading=\"lazy\" decoding=\"async\" src=\"https:\/\/iicolumnas.es\/wp-content\/uploads\/2016\/03\/siembra_patatas_cantalpino7-700x300.jpg\" height=\"300\" width=\"700\" alt=\"Siembra de patatas\" class=\"slider-1354 slide-1336 msDefaultImage\" title=\"Siembra de patatas\" \/><\/li>\n                <li style=\"display: none; width: 100%;\" class=\"slide-1338 ms-image \" aria-roledescription=\"slide\" data-date=\"2016-03-24 22:37:48\" data-filename=\"siembra_patatas_cantalpino5-700x300.jpg\" data-slide-type=\"image\"><img loading=\"lazy\" decoding=\"async\" src=\"https:\/\/iicolumnas.es\/wp-content\/uploads\/2016\/03\/siembra_patatas_cantalpino5-700x300.jpg\" height=\"300\" width=\"700\" alt=\"Siembra de patatas\" class=\"slider-1354 slide-1338 msDefaultImage\" title=\"Siembra de patatas\" \/><\/li>\n                <li style=\"display: none; width: 100%;\" class=\"slide-1337 ms-image \" aria-roledescription=\"slide\" data-date=\"2016-03-24 22:37:43\" data-filename=\"siembra_patatas_cantalpino6-700x300.jpg\" data-slide-type=\"image\"><img loading=\"lazy\" decoding=\"async\" src=\"https:\/\/iicolumnas.es\/wp-content\/uploads\/2016\/03\/siembra_patatas_cantalpino6-700x300.jpg\" height=\"300\" width=\"700\" alt=\"Siembra de patatas\" class=\"slider-1354 slide-1337 msDefaultImage\" title=\"Siembra de patatas\" \/><\/li>\n                <li style=\"display: none; width: 100%;\" class=\"slide-1343 ms-image \" aria-roledescription=\"slide\" data-date=\"2016-03-24 22:38:55\" data-filename=\"siembra_patatas_cantalpino-700x300.jpg\" data-slide-type=\"image\"><img loading=\"lazy\" decoding=\"async\" src=\"https:\/\/iicolumnas.es\/wp-content\/uploads\/2016\/03\/siembra_patatas_cantalpino-700x300.jpg\" height=\"300\" width=\"700\" alt=\"Siembra de patatas\" class=\"slider-1354 slide-1343 msDefaultImage\" title=\"Siembra de patatas\" \/><\/li>\n                <li style=\"display: none; width: 100%;\" class=\"slide-1342 ms-image \" aria-roledescription=\"slide\" data-date=\"2016-03-24 22:38:41\" data-filename=\"siembra_patatas_cantalpino2-700x300.jpg\" data-slide-type=\"image\"><img loading=\"lazy\" decoding=\"async\" src=\"https:\/\/iicolumnas.es\/wp-content\/uploads\/2016\/03\/siembra_patatas_cantalpino2-700x300.jpg\" height=\"300\" width=\"700\" alt=\"Siembra de patatas\" class=\"slider-1354 slide-1342 msDefaultImage\" title=\"Siembra de patatas\" \/><\/li>\n            <\/ul>\n        <\/div>\n        \n    <\/div>\n<\/div><\/em><\/p>\n<p style=\"text-align: justify;\"><em>Se espera que aumente sensiblemente la producci\u00f3n con respecto a la camapa\u00f1a anterior<\/em><\/p>\n<p style=\"text-align: justify;\"><img loading=\"lazy\" decoding=\"async\" class=\"size-medium wp-image-1339 alignleft\" src=\"https:\/\/iicolumnas.es\/wp-content\/uploads\/2016\/03\/siembra_patatas_cantalpino4-222x300.jpg\" alt=\"IMG-20160324-WA0013\" width=\"222\" height=\"300\" srcset=\"https:\/\/iicolumnas.es\/wp-content\/uploads\/2016\/03\/siembra_patatas_cantalpino4-222x300.jpg 222w, https:\/\/iicolumnas.es\/wp-content\/uploads\/2016\/03\/siembra_patatas_cantalpino4-758x1024.jpg 758w, https:\/\/iicolumnas.es\/wp-content\/uploads\/2016\/03\/siembra_patatas_cantalpino4.jpg 1184w\" sizes=\"auto, (max-width: 222px) 100vw, 222px\" \/>La siembra de la patata, <strong>cultivo por excelencia en Cantalpino<\/strong>, se ha visto <strong>afectada por la las<\/strong> <strong>intensas lluvias<\/strong> durante el mes de enero &#8211; llegaron a caer en torno a 160 litros- a lo que <strong>hay que sumar las heladas<\/strong> que han afectado de forma significativa a los productores de la localidad. A estas alturas, ya tendr\u00eda que estar sembrada el 50% de la producci\u00f3n.<\/p>\n<p style=\"text-align: justify;\">Como es tradici\u00f3n, las naves se llenan de cu\u00e9vanos y sacos de patatas que despu\u00e9s se siembran, ya partidas, aunque <strong>cada vez son m\u00e1s los que compran patatas m\u00e1s peque\u00f1as que se plantan directamente<\/strong>. Para llevarlo a cabo se utiliza maquinaria especializada, disponible en Aranpino, sobre todo para patatas grandes y con muchos tallos, ya que el fallo que se puede producir al cortar \u00abal alzar\u00bb es menor.<\/p>\n<p style=\"text-align: justify;\"><strong>Jos\u00e9 Bl\u00e1zquez<\/strong>, gerente de la Cooperativa Aranpino, dedicada a la producci\u00f3n y venta de patata local, se\u00f1ala que a\u00fan es dif\u00edcil dar un precio de salida del producto pues, <strong>ahora, la patata viene de Francia ya que \u00abalargan la conservaci\u00f3n del tub\u00e9rculo<\/strong> en c\u00e1mara frigor\u00edficas\u00bb. Adem\u00e1s &#8211; a\u00f1ade- \u00abEspa\u00f1a no es autosuficiente y no se conservan\u00bb.<\/p>\n<p style=\"text-align: justify;\">Como el resto de mercados, est\u00e1 condicionado por la oferta y la demanda: <strong>si el producto escasea, sube el precio; en cambio, si hay mucha producci\u00f3n el precio cae, caso que ocurri\u00f3 en el a\u00f1o 2014, a\u00f1o de abundantes p\u00e9rdidas.<\/strong> Ciertamente, reconoce Jos\u00e9 Bl\u00e1zquez, la imposibilidad de sembrar antes va a provocar que no haya producto local durante un tiempo. \u201cTodos los agricultores van a querer vender la mercanc\u00eda al mismo tiempo, lo que podr\u00eda tener consecuencias en el precio\u201d.<\/p>\n<p style=\"text-align: justify;\">En el caso de Aranpino, <strong>el 90% de la producci\u00f3n se destina al mercado libre<\/strong>. De hecho, como reconoce el gerente de Aranpino, las ventas en las grandes superficies suponen grandes inconvenientes para los agricultores, ya que el precio, cuando \u00e9stas van destinadas a las grandes superficies, no aumenta nada. Las grandes superficies fijan el precio de venta y no hay posibilidad de negociaci\u00f3n. <strong>\u00abEs un mercado que est\u00e1 copado por 5 \u00f3 6 grandes envasadores, que no son productores; abastecen a las grandes superficies con producto nacional (desde abril hasta octubre) y el resto del a\u00f1o la mercanc\u00eda es de importaci\u00f3n, principalmente de origen franc\u00e9s\u00bb.<\/strong><\/p>\n<p style=\"text-align: justify;\">En lo que se refiere a <strong>la cantidad de recogida, se calcula -dependiendo de las zona, las variedades sembradas y las condiciones climatol\u00f3gicas- que la ascienda a los 50.000 kilos por hect\u00e1rea<\/strong> aunque el gerente de Aranpino se\u00f1ala que en esta zona el rendimiento es mayor, y se producen 65.000 kg\/HA.<\/p>\n<p style=\"text-align: justify;\"><strong>La patata de Cantalpino no solo se limita al mercado loca<\/strong>l, regional o nacional. Tambi\u00e9n se extiende fuera de nuestro pa\u00eds. \u201cUn 65 % van destinadas al mercado nacional y u<strong>n 35 % al mercado portugu\u00e9s\u201d<\/strong>. En ambos casos grandes consumidores, es decir, mercados centrales que mueven muchos kilos y dentro de nuestras fronteras -finaliza- la patata va destinada principalmente a \u201cMadrid, Sevilla y a Valencia, aunque en menor medida\u201d.<\/p>\n<p style=\"text-align: justify;\"><strong>CASO OPUESTO<\/strong><br \/>\n<img loading=\"lazy\" decoding=\"async\" class=\"size-medium wp-image-1343 alignleft\" src=\"https:\/\/iicolumnas.es\/wp-content\/uploads\/2016\/03\/siembra_patatas_cantalpino-225x300.jpg\" alt=\"IMG-20160324-WA0029\" width=\"225\" height=\"300\" srcset=\"https:\/\/iicolumnas.es\/wp-content\/uploads\/2016\/03\/siembra_patatas_cantalpino-225x300.jpg 225w, https:\/\/iicolumnas.es\/wp-content\/uploads\/2016\/03\/siembra_patatas_cantalpino-768x1024.jpg 768w, https:\/\/iicolumnas.es\/wp-content\/uploads\/2016\/03\/siembra_patatas_cantalpino.jpg 1200w\" sizes=\"auto, (max-width: 225px) 100vw, 225px\" \/>En cambio, otros agricultores, como es el caso de <strong>Jes\u00fas Mulas<\/strong>, han comenzado la siembra. En este sentido \u00absiempre hay que ser optimistas y tener buenas expectativas con respecto a la producci\u00f3n pero <strong>siempre hay cierta incertidumbre\u00bb se\u00f1ala, pues no hay que olvidar la importante inversion que supone para los agricultores<\/strong> ya que \u00abexponemos mucho dinero y est\u00e1s pendiente toda la campa\u00f1a, si vamos a obtener ganancia, o vamos a perder hasta el punto de no recuperar lo invertido\u00bb.<\/p>\n<p style=\"text-align: justify;\">Dado que la mayor parte de los agricultores venden el producto a almacenistas, en este caso a Vicente Garc\u00eda, reconoce, tiene que tener muy presente los costes de producci\u00f3n (semillas, fertilizantes, gasoil, etc) para obtener cierto beneficio. Este a\u00f1o el precio de la semilla, por ejemplo, <strong>oscila entre 75 centimos y 1,5 euros, en funci\u00f3n del calibre y la variedad<\/strong><\/p>\n<p style=\"text-align: justify;\">En cuanto a las barreras que puedan existir<strong> destaca la competencia con otros productores<\/strong> aunque \u00abel precio, a la hora de la entrega del producto, es similar para todos los almacenistas\u00bb, concluye.<\/p>\n<p style=\"text-align: justify;\"><strong>VARIEDADES<\/strong><br \/>\nExisten multitud de variedades, entre las que destacan como m\u00e1s habituales las siguientes:<br \/>\n&#8211; La Jaerla, temprana o de ciclo corto, tarda aproximadamente 80 d\u00edas<br \/>\n&#8211; Red-Scarlett es tard\u00eda y tarda una media de 120-140 dias en obtener el producto.<br \/>\nOtros tipos, hay muchos, son la Agria, muy com\u00fan en tierras de Villoria y Babilafuente, la Espunta.<\/p>\n","protected":false},"excerpt":{"rendered":"<p>Se espera que aumente sensiblemente la producci\u00f3n con respecto a la camapa\u00f1a anterior La siembra de la patata, cultivo por excelencia en Cantalpino, se ha visto afectada por la las intensas lluvias durante el&#46;&#46;&#46;<\/p>\n","protected":false},"author":12,"featured_media":1339,"comment_status":"open","ping_status":"open","sticky":false,"template":"","format":"standard","meta":{"footnotes":""},"categories":[1],"tags":[137,138,136,135],"class_list":["post-1347","post","type-post","status-publish","format-standard","has-post-thumbnail","hentry","category-actualidad","tag-aranpino","tag-mulas","tag-patatas","tag-siembra"],"yoast_head":"<!-- This site is optimized with the Yoast SEO plugin v26.6 - https:\/\/yoast.com\/wordpress\/plugins\/seo\/ -->\n<title>Campa\u00f1a de la patata: Las lluvias y las heladas retrasan el inicio de la siembra - Dos Columnas<\/title>\n<meta name=\"robots\" content=\"index, follow, max-snippet:-1, max-image-preview:large, max-video-preview:-1\" \/>\n<link rel=\"canonical\" href=\"https:\/\/iicolumnas.es\/index.php\/actualidad\/2016\/03\/24\/campana-la-patata-las-lluvias-las-heladas-retrasan-inicio-la-siembra\/\" \/>\n<meta property=\"og:locale\" content=\"es_ES\" \/>\n<meta property=\"og:type\" content=\"article\" \/>\n<meta property=\"og:title\" content=\"Campa\u00f1a de la patata: Las lluvias y las heladas retrasan el inicio de la siembra - Dos Columnas\" \/>\n<meta property=\"og:description\" content=\"Se espera que aumente sensiblemente la producci\u00f3n con respecto a la camapa\u00f1a anterior La siembra de la patata, cultivo por excelencia en Cantalpino, se ha visto afectada por la las intensas lluvias durante el&#046;&#046;&#046;\" \/>\n<meta property=\"og:url\" content=\"https:\/\/iicolumnas.es\/index.php\/actualidad\/2016\/03\/24\/campana-la-patata-las-lluvias-las-heladas-retrasan-inicio-la-siembra\/\" \/>\n<meta property=\"og:site_name\" content=\"Dos Columnas\" \/>\n<meta property=\"article:publisher\" content=\"https:\/\/www.facebook.com\/iicolumnas\/\" \/>\n<meta property=\"article:published_time\" content=\"2016-03-24T22:46:31+00:00\" \/>\n<meta property=\"article:modified_time\" content=\"2016-03-26T10:42:03+00:00\" \/>\n<meta property=\"og:image\" content=\"https:\/\/iicolumnas.es\/wp-content\/uploads\/2016\/03\/siembra_patatas_cantalpino4.jpg\" \/>\n\t<meta property=\"og:image:width\" content=\"1184\" \/>\n\t<meta property=\"og:image:height\" content=\"1600\" \/>\n\t<meta property=\"og:image:type\" content=\"image\/jpeg\" \/>\n<meta name=\"author\" content=\"David Mart\u00edn\" \/>\n<meta name=\"twitter:card\" content=\"summary_large_image\" \/>\n<meta name=\"twitter:creator\" content=\"@iicolumnas\" \/>\n<meta name=\"twitter:site\" content=\"@iicolumnas\" \/>\n<meta name=\"twitter:label1\" content=\"Escrito por\" \/>\n\t<meta name=\"twitter:data1\" content=\"David Mart\u00edn\" \/>\n\t<meta name=\"twitter:label2\" content=\"Tiempo de lectura\" \/>\n\t<meta name=\"twitter:data2\" content=\"4 minutos\" \/>\n<script type=\"application\/ld+json\" class=\"yoast-schema-graph\">{\"@context\":\"https:\/\/schema.org\",\"@graph\":[{\"@type\":\"WebPage\",\"@id\":\"https:\/\/iicolumnas.es\/index.php\/actualidad\/2016\/03\/24\/campana-la-patata-las-lluvias-las-heladas-retrasan-inicio-la-siembra\/\",\"url\":\"https:\/\/iicolumnas.es\/index.php\/actualidad\/2016\/03\/24\/campana-la-patata-las-lluvias-las-heladas-retrasan-inicio-la-siembra\/\",\"name\":\"Campa\u00f1a de la patata: Las lluvias y las heladas retrasan el inicio de la siembra - Dos Columnas\",\"isPartOf\":{\"@id\":\"https:\/\/iicolumnas.es\/#website\"},\"primaryImageOfPage\":{\"@id\":\"https:\/\/iicolumnas.es\/index.php\/actualidad\/2016\/03\/24\/campana-la-patata-las-lluvias-las-heladas-retrasan-inicio-la-siembra\/#primaryimage\"},\"image\":{\"@id\":\"https:\/\/iicolumnas.es\/index.php\/actualidad\/2016\/03\/24\/campana-la-patata-las-lluvias-las-heladas-retrasan-inicio-la-siembra\/#primaryimage\"},\"thumbnailUrl\":\"https:\/\/iicolumnas.es\/wp-content\/uploads\/2016\/03\/siembra_patatas_cantalpino4.jpg\",\"datePublished\":\"2016-03-24T22:46:31+00:00\",\"dateModified\":\"2016-03-26T10:42:03+00:00\",\"author\":{\"@id\":\"https:\/\/iicolumnas.es\/#\/schema\/person\/b691025c7a086be983663f994201db0c\"},\"breadcrumb\":{\"@id\":\"https:\/\/iicolumnas.es\/index.php\/actualidad\/2016\/03\/24\/campana-la-patata-las-lluvias-las-heladas-retrasan-inicio-la-siembra\/#breadcrumb\"},\"inLanguage\":\"es\",\"potentialAction\":[{\"@type\":\"ReadAction\",\"target\":[\"https:\/\/iicolumnas.es\/index.php\/actualidad\/2016\/03\/24\/campana-la-patata-las-lluvias-las-heladas-retrasan-inicio-la-siembra\/\"]}]},{\"@type\":\"ImageObject\",\"inLanguage\":\"es\",\"@id\":\"https:\/\/iicolumnas.es\/index.php\/actualidad\/2016\/03\/24\/campana-la-patata-las-lluvias-las-heladas-retrasan-inicio-la-siembra\/#primaryimage\",\"url\":\"https:\/\/iicolumnas.es\/wp-content\/uploads\/2016\/03\/siembra_patatas_cantalpino4.jpg\",\"contentUrl\":\"https:\/\/iicolumnas.es\/wp-content\/uploads\/2016\/03\/siembra_patatas_cantalpino4.jpg\",\"width\":\"1184\",\"height\":\"1600\",\"caption\":\"Siembra de patatas\"},{\"@type\":\"BreadcrumbList\",\"@id\":\"https:\/\/iicolumnas.es\/index.php\/actualidad\/2016\/03\/24\/campana-la-patata-las-lluvias-las-heladas-retrasan-inicio-la-siembra\/#breadcrumb\",\"itemListElement\":[{\"@type\":\"ListItem\",\"position\":1,\"name\":\"Portada\",\"item\":\"https:\/\/iicolumnas.es\/\"},{\"@type\":\"ListItem\",\"position\":2,\"name\":\"Actualidad\",\"item\":\"https:\/\/iicolumnas.es\/index.php\/category\/actualidad\/\"},{\"@type\":\"ListItem\",\"position\":3,\"name\":\"Campa\u00f1a de la patata: Las lluvias y las heladas retrasan el inicio de la siembra\"}]},{\"@type\":\"WebSite\",\"@id\":\"https:\/\/iicolumnas.es\/#website\",\"url\":\"https:\/\/iicolumnas.es\/\",\"name\":\"Dos Columnas\",\"description\":\"El peri\u00f3dico de la villa de Cantalpino\",\"potentialAction\":[{\"@type\":\"SearchAction\",\"target\":{\"@type\":\"EntryPoint\",\"urlTemplate\":\"https:\/\/iicolumnas.es\/?s={search_term_string}\"},\"query-input\":{\"@type\":\"PropertyValueSpecification\",\"valueRequired\":true,\"valueName\":\"search_term_string\"}}],\"inLanguage\":\"es\"},{\"@type\":\"Person\",\"@id\":\"https:\/\/iicolumnas.es\/#\/schema\/person\/b691025c7a086be983663f994201db0c\",\"name\":\"David Mart\u00edn\",\"image\":{\"@type\":\"ImageObject\",\"inLanguage\":\"es\",\"@id\":\"https:\/\/iicolumnas.es\/#\/schema\/person\/image\/\",\"url\":\"https:\/\/secure.gravatar.com\/avatar\/e6290b3f94bcd131f9b9d51a7a45de2c66bd3ecb45f4bd7016ec927c3e366938?s=96&d=mm&r=g\",\"contentUrl\":\"https:\/\/secure.gravatar.com\/avatar\/e6290b3f94bcd131f9b9d51a7a45de2c66bd3ecb45f4bd7016ec927c3e366938?s=96&d=mm&r=g\",\"caption\":\"David Mart\u00edn\"}}]}<\/script>\n<!-- \/ Yoast SEO plugin. -->","yoast_head_json":{"title":"Campa\u00f1a de la patata: Las lluvias y las heladas retrasan el inicio de la siembra - Dos Columnas","robots":{"index":"index","follow":"follow","max-snippet":"max-snippet:-1","max-image-preview":"max-image-preview:large","max-video-preview":"max-video-preview:-1"},"canonical":"https:\/\/iicolumnas.es\/index.php\/actualidad\/2016\/03\/24\/campana-la-patata-las-lluvias-las-heladas-retrasan-inicio-la-siembra\/","og_locale":"es_ES","og_type":"article","og_title":"Campa\u00f1a de la patata: Las lluvias y las heladas retrasan el inicio de la siembra - Dos Columnas","og_description":"Se espera que aumente sensiblemente la producci\u00f3n con respecto a la camapa\u00f1a anterior La siembra de la patata, cultivo por excelencia en Cantalpino, se ha visto afectada por la las intensas lluvias durante el&#46;&#46;&#46;","og_url":"https:\/\/iicolumnas.es\/index.php\/actualidad\/2016\/03\/24\/campana-la-patata-las-lluvias-las-heladas-retrasan-inicio-la-siembra\/","og_site_name":"Dos Columnas","article_publisher":"https:\/\/www.facebook.com\/iicolumnas\/","article_published_time":"2016-03-24T22:46:31+00:00","article_modified_time":"2016-03-26T10:42:03+00:00","og_image":[{"width":1184,"height":1600,"url":"https:\/\/iicolumnas.es\/wp-content\/uploads\/2016\/03\/siembra_patatas_cantalpino4.jpg","type":"image\/jpeg"}],"author":"David Mart\u00edn","twitter_card":"summary_large_image","twitter_creator":"@iicolumnas","twitter_site":"@iicolumnas","twitter_misc":{"Escrito por":"David Mart\u00edn","Tiempo de lectura":"4 minutos"},"schema":{"@context":"https:\/\/schema.org","@graph":[{"@type":"WebPage","@id":"https:\/\/iicolumnas.es\/index.php\/actualidad\/2016\/03\/24\/campana-la-patata-las-lluvias-las-heladas-retrasan-inicio-la-siembra\/","url":"https:\/\/iicolumnas.es\/index.php\/actualidad\/2016\/03\/24\/campana-la-patata-las-lluvias-las-heladas-retrasan-inicio-la-siembra\/","name":"Campa\u00f1a de la patata: Las lluvias y las heladas retrasan el inicio de la siembra - Dos Columnas","isPartOf":{"@id":"https:\/\/iicolumnas.es\/#website"},"primaryImageOfPage":{"@id":"https:\/\/iicolumnas.es\/index.php\/actualidad\/2016\/03\/24\/campana-la-patata-las-lluvias-las-heladas-retrasan-inicio-la-siembra\/#primaryimage"},"image":{"@id":"https:\/\/iicolumnas.es\/index.php\/actualidad\/2016\/03\/24\/campana-la-patata-las-lluvias-las-heladas-retrasan-inicio-la-siembra\/#primaryimage"},"thumbnailUrl":"https:\/\/iicolumnas.es\/wp-content\/uploads\/2016\/03\/siembra_patatas_cantalpino4.jpg","datePublished":"2016-03-24T22:46:31+00:00","dateModified":"2016-03-26T10:42:03+00:00","author":{"@id":"https:\/\/iicolumnas.es\/#\/schema\/person\/b691025c7a086be983663f994201db0c"},"breadcrumb":{"@id":"https:\/\/iicolumnas.es\/index.php\/actualidad\/2016\/03\/24\/campana-la-patata-las-lluvias-las-heladas-retrasan-inicio-la-siembra\/#breadcrumb"},"inLanguage":"es","potentialAction":[{"@type":"ReadAction","target":["https:\/\/iicolumnas.es\/index.php\/actualidad\/2016\/03\/24\/campana-la-patata-las-lluvias-las-heladas-retrasan-inicio-la-siembra\/"]}]},{"@type":"ImageObject","inLanguage":"es","@id":"https:\/\/iicolumnas.es\/index.php\/actualidad\/2016\/03\/24\/campana-la-patata-las-lluvias-las-heladas-retrasan-inicio-la-siembra\/#primaryimage","url":"https:\/\/iicolumnas.es\/wp-content\/uploads\/2016\/03\/siembra_patatas_cantalpino4.jpg","contentUrl":"https:\/\/iicolumnas.es\/wp-content\/uploads\/2016\/03\/siembra_patatas_cantalpino4.jpg","width":"1184","height":"1600","caption":"Siembra de patatas"},{"@type":"BreadcrumbList","@id":"https:\/\/iicolumnas.es\/index.php\/actualidad\/2016\/03\/24\/campana-la-patata-las-lluvias-las-heladas-retrasan-inicio-la-siembra\/#breadcrumb","itemListElement":[{"@type":"ListItem","position":1,"name":"Portada","item":"https:\/\/iicolumnas.es\/"},{"@type":"ListItem","position":2,"name":"Actualidad","item":"https:\/\/iicolumnas.es\/index.php\/category\/actualidad\/"},{"@type":"ListItem","position":3,"name":"Campa\u00f1a de la patata: Las lluvias y las heladas retrasan el inicio de la siembra"}]},{"@type":"WebSite","@id":"https:\/\/iicolumnas.es\/#website","url":"https:\/\/iicolumnas.es\/","name":"Dos Columnas","description":"El peri\u00f3dico de la villa de Cantalpino","potentialAction":[{"@type":"SearchAction","target":{"@type":"EntryPoint","urlTemplate":"https:\/\/iicolumnas.es\/?s={search_term_string}"},"query-input":{"@type":"PropertyValueSpecification","valueRequired":true,"valueName":"search_term_string"}}],"inLanguage":"es"},{"@type":"Person","@id":"https:\/\/iicolumnas.es\/#\/schema\/person\/b691025c7a086be983663f994201db0c","name":"David Mart\u00edn","image":{"@type":"ImageObject","inLanguage":"es","@id":"https:\/\/iicolumnas.es\/#\/schema\/person\/image\/","url":"https:\/\/secure.gravatar.com\/avatar\/e6290b3f94bcd131f9b9d51a7a45de2c66bd3ecb45f4bd7016ec927c3e366938?s=96&d=mm&r=g","contentUrl":"https:\/\/secure.gravatar.com\/avatar\/e6290b3f94bcd131f9b9d51a7a45de2c66bd3ecb45f4bd7016ec927c3e366938?s=96&d=mm&r=g","caption":"David Mart\u00edn"}}]}},"_links":{"self":[{"href":"https:\/\/iicolumnas.es\/index.php\/wp-json\/wp\/v2\/posts\/1347","targetHints":{"allow":["GET"]}}],"collection":[{"href":"https:\/\/iicolumnas.es\/index.php\/wp-json\/wp\/v2\/posts"}],"about":[{"href":"https:\/\/iicolumnas.es\/index.php\/wp-json\/wp\/v2\/types\/post"}],"author":[{"embeddable":true,"href":"https:\/\/iicolumnas.es\/index.php\/wp-json\/wp\/v2\/users\/12"}],"replies":[{"embeddable":true,"href":"https:\/\/iicolumnas.es\/index.php\/wp-json\/wp\/v2\/comments?post=1347"}],"version-history":[{"count":0,"href":"https:\/\/iicolumnas.es\/index.php\/wp-json\/wp\/v2\/posts\/1347\/revisions"}],"wp:featuredmedia":[{"embeddable":true,"href":"https:\/\/iicolumnas.es\/index.php\/wp-json\/wp\/v2\/media\/1339"}],"wp:attachment":[{"href":"https:\/\/iicolumnas.es\/index.php\/wp-json\/wp\/v2\/media?parent=1347"}],"wp:term":[{"taxonomy":"category","embeddable":true,"href":"https:\/\/iicolumnas.es\/index.php\/wp-json\/wp\/v2\/categories?post=1347"},{"taxonomy":"post_tag","embeddable":true,"href":"https:\/\/iicolumnas.es\/index.php\/wp-json\/wp\/v2\/tags?post=1347"}],"curies":[{"name":"wp","href":"https:\/\/api.w.org\/{rel}","templated":true}]}}