{"id":13443,"date":"2017-08-31T20:05:27","date_gmt":"2017-08-31T20:05:27","guid":{"rendered":"https:\/\/iicolumnas.es\/?p=13443"},"modified":"2017-08-31T21:35:38","modified_gmt":"2017-08-31T21:35:38","slug":"cuando-la-pena-esta-edad-casadera","status":"publish","type":"post","link":"https:\/\/iicolumnas.es\/index.php\/actualidad\/2017\/08\/31\/cuando-la-pena-esta-edad-casadera\/","title":{"rendered":"Cuando la pe\u00f1a est\u00e1 en edad casadera"},"content":{"rendered":"<p style=\"text-align: justify;\">Cuando el grupo de la pe\u00f1a pasa de \u00abvamos a limpiar la pe\u00f1a\u00bb a \u00abcon tres bodas y subiendo\u00bb significa que en Cantalpino nos gusta juntarnos y celebramos lo que haga falta.<\/p>\n<p style=\"text-align: justify;\">En esta ocasi\u00f3n 3 integrantes de la pe\u00f1a Sklyvers han decidido que el resto de integrantes \u00abya se pueden preparar&#8230;\u00bb<\/p>\n<p><img loading=\"lazy\" decoding=\"async\" class=\"size-medium wp-image-13444 alignleft\" src=\"https:\/\/iicolumnas.es\/wp-content\/uploads\/2017\/08\/IMG_8083-241x300.jpg\" alt=\"\" width=\"241\" height=\"300\" srcset=\"https:\/\/iicolumnas.es\/wp-content\/uploads\/2017\/08\/IMG_8083-241x300.jpg 241w, https:\/\/iicolumnas.es\/wp-content\/uploads\/2017\/08\/IMG_8083.jpg 643w\" sizes=\"auto, (max-width: 241px) 100vw, 241px\" \/><\/p>\n<p style=\"text-align: justify;\">Y es que tanto Jeny, como Roc\u00edo y Luc\u00eda han decidido dejar a un lado sus d\u00edas de solter\u00eda y empezar una nueva vida al lado de sus respectivas parejas. Y os preguntareis \u00bfcomo fue ese momento tan emocionante y \u00fanico en la vida de toda persona?. En el caso de Roc\u00edo, y ya que estaba pasando sus vacaciones en Tenerife, tanto ella como Norberto decidieron subir a lo alto del Teide, y parece que Norberto pens\u00f3 que todav\u00eda no estaban demasiado alto, as\u00ed que decidi\u00f3 subir a Roc\u00edo un poco m\u00e1s a las nubes proponi\u00e9ndole matrimonio all\u00ed mismo. En el caso de Luc\u00eda tanto ella como Alberto tambi\u00e9n estaban pasando unos d\u00edas de relax en la playa y, aprovechando las espectaculares vistas del mar cuando el sol decide retirarse, se puso rodillas en la tierra para pedirle matrimonio, eso si, con el benepl\u00e1cito de Izan que lo vio todo en primera fila y ya est\u00e1 empezando a practicar para cuando tenga que llevar las arras de sus papis. Por \u00faltimo esta el caso de Jeny y Lorenzo, aqu\u00ed a nuestra protagonista femenina la propuesta la pill\u00f3 sin gafas y al principio le cost\u00f3 entender \u00abde que iba el asunto\u00bb. Memos mal que las tenia a mano y en cuanto se las puso pudo descubrir que era eso que su querido Lorenzo la hab\u00eda tra\u00eddo.<\/p>\n<p style=\"text-align: justify;\">Desde la pe\u00f1a Sklyvers y el peri\u00f3dico Dos Columnas \u00a0queremos felicitar a Jeny, Roc\u00edo y Luc\u00eda para que emprendan el camino al altar con mucha ilusi\u00f3n y ganas. Sin olvidarnos de sus futuros maridos: Lorenzo, Norberto y Alberto.<\/p>\n<p style=\"text-align: justify;\">Sed muy felices y esperamos la exclusiva.<\/p>\n","protected":false},"excerpt":{"rendered":"<p>Cuando el grupo de la pe\u00f1a pasa de \u00abvamos a limpiar la pe\u00f1a\u00bb a \u00abcon tres bodas y subiendo\u00bb significa que en Cantalpino nos gusta juntarnos y celebramos lo que haga falta. En esta&#46;&#46;&#46;<\/p>\n","protected":false},"author":19,"featured_media":13444,"comment_status":"open","ping_status":"open","sticky":false,"template":"","format":"standard","meta":{"footnotes":""},"categories":[1,16],"tags":[1385,310,14,1424],"class_list":["post-13443","post","type-post","status-publish","format-standard","has-post-thumbnail","hentry","category-actualidad","category-celebraciones","tag-agosto-2017","tag-boda","tag-cantalpino","tag-pedida-de-mano"],"yoast_head":"<!-- This site is optimized with the Yoast SEO plugin v26.6 - https:\/\/yoast.com\/wordpress\/plugins\/seo\/ -->\n<title>Cuando la pe\u00f1a est\u00e1 en edad casadera - Dos Columnas<\/title>\n<meta name=\"robots\" content=\"index, follow, max-snippet:-1, max-image-preview:large, max-video-preview:-1\" \/>\n<link rel=\"canonical\" href=\"https:\/\/iicolumnas.es\/index.php\/actualidad\/2017\/08\/31\/cuando-la-pena-esta-edad-casadera\/\" \/>\n<meta property=\"og:locale\" content=\"es_ES\" \/>\n<meta property=\"og:type\" content=\"article\" \/>\n<meta property=\"og:title\" content=\"Cuando la pe\u00f1a est\u00e1 en edad casadera - Dos Columnas\" \/>\n<meta property=\"og:description\" content=\"Cuando el grupo de la pe\u00f1a pasa de \u00abvamos a limpiar la pe\u00f1a\u00bb a \u00abcon tres bodas y subiendo\u00bb significa que en Cantalpino nos gusta juntarnos y celebramos lo que haga falta. En esta&#046;&#046;&#046;\" \/>\n<meta property=\"og:url\" content=\"https:\/\/iicolumnas.es\/index.php\/actualidad\/2017\/08\/31\/cuando-la-pena-esta-edad-casadera\/\" \/>\n<meta property=\"og:site_name\" content=\"Dos Columnas\" \/>\n<meta property=\"article:publisher\" content=\"https:\/\/www.facebook.com\/iicolumnas\/\" \/>\n<meta property=\"article:published_time\" content=\"2017-08-31T20:05:27+00:00\" \/>\n<meta property=\"article:modified_time\" content=\"2017-08-31T21:35:38+00:00\" \/>\n<meta property=\"og:image\" content=\"https:\/\/iicolumnas.es\/wp-content\/uploads\/2017\/08\/IMG_8083.jpg\" \/>\n\t<meta property=\"og:image:width\" content=\"643\" \/>\n\t<meta property=\"og:image:height\" content=\"800\" \/>\n\t<meta property=\"og:image:type\" content=\"image\/jpeg\" \/>\n<meta name=\"author\" content=\"Rebeca Pedroso\" \/>\n<meta name=\"twitter:card\" content=\"summary_large_image\" \/>\n<meta name=\"twitter:creator\" content=\"@iicolumnas\" \/>\n<meta name=\"twitter:site\" content=\"@iicolumnas\" \/>\n<meta name=\"twitter:label1\" content=\"Escrito por\" \/>\n\t<meta name=\"twitter:data1\" content=\"Rebeca Pedroso\" \/>\n\t<meta name=\"twitter:label2\" content=\"Tiempo de lectura\" \/>\n\t<meta name=\"twitter:data2\" content=\"2 minutos\" \/>\n<script type=\"application\/ld+json\" class=\"yoast-schema-graph\">{\"@context\":\"https:\/\/schema.org\",\"@graph\":[{\"@type\":\"WebPage\",\"@id\":\"https:\/\/iicolumnas.es\/index.php\/actualidad\/2017\/08\/31\/cuando-la-pena-esta-edad-casadera\/\",\"url\":\"https:\/\/iicolumnas.es\/index.php\/actualidad\/2017\/08\/31\/cuando-la-pena-esta-edad-casadera\/\",\"name\":\"Cuando la pe\u00f1a est\u00e1 en edad casadera - Dos Columnas\",\"isPartOf\":{\"@id\":\"https:\/\/iicolumnas.es\/#website\"},\"primaryImageOfPage\":{\"@id\":\"https:\/\/iicolumnas.es\/index.php\/actualidad\/2017\/08\/31\/cuando-la-pena-esta-edad-casadera\/#primaryimage\"},\"image\":{\"@id\":\"https:\/\/iicolumnas.es\/index.php\/actualidad\/2017\/08\/31\/cuando-la-pena-esta-edad-casadera\/#primaryimage\"},\"thumbnailUrl\":\"https:\/\/iicolumnas.es\/wp-content\/uploads\/2017\/08\/IMG_8083.jpg\",\"datePublished\":\"2017-08-31T20:05:27+00:00\",\"dateModified\":\"2017-08-31T21:35:38+00:00\",\"author\":{\"@id\":\"https:\/\/iicolumnas.es\/#\/schema\/person\/a332236529a0eb9a70b9d7ee8bd563fb\"},\"breadcrumb\":{\"@id\":\"https:\/\/iicolumnas.es\/index.php\/actualidad\/2017\/08\/31\/cuando-la-pena-esta-edad-casadera\/#breadcrumb\"},\"inLanguage\":\"es\",\"potentialAction\":[{\"@type\":\"ReadAction\",\"target\":[\"https:\/\/iicolumnas.es\/index.php\/actualidad\/2017\/08\/31\/cuando-la-pena-esta-edad-casadera\/\"]}]},{\"@type\":\"ImageObject\",\"inLanguage\":\"es\",\"@id\":\"https:\/\/iicolumnas.es\/index.php\/actualidad\/2017\/08\/31\/cuando-la-pena-esta-edad-casadera\/#primaryimage\",\"url\":\"https:\/\/iicolumnas.es\/wp-content\/uploads\/2017\/08\/IMG_8083.jpg\",\"contentUrl\":\"https:\/\/iicolumnas.es\/wp-content\/uploads\/2017\/08\/IMG_8083.jpg\",\"width\":\"643\",\"height\":\"800\"},{\"@type\":\"BreadcrumbList\",\"@id\":\"https:\/\/iicolumnas.es\/index.php\/actualidad\/2017\/08\/31\/cuando-la-pena-esta-edad-casadera\/#breadcrumb\",\"itemListElement\":[{\"@type\":\"ListItem\",\"position\":1,\"name\":\"Portada\",\"item\":\"https:\/\/iicolumnas.es\/\"},{\"@type\":\"ListItem\",\"position\":2,\"name\":\"Actualidad\",\"item\":\"https:\/\/iicolumnas.es\/index.php\/category\/actualidad\/\"},{\"@type\":\"ListItem\",\"position\":3,\"name\":\"Cuando la pe\u00f1a est\u00e1 en edad casadera\"}]},{\"@type\":\"WebSite\",\"@id\":\"https:\/\/iicolumnas.es\/#website\",\"url\":\"https:\/\/iicolumnas.es\/\",\"name\":\"Dos Columnas\",\"description\":\"El peri\u00f3dico de la villa de Cantalpino\",\"potentialAction\":[{\"@type\":\"SearchAction\",\"target\":{\"@type\":\"EntryPoint\",\"urlTemplate\":\"https:\/\/iicolumnas.es\/?s={search_term_string}\"},\"query-input\":{\"@type\":\"PropertyValueSpecification\",\"valueRequired\":true,\"valueName\":\"search_term_string\"}}],\"inLanguage\":\"es\"},{\"@type\":\"Person\",\"@id\":\"https:\/\/iicolumnas.es\/#\/schema\/person\/a332236529a0eb9a70b9d7ee8bd563fb\",\"name\":\"Rebeca Pedroso\",\"image\":{\"@type\":\"ImageObject\",\"inLanguage\":\"es\",\"@id\":\"https:\/\/iicolumnas.es\/#\/schema\/person\/image\/\",\"url\":\"https:\/\/secure.gravatar.com\/avatar\/614d9018f8b4c9fd4e8b758b543c28678aa81484b0f22d5961129eb050cc7bf7?s=96&d=mm&r=g\",\"contentUrl\":\"https:\/\/secure.gravatar.com\/avatar\/614d9018f8b4c9fd4e8b758b543c28678aa81484b0f22d5961129eb050cc7bf7?s=96&d=mm&r=g\",\"caption\":\"Rebeca Pedroso\"}}]}<\/script>\n<!-- \/ Yoast SEO plugin. -->","yoast_head_json":{"title":"Cuando la pe\u00f1a est\u00e1 en edad casadera - Dos Columnas","robots":{"index":"index","follow":"follow","max-snippet":"max-snippet:-1","max-image-preview":"max-image-preview:large","max-video-preview":"max-video-preview:-1"},"canonical":"https:\/\/iicolumnas.es\/index.php\/actualidad\/2017\/08\/31\/cuando-la-pena-esta-edad-casadera\/","og_locale":"es_ES","og_type":"article","og_title":"Cuando la pe\u00f1a est\u00e1 en edad casadera - Dos Columnas","og_description":"Cuando el grupo de la pe\u00f1a pasa de \u00abvamos a limpiar la pe\u00f1a\u00bb a \u00abcon tres bodas y subiendo\u00bb significa que en Cantalpino nos gusta juntarnos y celebramos lo que haga falta. En esta&#46;&#46;&#46;","og_url":"https:\/\/iicolumnas.es\/index.php\/actualidad\/2017\/08\/31\/cuando-la-pena-esta-edad-casadera\/","og_site_name":"Dos Columnas","article_publisher":"https:\/\/www.facebook.com\/iicolumnas\/","article_published_time":"2017-08-31T20:05:27+00:00","article_modified_time":"2017-08-31T21:35:38+00:00","og_image":[{"width":643,"height":800,"url":"https:\/\/iicolumnas.es\/wp-content\/uploads\/2017\/08\/IMG_8083.jpg","type":"image\/jpeg"}],"author":"Rebeca Pedroso","twitter_card":"summary_large_image","twitter_creator":"@iicolumnas","twitter_site":"@iicolumnas","twitter_misc":{"Escrito por":"Rebeca Pedroso","Tiempo de lectura":"2 minutos"},"schema":{"@context":"https:\/\/schema.org","@graph":[{"@type":"WebPage","@id":"https:\/\/iicolumnas.es\/index.php\/actualidad\/2017\/08\/31\/cuando-la-pena-esta-edad-casadera\/","url":"https:\/\/iicolumnas.es\/index.php\/actualidad\/2017\/08\/31\/cuando-la-pena-esta-edad-casadera\/","name":"Cuando la pe\u00f1a est\u00e1 en edad casadera - Dos Columnas","isPartOf":{"@id":"https:\/\/iicolumnas.es\/#website"},"primaryImageOfPage":{"@id":"https:\/\/iicolumnas.es\/index.php\/actualidad\/2017\/08\/31\/cuando-la-pena-esta-edad-casadera\/#primaryimage"},"image":{"@id":"https:\/\/iicolumnas.es\/index.php\/actualidad\/2017\/08\/31\/cuando-la-pena-esta-edad-casadera\/#primaryimage"},"thumbnailUrl":"https:\/\/iicolumnas.es\/wp-content\/uploads\/2017\/08\/IMG_8083.jpg","datePublished":"2017-08-31T20:05:27+00:00","dateModified":"2017-08-31T21:35:38+00:00","author":{"@id":"https:\/\/iicolumnas.es\/#\/schema\/person\/a332236529a0eb9a70b9d7ee8bd563fb"},"breadcrumb":{"@id":"https:\/\/iicolumnas.es\/index.php\/actualidad\/2017\/08\/31\/cuando-la-pena-esta-edad-casadera\/#breadcrumb"},"inLanguage":"es","potentialAction":[{"@type":"ReadAction","target":["https:\/\/iicolumnas.es\/index.php\/actualidad\/2017\/08\/31\/cuando-la-pena-esta-edad-casadera\/"]}]},{"@type":"ImageObject","inLanguage":"es","@id":"https:\/\/iicolumnas.es\/index.php\/actualidad\/2017\/08\/31\/cuando-la-pena-esta-edad-casadera\/#primaryimage","url":"https:\/\/iicolumnas.es\/wp-content\/uploads\/2017\/08\/IMG_8083.jpg","contentUrl":"https:\/\/iicolumnas.es\/wp-content\/uploads\/2017\/08\/IMG_8083.jpg","width":"643","height":"800"},{"@type":"BreadcrumbList","@id":"https:\/\/iicolumnas.es\/index.php\/actualidad\/2017\/08\/31\/cuando-la-pena-esta-edad-casadera\/#breadcrumb","itemListElement":[{"@type":"ListItem","position":1,"name":"Portada","item":"https:\/\/iicolumnas.es\/"},{"@type":"ListItem","position":2,"name":"Actualidad","item":"https:\/\/iicolumnas.es\/index.php\/category\/actualidad\/"},{"@type":"ListItem","position":3,"name":"Cuando la pe\u00f1a est\u00e1 en edad casadera"}]},{"@type":"WebSite","@id":"https:\/\/iicolumnas.es\/#website","url":"https:\/\/iicolumnas.es\/","name":"Dos Columnas","description":"El peri\u00f3dico de la villa de Cantalpino","potentialAction":[{"@type":"SearchAction","target":{"@type":"EntryPoint","urlTemplate":"https:\/\/iicolumnas.es\/?s={search_term_string}"},"query-input":{"@type":"PropertyValueSpecification","valueRequired":true,"valueName":"search_term_string"}}],"inLanguage":"es"},{"@type":"Person","@id":"https:\/\/iicolumnas.es\/#\/schema\/person\/a332236529a0eb9a70b9d7ee8bd563fb","name":"Rebeca Pedroso","image":{"@type":"ImageObject","inLanguage":"es","@id":"https:\/\/iicolumnas.es\/#\/schema\/person\/image\/","url":"https:\/\/secure.gravatar.com\/avatar\/614d9018f8b4c9fd4e8b758b543c28678aa81484b0f22d5961129eb050cc7bf7?s=96&d=mm&r=g","contentUrl":"https:\/\/secure.gravatar.com\/avatar\/614d9018f8b4c9fd4e8b758b543c28678aa81484b0f22d5961129eb050cc7bf7?s=96&d=mm&r=g","caption":"Rebeca Pedroso"}}]}},"_links":{"self":[{"href":"https:\/\/iicolumnas.es\/index.php\/wp-json\/wp\/v2\/posts\/13443","targetHints":{"allow":["GET"]}}],"collection":[{"href":"https:\/\/iicolumnas.es\/index.php\/wp-json\/wp\/v2\/posts"}],"about":[{"href":"https:\/\/iicolumnas.es\/index.php\/wp-json\/wp\/v2\/types\/post"}],"author":[{"embeddable":true,"href":"https:\/\/iicolumnas.es\/index.php\/wp-json\/wp\/v2\/users\/19"}],"replies":[{"embeddable":true,"href":"https:\/\/iicolumnas.es\/index.php\/wp-json\/wp\/v2\/comments?post=13443"}],"version-history":[{"count":9,"href":"https:\/\/iicolumnas.es\/index.php\/wp-json\/wp\/v2\/posts\/13443\/revisions"}],"predecessor-version":[{"id":13462,"href":"https:\/\/iicolumnas.es\/index.php\/wp-json\/wp\/v2\/posts\/13443\/revisions\/13462"}],"wp:featuredmedia":[{"embeddable":true,"href":"https:\/\/iicolumnas.es\/index.php\/wp-json\/wp\/v2\/media\/13444"}],"wp:attachment":[{"href":"https:\/\/iicolumnas.es\/index.php\/wp-json\/wp\/v2\/media?parent=13443"}],"wp:term":[{"taxonomy":"category","embeddable":true,"href":"https:\/\/iicolumnas.es\/index.php\/wp-json\/wp\/v2\/categories?post=13443"},{"taxonomy":"post_tag","embeddable":true,"href":"https:\/\/iicolumnas.es\/index.php\/wp-json\/wp\/v2\/tags?post=13443"}],"curies":[{"name":"wp","href":"https:\/\/api.w.org\/{rel}","templated":true}]}}