{"id":13375,"date":"2017-08-29T18:09:15","date_gmt":"2017-08-29T18:09:15","guid":{"rendered":"https:\/\/iicolumnas.es\/?p=13375"},"modified":"2017-08-29T18:09:15","modified_gmt":"2017-08-29T18:09:15","slug":"vez-mas-ninos-llevan-apellido-materno-primer-lugar-cantalpino-ya-tenemos-caso","status":"publish","type":"post","link":"https:\/\/iicolumnas.es\/index.php\/actualidad\/2017\/08\/29\/vez-mas-ninos-llevan-apellido-materno-primer-lugar-cantalpino-ya-tenemos-caso\/","title":{"rendered":"Cada vez m\u00e1s ni\u00f1os llevan el apellido materno en primer lugar y en Cantalpino ya tenemos un caso"},"content":{"rendered":"<p style=\"text-align: justify;\"><img loading=\"lazy\" decoding=\"async\" class=\"size-medium wp-image-13379 alignright\" src=\"https:\/\/iicolumnas.es\/wp-content\/uploads\/2017\/08\/Registro_nacimiento-300x200.jpg\" alt=\"\" width=\"300\" height=\"200\" srcset=\"https:\/\/iicolumnas.es\/wp-content\/uploads\/2017\/08\/Registro_nacimiento-300x200.jpg 300w, https:\/\/iicolumnas.es\/wp-content\/uploads\/2017\/08\/Registro_nacimiento.jpg 800w\" sizes=\"auto, (max-width: 300px) 100vw, 300px\" \/>Desde el a\u00f1o 1999 se permite inscribir a los reci\u00e9n nacidos con el apellido de la madre en primer lugar, si exist\u00eda previo consenso, y afectando por igual a todos los hijos de la pareja. Pero el tr\u00e1mite era largo y lleno de papeleos, y en caso de no existir acuerdo se daba preferencia por defecto al apellido del padre.<\/p>\n<p style=\"text-align: justify;\">Este 30 de junio de 2017 el apellido del padre ha dejado de tener preferencia sobre el de la madre, ahora los progenitores tienen que consensuar cual es el primer apellido o el registrador civil lo har\u00e1 por ellos, sin que el del padre tenga preferencia por defecto, dicha reforma, obliga a que los progenitores hagan constar expresamente el orden de los apellidos en la solicitud de inscripci\u00f3n.<br \/>\nPero \u00bfque pasa si ambos quieren que prevalezca el apellido de cada progenitor? En este caso prevalece el apellido m\u00e1s infrecuente.<\/p>\n<p style=\"text-align: justify;\">Pero en este caso Alberto y Fatima lo han tenido muy claro, quer\u00edan que la \u00a0peque\u00f1a llevar\u00e1 en primer lugar el de la madre para que no se perdiera un apellido tan inusual ya que actualmente en Espa\u00f1a existen 137 personas con el apellido Engelmo, frente 724.396 de Hern\u00e1ndez.<\/p>\n","protected":false},"excerpt":{"rendered":"<p>Desde el a\u00f1o 1999 se permite inscribir a los reci\u00e9n nacidos con el apellido de la madre en primer lugar, si exist\u00eda previo consenso, y afectando por igual a todos los hijos de la&#46;&#46;&#46;<\/p>\n","protected":false},"author":18,"featured_media":13379,"comment_status":"open","ping_status":"open","sticky":false,"template":"","format":"standard","meta":{"footnotes":""},"categories":[1],"tags":[1385,1419,1405],"class_list":["post-13375","post","type-post","status-publish","format-standard","has-post-thumbnail","hentry","category-actualidad","tag-agosto-2017","tag-apellido-materno","tag-nacimiento"],"yoast_head":"<!-- This site is optimized with the Yoast SEO plugin v26.6 - https:\/\/yoast.com\/wordpress\/plugins\/seo\/ -->\n<title>Cada vez m\u00e1s ni\u00f1os llevan el apellido materno en primer lugar y en Cantalpino ya tenemos un caso - Dos Columnas<\/title>\n<meta name=\"robots\" content=\"index, follow, max-snippet:-1, max-image-preview:large, max-video-preview:-1\" \/>\n<link rel=\"canonical\" href=\"https:\/\/iicolumnas.es\/index.php\/actualidad\/2017\/08\/29\/vez-mas-ninos-llevan-apellido-materno-primer-lugar-cantalpino-ya-tenemos-caso\/\" \/>\n<meta property=\"og:locale\" content=\"es_ES\" \/>\n<meta property=\"og:type\" content=\"article\" \/>\n<meta property=\"og:title\" content=\"Cada vez m\u00e1s ni\u00f1os llevan el apellido materno en primer lugar y en Cantalpino ya tenemos un caso - Dos Columnas\" \/>\n<meta property=\"og:description\" content=\"Desde el a\u00f1o 1999 se permite inscribir a los reci\u00e9n nacidos con el apellido de la madre en primer lugar, si exist\u00eda previo consenso, y afectando por igual a todos los hijos de la&#046;&#046;&#046;\" \/>\n<meta property=\"og:url\" content=\"https:\/\/iicolumnas.es\/index.php\/actualidad\/2017\/08\/29\/vez-mas-ninos-llevan-apellido-materno-primer-lugar-cantalpino-ya-tenemos-caso\/\" \/>\n<meta property=\"og:site_name\" content=\"Dos Columnas\" \/>\n<meta property=\"article:publisher\" content=\"https:\/\/www.facebook.com\/iicolumnas\/\" \/>\n<meta property=\"article:published_time\" content=\"2017-08-29T18:09:15+00:00\" \/>\n<meta property=\"og:image\" content=\"https:\/\/iicolumnas.es\/wp-content\/uploads\/2017\/08\/Registro_nacimiento.jpg\" \/>\n\t<meta property=\"og:image:width\" content=\"800\" \/>\n\t<meta property=\"og:image:height\" content=\"533\" \/>\n\t<meta property=\"og:image:type\" content=\"image\/jpeg\" \/>\n<meta name=\"author\" content=\"Lucia Pedroso\" \/>\n<meta name=\"twitter:card\" content=\"summary_large_image\" \/>\n<meta name=\"twitter:creator\" content=\"@iicolumnas\" \/>\n<meta name=\"twitter:site\" content=\"@iicolumnas\" \/>\n<meta name=\"twitter:label1\" content=\"Escrito por\" \/>\n\t<meta name=\"twitter:data1\" content=\"Lucia Pedroso\" \/>\n\t<meta name=\"twitter:label2\" content=\"Tiempo de lectura\" \/>\n\t<meta name=\"twitter:data2\" content=\"1 minuto\" \/>\n<script type=\"application\/ld+json\" class=\"yoast-schema-graph\">{\"@context\":\"https:\/\/schema.org\",\"@graph\":[{\"@type\":\"WebPage\",\"@id\":\"https:\/\/iicolumnas.es\/index.php\/actualidad\/2017\/08\/29\/vez-mas-ninos-llevan-apellido-materno-primer-lugar-cantalpino-ya-tenemos-caso\/\",\"url\":\"https:\/\/iicolumnas.es\/index.php\/actualidad\/2017\/08\/29\/vez-mas-ninos-llevan-apellido-materno-primer-lugar-cantalpino-ya-tenemos-caso\/\",\"name\":\"Cada vez m\u00e1s ni\u00f1os llevan el apellido materno en primer lugar y en Cantalpino ya tenemos un caso - Dos Columnas\",\"isPartOf\":{\"@id\":\"https:\/\/iicolumnas.es\/#website\"},\"primaryImageOfPage\":{\"@id\":\"https:\/\/iicolumnas.es\/index.php\/actualidad\/2017\/08\/29\/vez-mas-ninos-llevan-apellido-materno-primer-lugar-cantalpino-ya-tenemos-caso\/#primaryimage\"},\"image\":{\"@id\":\"https:\/\/iicolumnas.es\/index.php\/actualidad\/2017\/08\/29\/vez-mas-ninos-llevan-apellido-materno-primer-lugar-cantalpino-ya-tenemos-caso\/#primaryimage\"},\"thumbnailUrl\":\"https:\/\/iicolumnas.es\/wp-content\/uploads\/2017\/08\/Registro_nacimiento.jpg\",\"datePublished\":\"2017-08-29T18:09:15+00:00\",\"author\":{\"@id\":\"https:\/\/iicolumnas.es\/#\/schema\/person\/703e12a73a5090b041b461663c8f0531\"},\"breadcrumb\":{\"@id\":\"https:\/\/iicolumnas.es\/index.php\/actualidad\/2017\/08\/29\/vez-mas-ninos-llevan-apellido-materno-primer-lugar-cantalpino-ya-tenemos-caso\/#breadcrumb\"},\"inLanguage\":\"es\",\"potentialAction\":[{\"@type\":\"ReadAction\",\"target\":[\"https:\/\/iicolumnas.es\/index.php\/actualidad\/2017\/08\/29\/vez-mas-ninos-llevan-apellido-materno-primer-lugar-cantalpino-ya-tenemos-caso\/\"]}]},{\"@type\":\"ImageObject\",\"inLanguage\":\"es\",\"@id\":\"https:\/\/iicolumnas.es\/index.php\/actualidad\/2017\/08\/29\/vez-mas-ninos-llevan-apellido-materno-primer-lugar-cantalpino-ya-tenemos-caso\/#primaryimage\",\"url\":\"https:\/\/iicolumnas.es\/wp-content\/uploads\/2017\/08\/Registro_nacimiento.jpg\",\"contentUrl\":\"https:\/\/iicolumnas.es\/wp-content\/uploads\/2017\/08\/Registro_nacimiento.jpg\",\"width\":\"800\",\"height\":\"533\"},{\"@type\":\"BreadcrumbList\",\"@id\":\"https:\/\/iicolumnas.es\/index.php\/actualidad\/2017\/08\/29\/vez-mas-ninos-llevan-apellido-materno-primer-lugar-cantalpino-ya-tenemos-caso\/#breadcrumb\",\"itemListElement\":[{\"@type\":\"ListItem\",\"position\":1,\"name\":\"Portada\",\"item\":\"https:\/\/iicolumnas.es\/\"},{\"@type\":\"ListItem\",\"position\":2,\"name\":\"Actualidad\",\"item\":\"https:\/\/iicolumnas.es\/index.php\/category\/actualidad\/\"},{\"@type\":\"ListItem\",\"position\":3,\"name\":\"Cada vez m\u00e1s ni\u00f1os llevan el apellido materno en primer lugar y en Cantalpino ya tenemos un caso\"}]},{\"@type\":\"WebSite\",\"@id\":\"https:\/\/iicolumnas.es\/#website\",\"url\":\"https:\/\/iicolumnas.es\/\",\"name\":\"Dos Columnas\",\"description\":\"El peri\u00f3dico de la villa de Cantalpino\",\"potentialAction\":[{\"@type\":\"SearchAction\",\"target\":{\"@type\":\"EntryPoint\",\"urlTemplate\":\"https:\/\/iicolumnas.es\/?s={search_term_string}\"},\"query-input\":{\"@type\":\"PropertyValueSpecification\",\"valueRequired\":true,\"valueName\":\"search_term_string\"}}],\"inLanguage\":\"es\"},{\"@type\":\"Person\",\"@id\":\"https:\/\/iicolumnas.es\/#\/schema\/person\/703e12a73a5090b041b461663c8f0531\",\"name\":\"Lucia Pedroso\",\"image\":{\"@type\":\"ImageObject\",\"inLanguage\":\"es\",\"@id\":\"https:\/\/iicolumnas.es\/#\/schema\/person\/image\/\",\"url\":\"https:\/\/secure.gravatar.com\/avatar\/c6e08a497120c58e110f9fc761b0fe771e7120ebcb2789302216f51d5c9243cc?s=96&d=mm&r=g\",\"contentUrl\":\"https:\/\/secure.gravatar.com\/avatar\/c6e08a497120c58e110f9fc761b0fe771e7120ebcb2789302216f51d5c9243cc?s=96&d=mm&r=g\",\"caption\":\"Lucia Pedroso\"}}]}<\/script>\n<!-- \/ Yoast SEO plugin. -->","yoast_head_json":{"title":"Cada vez m\u00e1s ni\u00f1os llevan el apellido materno en primer lugar y en Cantalpino ya tenemos un caso - Dos Columnas","robots":{"index":"index","follow":"follow","max-snippet":"max-snippet:-1","max-image-preview":"max-image-preview:large","max-video-preview":"max-video-preview:-1"},"canonical":"https:\/\/iicolumnas.es\/index.php\/actualidad\/2017\/08\/29\/vez-mas-ninos-llevan-apellido-materno-primer-lugar-cantalpino-ya-tenemos-caso\/","og_locale":"es_ES","og_type":"article","og_title":"Cada vez m\u00e1s ni\u00f1os llevan el apellido materno en primer lugar y en Cantalpino ya tenemos un caso - Dos Columnas","og_description":"Desde el a\u00f1o 1999 se permite inscribir a los reci\u00e9n nacidos con el apellido de la madre en primer lugar, si exist\u00eda previo consenso, y afectando por igual a todos los hijos de la&#46;&#46;&#46;","og_url":"https:\/\/iicolumnas.es\/index.php\/actualidad\/2017\/08\/29\/vez-mas-ninos-llevan-apellido-materno-primer-lugar-cantalpino-ya-tenemos-caso\/","og_site_name":"Dos Columnas","article_publisher":"https:\/\/www.facebook.com\/iicolumnas\/","article_published_time":"2017-08-29T18:09:15+00:00","og_image":[{"width":800,"height":533,"url":"https:\/\/iicolumnas.es\/wp-content\/uploads\/2017\/08\/Registro_nacimiento.jpg","type":"image\/jpeg"}],"author":"Lucia Pedroso","twitter_card":"summary_large_image","twitter_creator":"@iicolumnas","twitter_site":"@iicolumnas","twitter_misc":{"Escrito por":"Lucia Pedroso","Tiempo de lectura":"1 minuto"},"schema":{"@context":"https:\/\/schema.org","@graph":[{"@type":"WebPage","@id":"https:\/\/iicolumnas.es\/index.php\/actualidad\/2017\/08\/29\/vez-mas-ninos-llevan-apellido-materno-primer-lugar-cantalpino-ya-tenemos-caso\/","url":"https:\/\/iicolumnas.es\/index.php\/actualidad\/2017\/08\/29\/vez-mas-ninos-llevan-apellido-materno-primer-lugar-cantalpino-ya-tenemos-caso\/","name":"Cada vez m\u00e1s ni\u00f1os llevan el apellido materno en primer lugar y en Cantalpino ya tenemos un caso - Dos Columnas","isPartOf":{"@id":"https:\/\/iicolumnas.es\/#website"},"primaryImageOfPage":{"@id":"https:\/\/iicolumnas.es\/index.php\/actualidad\/2017\/08\/29\/vez-mas-ninos-llevan-apellido-materno-primer-lugar-cantalpino-ya-tenemos-caso\/#primaryimage"},"image":{"@id":"https:\/\/iicolumnas.es\/index.php\/actualidad\/2017\/08\/29\/vez-mas-ninos-llevan-apellido-materno-primer-lugar-cantalpino-ya-tenemos-caso\/#primaryimage"},"thumbnailUrl":"https:\/\/iicolumnas.es\/wp-content\/uploads\/2017\/08\/Registro_nacimiento.jpg","datePublished":"2017-08-29T18:09:15+00:00","author":{"@id":"https:\/\/iicolumnas.es\/#\/schema\/person\/703e12a73a5090b041b461663c8f0531"},"breadcrumb":{"@id":"https:\/\/iicolumnas.es\/index.php\/actualidad\/2017\/08\/29\/vez-mas-ninos-llevan-apellido-materno-primer-lugar-cantalpino-ya-tenemos-caso\/#breadcrumb"},"inLanguage":"es","potentialAction":[{"@type":"ReadAction","target":["https:\/\/iicolumnas.es\/index.php\/actualidad\/2017\/08\/29\/vez-mas-ninos-llevan-apellido-materno-primer-lugar-cantalpino-ya-tenemos-caso\/"]}]},{"@type":"ImageObject","inLanguage":"es","@id":"https:\/\/iicolumnas.es\/index.php\/actualidad\/2017\/08\/29\/vez-mas-ninos-llevan-apellido-materno-primer-lugar-cantalpino-ya-tenemos-caso\/#primaryimage","url":"https:\/\/iicolumnas.es\/wp-content\/uploads\/2017\/08\/Registro_nacimiento.jpg","contentUrl":"https:\/\/iicolumnas.es\/wp-content\/uploads\/2017\/08\/Registro_nacimiento.jpg","width":"800","height":"533"},{"@type":"BreadcrumbList","@id":"https:\/\/iicolumnas.es\/index.php\/actualidad\/2017\/08\/29\/vez-mas-ninos-llevan-apellido-materno-primer-lugar-cantalpino-ya-tenemos-caso\/#breadcrumb","itemListElement":[{"@type":"ListItem","position":1,"name":"Portada","item":"https:\/\/iicolumnas.es\/"},{"@type":"ListItem","position":2,"name":"Actualidad","item":"https:\/\/iicolumnas.es\/index.php\/category\/actualidad\/"},{"@type":"ListItem","position":3,"name":"Cada vez m\u00e1s ni\u00f1os llevan el apellido materno en primer lugar y en Cantalpino ya tenemos un caso"}]},{"@type":"WebSite","@id":"https:\/\/iicolumnas.es\/#website","url":"https:\/\/iicolumnas.es\/","name":"Dos Columnas","description":"El peri\u00f3dico de la villa de Cantalpino","potentialAction":[{"@type":"SearchAction","target":{"@type":"EntryPoint","urlTemplate":"https:\/\/iicolumnas.es\/?s={search_term_string}"},"query-input":{"@type":"PropertyValueSpecification","valueRequired":true,"valueName":"search_term_string"}}],"inLanguage":"es"},{"@type":"Person","@id":"https:\/\/iicolumnas.es\/#\/schema\/person\/703e12a73a5090b041b461663c8f0531","name":"Lucia Pedroso","image":{"@type":"ImageObject","inLanguage":"es","@id":"https:\/\/iicolumnas.es\/#\/schema\/person\/image\/","url":"https:\/\/secure.gravatar.com\/avatar\/c6e08a497120c58e110f9fc761b0fe771e7120ebcb2789302216f51d5c9243cc?s=96&d=mm&r=g","contentUrl":"https:\/\/secure.gravatar.com\/avatar\/c6e08a497120c58e110f9fc761b0fe771e7120ebcb2789302216f51d5c9243cc?s=96&d=mm&r=g","caption":"Lucia Pedroso"}}]}},"_links":{"self":[{"href":"https:\/\/iicolumnas.es\/index.php\/wp-json\/wp\/v2\/posts\/13375","targetHints":{"allow":["GET"]}}],"collection":[{"href":"https:\/\/iicolumnas.es\/index.php\/wp-json\/wp\/v2\/posts"}],"about":[{"href":"https:\/\/iicolumnas.es\/index.php\/wp-json\/wp\/v2\/types\/post"}],"author":[{"embeddable":true,"href":"https:\/\/iicolumnas.es\/index.php\/wp-json\/wp\/v2\/users\/18"}],"replies":[{"embeddable":true,"href":"https:\/\/iicolumnas.es\/index.php\/wp-json\/wp\/v2\/comments?post=13375"}],"version-history":[{"count":3,"href":"https:\/\/iicolumnas.es\/index.php\/wp-json\/wp\/v2\/posts\/13375\/revisions"}],"predecessor-version":[{"id":13401,"href":"https:\/\/iicolumnas.es\/index.php\/wp-json\/wp\/v2\/posts\/13375\/revisions\/13401"}],"wp:featuredmedia":[{"embeddable":true,"href":"https:\/\/iicolumnas.es\/index.php\/wp-json\/wp\/v2\/media\/13379"}],"wp:attachment":[{"href":"https:\/\/iicolumnas.es\/index.php\/wp-json\/wp\/v2\/media?parent=13375"}],"wp:term":[{"taxonomy":"category","embeddable":true,"href":"https:\/\/iicolumnas.es\/index.php\/wp-json\/wp\/v2\/categories?post=13375"},{"taxonomy":"post_tag","embeddable":true,"href":"https:\/\/iicolumnas.es\/index.php\/wp-json\/wp\/v2\/tags?post=13375"}],"curies":[{"name":"wp","href":"https:\/\/api.w.org\/{rel}","templated":true}]}}