{"id":13317,"date":"2017-08-22T21:24:48","date_gmt":"2017-08-22T21:24:48","guid":{"rendered":"https:\/\/iicolumnas.es\/?p=13317"},"modified":"2017-08-22T22:30:15","modified_gmt":"2017-08-22T22:30:15","slug":"bienvenida-ariadna","status":"publish","type":"post","link":"https:\/\/iicolumnas.es\/index.php\/actualidad\/2017\/08\/22\/bienvenida-ariadna\/","title":{"rendered":"\u00a1Bienvenida Ariadna!"},"content":{"rendered":"<p style=\"text-align: justify;\"><img loading=\"lazy\" decoding=\"async\" class=\"size-medium wp-image-13316 alignright\" src=\"https:\/\/iicolumnas.es\/wp-content\/uploads\/2017\/08\/IMG_7857-260x300.jpg\" alt=\"\" width=\"260\" height=\"300\" srcset=\"https:\/\/iicolumnas.es\/wp-content\/uploads\/2017\/08\/IMG_7857-260x300.jpg 260w, https:\/\/iicolumnas.es\/wp-content\/uploads\/2017\/08\/IMG_7857.jpg 506w\" sizes=\"auto, (max-width: 260px) 100vw, 260px\" \/>Desde el Dos Columnas queremos dar la bienvenida a una nueva cantalpinesa, se llama Ariadna y el pasado d\u00eda 13 de Agosto decidi\u00f3 que no se quer\u00eda perder las fiestas de 2017. En su primera declaraci\u00f3n en el Dos Columnas nos dijo que \u00abojo al Real Madrid que este a\u00f1o est\u00e1 muy fuerte \u00a0sin olvidar al Deportivo de La Coru\u00f1a que puede dar la sorpresa\u00bb despu\u00e9s del azote del medico entre sollozos concluy\u00f3 \u00abme hubiera gustado conocer a la UDS\u00bb.<\/p>\n<p style=\"text-align: justify;\">Desde el peri\u00f3dico os deseamos, al igual que toda vuestra familia, que se\u00e1is muy felices en esta nueva etapa de vuestras vidas que con la ilusi\u00f3n que teneis no dudamos que vais a ser capaces de superar todas las metas que \u00a0se os presenten.<\/p>\n<p>&nbsp;<\/p>\n","protected":false},"excerpt":{"rendered":"<p>Desde el Dos Columnas queremos dar la bienvenida a una nueva cantalpinesa, se llama Ariadna y el pasado d\u00eda 13 de Agosto decidi\u00f3 que no se quer\u00eda perder las fiestas de 2017. En su&#46;&#46;&#46;<\/p>\n","protected":false},"author":15,"featured_media":13316,"comment_status":"open","ping_status":"open","sticky":false,"template":"","format":"standard","meta":{"footnotes":""},"categories":[1,16],"tags":[1385,1407,1406,1405],"class_list":["post-13317","post","type-post","status-publish","format-standard","has-post-thumbnail","hentry","category-actualidad","category-celebraciones","tag-agosto-2017","tag-alberto-y-fatima","tag-ariadna","tag-nacimiento"],"yoast_head":"<!-- This site is optimized with the Yoast SEO plugin v26.6 - https:\/\/yoast.com\/wordpress\/plugins\/seo\/ -->\n<title>\u00a1Bienvenida Ariadna! - Dos Columnas<\/title>\n<meta name=\"robots\" content=\"index, follow, max-snippet:-1, max-image-preview:large, max-video-preview:-1\" \/>\n<link rel=\"canonical\" href=\"https:\/\/iicolumnas.es\/index.php\/actualidad\/2017\/08\/22\/bienvenida-ariadna\/\" \/>\n<meta property=\"og:locale\" content=\"es_ES\" \/>\n<meta property=\"og:type\" content=\"article\" \/>\n<meta property=\"og:title\" content=\"\u00a1Bienvenida Ariadna! - Dos Columnas\" \/>\n<meta property=\"og:description\" content=\"Desde el Dos Columnas queremos dar la bienvenida a una nueva cantalpinesa, se llama Ariadna y el pasado d\u00eda 13 de Agosto decidi\u00f3 que no se quer\u00eda perder las fiestas de 2017. En su&#046;&#046;&#046;\" \/>\n<meta property=\"og:url\" content=\"https:\/\/iicolumnas.es\/index.php\/actualidad\/2017\/08\/22\/bienvenida-ariadna\/\" \/>\n<meta property=\"og:site_name\" content=\"Dos Columnas\" \/>\n<meta property=\"article:publisher\" content=\"https:\/\/www.facebook.com\/iicolumnas\/\" \/>\n<meta property=\"article:published_time\" content=\"2017-08-22T21:24:48+00:00\" \/>\n<meta property=\"article:modified_time\" content=\"2017-08-22T22:30:15+00:00\" \/>\n<meta property=\"og:image\" content=\"https:\/\/iicolumnas.es\/wp-content\/uploads\/2017\/08\/IMG_7857.jpg\" \/>\n\t<meta property=\"og:image:width\" content=\"506\" \/>\n\t<meta property=\"og:image:height\" content=\"583\" \/>\n\t<meta property=\"og:image:type\" content=\"image\/jpeg\" \/>\n<meta name=\"author\" content=\"Jonathan Mart\u00edn\" \/>\n<meta name=\"twitter:card\" content=\"summary_large_image\" \/>\n<meta name=\"twitter:creator\" content=\"@iicolumnas\" \/>\n<meta name=\"twitter:site\" content=\"@iicolumnas\" \/>\n<meta name=\"twitter:label1\" content=\"Escrito por\" \/>\n\t<meta name=\"twitter:data1\" content=\"Jonathan Mart\u00edn\" \/>\n\t<meta name=\"twitter:label2\" content=\"Tiempo de lectura\" \/>\n\t<meta name=\"twitter:data2\" content=\"1 minuto\" \/>\n<script type=\"application\/ld+json\" class=\"yoast-schema-graph\">{\"@context\":\"https:\/\/schema.org\",\"@graph\":[{\"@type\":\"WebPage\",\"@id\":\"https:\/\/iicolumnas.es\/index.php\/actualidad\/2017\/08\/22\/bienvenida-ariadna\/\",\"url\":\"https:\/\/iicolumnas.es\/index.php\/actualidad\/2017\/08\/22\/bienvenida-ariadna\/\",\"name\":\"\u00a1Bienvenida Ariadna! - Dos Columnas\",\"isPartOf\":{\"@id\":\"https:\/\/iicolumnas.es\/#website\"},\"primaryImageOfPage\":{\"@id\":\"https:\/\/iicolumnas.es\/index.php\/actualidad\/2017\/08\/22\/bienvenida-ariadna\/#primaryimage\"},\"image\":{\"@id\":\"https:\/\/iicolumnas.es\/index.php\/actualidad\/2017\/08\/22\/bienvenida-ariadna\/#primaryimage\"},\"thumbnailUrl\":\"https:\/\/iicolumnas.es\/wp-content\/uploads\/2017\/08\/IMG_7857.jpg\",\"datePublished\":\"2017-08-22T21:24:48+00:00\",\"dateModified\":\"2017-08-22T22:30:15+00:00\",\"author\":{\"@id\":\"https:\/\/iicolumnas.es\/#\/schema\/person\/9454e693a00b654499448fce52078962\"},\"breadcrumb\":{\"@id\":\"https:\/\/iicolumnas.es\/index.php\/actualidad\/2017\/08\/22\/bienvenida-ariadna\/#breadcrumb\"},\"inLanguage\":\"es\",\"potentialAction\":[{\"@type\":\"ReadAction\",\"target\":[\"https:\/\/iicolumnas.es\/index.php\/actualidad\/2017\/08\/22\/bienvenida-ariadna\/\"]}]},{\"@type\":\"ImageObject\",\"inLanguage\":\"es\",\"@id\":\"https:\/\/iicolumnas.es\/index.php\/actualidad\/2017\/08\/22\/bienvenida-ariadna\/#primaryimage\",\"url\":\"https:\/\/iicolumnas.es\/wp-content\/uploads\/2017\/08\/IMG_7857.jpg\",\"contentUrl\":\"https:\/\/iicolumnas.es\/wp-content\/uploads\/2017\/08\/IMG_7857.jpg\",\"width\":\"506\",\"height\":\"583\"},{\"@type\":\"BreadcrumbList\",\"@id\":\"https:\/\/iicolumnas.es\/index.php\/actualidad\/2017\/08\/22\/bienvenida-ariadna\/#breadcrumb\",\"itemListElement\":[{\"@type\":\"ListItem\",\"position\":1,\"name\":\"Portada\",\"item\":\"https:\/\/iicolumnas.es\/\"},{\"@type\":\"ListItem\",\"position\":2,\"name\":\"Actualidad\",\"item\":\"https:\/\/iicolumnas.es\/index.php\/category\/actualidad\/\"},{\"@type\":\"ListItem\",\"position\":3,\"name\":\"\u00a1Bienvenida Ariadna!\"}]},{\"@type\":\"WebSite\",\"@id\":\"https:\/\/iicolumnas.es\/#website\",\"url\":\"https:\/\/iicolumnas.es\/\",\"name\":\"Dos Columnas\",\"description\":\"El peri\u00f3dico de la villa de Cantalpino\",\"potentialAction\":[{\"@type\":\"SearchAction\",\"target\":{\"@type\":\"EntryPoint\",\"urlTemplate\":\"https:\/\/iicolumnas.es\/?s={search_term_string}\"},\"query-input\":{\"@type\":\"PropertyValueSpecification\",\"valueRequired\":true,\"valueName\":\"search_term_string\"}}],\"inLanguage\":\"es\"},{\"@type\":\"Person\",\"@id\":\"https:\/\/iicolumnas.es\/#\/schema\/person\/9454e693a00b654499448fce52078962\",\"name\":\"Jonathan Mart\u00edn\",\"image\":{\"@type\":\"ImageObject\",\"inLanguage\":\"es\",\"@id\":\"https:\/\/iicolumnas.es\/#\/schema\/person\/image\/\",\"url\":\"https:\/\/secure.gravatar.com\/avatar\/8f84b73d8cfcbec514e94597235e91417ea919340a79e734ab4f39abe5099950?s=96&d=mm&r=g\",\"contentUrl\":\"https:\/\/secure.gravatar.com\/avatar\/8f84b73d8cfcbec514e94597235e91417ea919340a79e734ab4f39abe5099950?s=96&d=mm&r=g\",\"caption\":\"Jonathan Mart\u00edn\"}}]}<\/script>\n<!-- \/ Yoast SEO plugin. -->","yoast_head_json":{"title":"\u00a1Bienvenida Ariadna! - Dos Columnas","robots":{"index":"index","follow":"follow","max-snippet":"max-snippet:-1","max-image-preview":"max-image-preview:large","max-video-preview":"max-video-preview:-1"},"canonical":"https:\/\/iicolumnas.es\/index.php\/actualidad\/2017\/08\/22\/bienvenida-ariadna\/","og_locale":"es_ES","og_type":"article","og_title":"\u00a1Bienvenida Ariadna! - Dos Columnas","og_description":"Desde el Dos Columnas queremos dar la bienvenida a una nueva cantalpinesa, se llama Ariadna y el pasado d\u00eda 13 de Agosto decidi\u00f3 que no se quer\u00eda perder las fiestas de 2017. En su&#46;&#46;&#46;","og_url":"https:\/\/iicolumnas.es\/index.php\/actualidad\/2017\/08\/22\/bienvenida-ariadna\/","og_site_name":"Dos Columnas","article_publisher":"https:\/\/www.facebook.com\/iicolumnas\/","article_published_time":"2017-08-22T21:24:48+00:00","article_modified_time":"2017-08-22T22:30:15+00:00","og_image":[{"width":506,"height":583,"url":"https:\/\/iicolumnas.es\/wp-content\/uploads\/2017\/08\/IMG_7857.jpg","type":"image\/jpeg"}],"author":"Jonathan Mart\u00edn","twitter_card":"summary_large_image","twitter_creator":"@iicolumnas","twitter_site":"@iicolumnas","twitter_misc":{"Escrito por":"Jonathan Mart\u00edn","Tiempo de lectura":"1 minuto"},"schema":{"@context":"https:\/\/schema.org","@graph":[{"@type":"WebPage","@id":"https:\/\/iicolumnas.es\/index.php\/actualidad\/2017\/08\/22\/bienvenida-ariadna\/","url":"https:\/\/iicolumnas.es\/index.php\/actualidad\/2017\/08\/22\/bienvenida-ariadna\/","name":"\u00a1Bienvenida Ariadna! - Dos Columnas","isPartOf":{"@id":"https:\/\/iicolumnas.es\/#website"},"primaryImageOfPage":{"@id":"https:\/\/iicolumnas.es\/index.php\/actualidad\/2017\/08\/22\/bienvenida-ariadna\/#primaryimage"},"image":{"@id":"https:\/\/iicolumnas.es\/index.php\/actualidad\/2017\/08\/22\/bienvenida-ariadna\/#primaryimage"},"thumbnailUrl":"https:\/\/iicolumnas.es\/wp-content\/uploads\/2017\/08\/IMG_7857.jpg","datePublished":"2017-08-22T21:24:48+00:00","dateModified":"2017-08-22T22:30:15+00:00","author":{"@id":"https:\/\/iicolumnas.es\/#\/schema\/person\/9454e693a00b654499448fce52078962"},"breadcrumb":{"@id":"https:\/\/iicolumnas.es\/index.php\/actualidad\/2017\/08\/22\/bienvenida-ariadna\/#breadcrumb"},"inLanguage":"es","potentialAction":[{"@type":"ReadAction","target":["https:\/\/iicolumnas.es\/index.php\/actualidad\/2017\/08\/22\/bienvenida-ariadna\/"]}]},{"@type":"ImageObject","inLanguage":"es","@id":"https:\/\/iicolumnas.es\/index.php\/actualidad\/2017\/08\/22\/bienvenida-ariadna\/#primaryimage","url":"https:\/\/iicolumnas.es\/wp-content\/uploads\/2017\/08\/IMG_7857.jpg","contentUrl":"https:\/\/iicolumnas.es\/wp-content\/uploads\/2017\/08\/IMG_7857.jpg","width":"506","height":"583"},{"@type":"BreadcrumbList","@id":"https:\/\/iicolumnas.es\/index.php\/actualidad\/2017\/08\/22\/bienvenida-ariadna\/#breadcrumb","itemListElement":[{"@type":"ListItem","position":1,"name":"Portada","item":"https:\/\/iicolumnas.es\/"},{"@type":"ListItem","position":2,"name":"Actualidad","item":"https:\/\/iicolumnas.es\/index.php\/category\/actualidad\/"},{"@type":"ListItem","position":3,"name":"\u00a1Bienvenida Ariadna!"}]},{"@type":"WebSite","@id":"https:\/\/iicolumnas.es\/#website","url":"https:\/\/iicolumnas.es\/","name":"Dos Columnas","description":"El peri\u00f3dico de la villa de Cantalpino","potentialAction":[{"@type":"SearchAction","target":{"@type":"EntryPoint","urlTemplate":"https:\/\/iicolumnas.es\/?s={search_term_string}"},"query-input":{"@type":"PropertyValueSpecification","valueRequired":true,"valueName":"search_term_string"}}],"inLanguage":"es"},{"@type":"Person","@id":"https:\/\/iicolumnas.es\/#\/schema\/person\/9454e693a00b654499448fce52078962","name":"Jonathan Mart\u00edn","image":{"@type":"ImageObject","inLanguage":"es","@id":"https:\/\/iicolumnas.es\/#\/schema\/person\/image\/","url":"https:\/\/secure.gravatar.com\/avatar\/8f84b73d8cfcbec514e94597235e91417ea919340a79e734ab4f39abe5099950?s=96&d=mm&r=g","contentUrl":"https:\/\/secure.gravatar.com\/avatar\/8f84b73d8cfcbec514e94597235e91417ea919340a79e734ab4f39abe5099950?s=96&d=mm&r=g","caption":"Jonathan Mart\u00edn"}}]}},"_links":{"self":[{"href":"https:\/\/iicolumnas.es\/index.php\/wp-json\/wp\/v2\/posts\/13317","targetHints":{"allow":["GET"]}}],"collection":[{"href":"https:\/\/iicolumnas.es\/index.php\/wp-json\/wp\/v2\/posts"}],"about":[{"href":"https:\/\/iicolumnas.es\/index.php\/wp-json\/wp\/v2\/types\/post"}],"author":[{"embeddable":true,"href":"https:\/\/iicolumnas.es\/index.php\/wp-json\/wp\/v2\/users\/15"}],"replies":[{"embeddable":true,"href":"https:\/\/iicolumnas.es\/index.php\/wp-json\/wp\/v2\/comments?post=13317"}],"version-history":[{"count":5,"href":"https:\/\/iicolumnas.es\/index.php\/wp-json\/wp\/v2\/posts\/13317\/revisions"}],"predecessor-version":[{"id":13322,"href":"https:\/\/iicolumnas.es\/index.php\/wp-json\/wp\/v2\/posts\/13317\/revisions\/13322"}],"wp:featuredmedia":[{"embeddable":true,"href":"https:\/\/iicolumnas.es\/index.php\/wp-json\/wp\/v2\/media\/13316"}],"wp:attachment":[{"href":"https:\/\/iicolumnas.es\/index.php\/wp-json\/wp\/v2\/media?parent=13317"}],"wp:term":[{"taxonomy":"category","embeddable":true,"href":"https:\/\/iicolumnas.es\/index.php\/wp-json\/wp\/v2\/categories?post=13317"},{"taxonomy":"post_tag","embeddable":true,"href":"https:\/\/iicolumnas.es\/index.php\/wp-json\/wp\/v2\/tags?post=13317"}],"curies":[{"name":"wp","href":"https:\/\/api.w.org\/{rel}","templated":true}]}}