{"id":1306,"date":"2016-03-24T15:43:11","date_gmt":"2016-03-24T15:43:11","guid":{"rendered":"https:\/\/iicolumnas.es\/?p=1306"},"modified":"2016-03-24T15:59:34","modified_gmt":"2016-03-24T15:59:34","slug":"eventos-dos-columnas","status":"publish","type":"post","link":"https:\/\/iicolumnas.es\/index.php\/actualidad\/2016\/03\/24\/eventos-dos-columnas\/","title":{"rendered":"Eventos de Dos Columnas"},"content":{"rendered":"<hr \/>\n<p><img loading=\"lazy\" decoding=\"async\" class=\" wp-image-1313 alignleft\" src=\"https:\/\/iicolumnas.es\/wp-content\/uploads\/2016\/03\/articulo_eventos_iicolumnas-300x259.png\" alt=\"Articulo_eventos_iicolumnas\" width=\"399\" height=\"344\" srcset=\"https:\/\/iicolumnas.es\/wp-content\/uploads\/2016\/03\/articulo_eventos_iicolumnas-300x259.png 300w, https:\/\/iicolumnas.es\/wp-content\/uploads\/2016\/03\/articulo_eventos_iicolumnas-1024x885.png 1024w, https:\/\/iicolumnas.es\/wp-content\/uploads\/2016\/03\/articulo_eventos_iicolumnas.png 1552w\" sizes=\"auto, (max-width: 399px) 100vw, 399px\" \/><span style=\"color: #999999;\">Desde los inicios de la etapa digital de Dos Columnas existe una secci\u00f3n nueva que para muchos de nuestros lectores est\u00e1 pasando desapercibida, esta es la secci\u00f3n de Eventos que podr\u00e9is ver en el men\u00fa de la parte superior de nuestra p\u00e1gina web.<\/span><\/p>\n<p>Este apartado, con forma de calendario, se utiliza para marcar todos los eventos que puedan interesar a los cantalpineses, actualmente tenemos puestos los que conocemos, pero iremos actualizando a medida que nos vayamos enterando de nuevos acontecimientos. Entre ellos intentaremos a\u00f1adir las fiestas y otros acontecimientos importantes cercanos a Cantalpino y de inter\u00e9s para los cantalpineses.<\/p>\n<p><span style=\"color: #999999;\">Como lector, si echas de menos alguno, no dudes en ponerte en contacto con nosotros a trav\u00e9s del formulario de<\/span>\u00a0<span style=\"color: #ccffff;\"><span style=\"color: #99ccff;\"><a style=\"color: #99ccff;\" href=\"https:\/\/iicolumnas.es\/index.php\/contacto\/\">contacto<\/a>\u00a0<span style=\"color: #000000;\"><span style=\"color: #999999;\">de nuestra web, del correo electr\u00f3nico (iicolumnas@gmail.com), o de las redes sociales (<\/span><span style=\"color: #99ccff;\"><a style=\"color: #99ccff;\" href=\"https:\/\/www.facebook.com\/iicolumnas\/\" target=\"_blank\">Facebook<\/a><\/span>\u00a0<span style=\"color: #999999;\">o<\/span>\u00a0<span style=\"color: #99ccff;\"><a style=\"color: #99ccff;\" href=\"https:\/\/twitter.com\/iicolumnas\" target=\"_blank\" rel=\"nofollow\">Twitter<\/a><\/span><span style=\"color: #999999;\">)<\/span>.\u00a0<\/span><\/span><\/span><\/p>\n","protected":false},"excerpt":{"rendered":"<p>Desde los inicios de la etapa digital de Dos Columnas existe una secci\u00f3n nueva que para muchos de nuestros lectores est\u00e1 pasando desapercibida, esta es la secci\u00f3n de Eventos que podr\u00e9is ver en el&#46;&#46;&#46;<\/p>\n","protected":false},"author":1,"featured_media":1313,"comment_status":"open","ping_status":"open","sticky":false,"template":"","format":"standard","meta":{"footnotes":""},"categories":[1],"tags":[128],"class_list":["post-1306","post","type-post","status-publish","format-standard","has-post-thumbnail","hentry","category-actualidad","tag-eventos"],"yoast_head":"<!-- This site is optimized with the Yoast SEO plugin v26.6 - https:\/\/yoast.com\/wordpress\/plugins\/seo\/ -->\n<title>Eventos de Dos Columnas - Dos Columnas<\/title>\n<meta name=\"robots\" content=\"index, follow, max-snippet:-1, max-image-preview:large, max-video-preview:-1\" \/>\n<link rel=\"canonical\" href=\"https:\/\/iicolumnas.es\/index.php\/actualidad\/2016\/03\/24\/eventos-dos-columnas\/\" \/>\n<meta property=\"og:locale\" content=\"es_ES\" \/>\n<meta property=\"og:type\" content=\"article\" \/>\n<meta property=\"og:title\" content=\"Eventos de Dos Columnas - Dos Columnas\" \/>\n<meta property=\"og:description\" content=\"Desde los inicios de la etapa digital de Dos Columnas existe una secci\u00f3n nueva que para muchos de nuestros lectores est\u00e1 pasando desapercibida, esta es la secci\u00f3n de Eventos que podr\u00e9is ver en el&#046;&#046;&#046;\" \/>\n<meta property=\"og:url\" content=\"https:\/\/iicolumnas.es\/index.php\/actualidad\/2016\/03\/24\/eventos-dos-columnas\/\" \/>\n<meta property=\"og:site_name\" content=\"Dos Columnas\" \/>\n<meta property=\"article:publisher\" content=\"https:\/\/www.facebook.com\/iicolumnas\/\" \/>\n<meta property=\"article:published_time\" content=\"2016-03-24T15:43:11+00:00\" \/>\n<meta property=\"article:modified_time\" content=\"2016-03-24T15:59:34+00:00\" \/>\n<meta property=\"og:image\" content=\"https:\/\/iicolumnas.es\/wp-content\/uploads\/2016\/03\/articulo_eventos_iicolumnas.png\" \/>\n\t<meta property=\"og:image:width\" content=\"1552\" \/>\n\t<meta property=\"og:image:height\" content=\"1342\" \/>\n\t<meta property=\"og:image:type\" content=\"image\/png\" \/>\n<meta name=\"author\" content=\"Juan Alberto Garc\u00eda\" \/>\n<meta name=\"twitter:card\" content=\"summary_large_image\" \/>\n<meta name=\"twitter:creator\" content=\"@iicolumnas\" \/>\n<meta name=\"twitter:site\" content=\"@iicolumnas\" \/>\n<meta name=\"twitter:label1\" content=\"Escrito por\" \/>\n\t<meta name=\"twitter:data1\" content=\"Juan Alberto Garc\u00eda\" \/>\n\t<meta name=\"twitter:label2\" content=\"Tiempo de lectura\" \/>\n\t<meta name=\"twitter:data2\" content=\"1 minuto\" \/>\n<script type=\"application\/ld+json\" class=\"yoast-schema-graph\">{\"@context\":\"https:\/\/schema.org\",\"@graph\":[{\"@type\":\"WebPage\",\"@id\":\"https:\/\/iicolumnas.es\/index.php\/actualidad\/2016\/03\/24\/eventos-dos-columnas\/\",\"url\":\"https:\/\/iicolumnas.es\/index.php\/actualidad\/2016\/03\/24\/eventos-dos-columnas\/\",\"name\":\"Eventos de Dos Columnas - Dos Columnas\",\"isPartOf\":{\"@id\":\"https:\/\/iicolumnas.es\/#website\"},\"primaryImageOfPage\":{\"@id\":\"https:\/\/iicolumnas.es\/index.php\/actualidad\/2016\/03\/24\/eventos-dos-columnas\/#primaryimage\"},\"image\":{\"@id\":\"https:\/\/iicolumnas.es\/index.php\/actualidad\/2016\/03\/24\/eventos-dos-columnas\/#primaryimage\"},\"thumbnailUrl\":\"https:\/\/iicolumnas.es\/wp-content\/uploads\/2016\/03\/articulo_eventos_iicolumnas.png\",\"datePublished\":\"2016-03-24T15:43:11+00:00\",\"dateModified\":\"2016-03-24T15:59:34+00:00\",\"author\":{\"@id\":\"https:\/\/iicolumnas.es\/#\/schema\/person\/454e592beb5051596092682bc7744870\"},\"breadcrumb\":{\"@id\":\"https:\/\/iicolumnas.es\/index.php\/actualidad\/2016\/03\/24\/eventos-dos-columnas\/#breadcrumb\"},\"inLanguage\":\"es\",\"potentialAction\":[{\"@type\":\"ReadAction\",\"target\":[\"https:\/\/iicolumnas.es\/index.php\/actualidad\/2016\/03\/24\/eventos-dos-columnas\/\"]}]},{\"@type\":\"ImageObject\",\"inLanguage\":\"es\",\"@id\":\"https:\/\/iicolumnas.es\/index.php\/actualidad\/2016\/03\/24\/eventos-dos-columnas\/#primaryimage\",\"url\":\"https:\/\/iicolumnas.es\/wp-content\/uploads\/2016\/03\/articulo_eventos_iicolumnas.png\",\"contentUrl\":\"https:\/\/iicolumnas.es\/wp-content\/uploads\/2016\/03\/articulo_eventos_iicolumnas.png\",\"width\":1552,\"height\":1342},{\"@type\":\"BreadcrumbList\",\"@id\":\"https:\/\/iicolumnas.es\/index.php\/actualidad\/2016\/03\/24\/eventos-dos-columnas\/#breadcrumb\",\"itemListElement\":[{\"@type\":\"ListItem\",\"position\":1,\"name\":\"Portada\",\"item\":\"https:\/\/iicolumnas.es\/\"},{\"@type\":\"ListItem\",\"position\":2,\"name\":\"Actualidad\",\"item\":\"https:\/\/iicolumnas.es\/index.php\/category\/actualidad\/\"},{\"@type\":\"ListItem\",\"position\":3,\"name\":\"Eventos de Dos Columnas\"}]},{\"@type\":\"WebSite\",\"@id\":\"https:\/\/iicolumnas.es\/#website\",\"url\":\"https:\/\/iicolumnas.es\/\",\"name\":\"Dos Columnas\",\"description\":\"El peri\u00f3dico de la villa de Cantalpino\",\"potentialAction\":[{\"@type\":\"SearchAction\",\"target\":{\"@type\":\"EntryPoint\",\"urlTemplate\":\"https:\/\/iicolumnas.es\/?s={search_term_string}\"},\"query-input\":{\"@type\":\"PropertyValueSpecification\",\"valueRequired\":true,\"valueName\":\"search_term_string\"}}],\"inLanguage\":\"es\"},{\"@type\":\"Person\",\"@id\":\"https:\/\/iicolumnas.es\/#\/schema\/person\/454e592beb5051596092682bc7744870\",\"name\":\"Juan Alberto Garc\u00eda\",\"image\":{\"@type\":\"ImageObject\",\"inLanguage\":\"es\",\"@id\":\"https:\/\/iicolumnas.es\/#\/schema\/person\/image\/\",\"url\":\"https:\/\/secure.gravatar.com\/avatar\/b5e9097f5115a63587d45ece976d47f33159b9258fd778d9fbb56ce1c9d21ca8?s=96&d=mm&r=g\",\"contentUrl\":\"https:\/\/secure.gravatar.com\/avatar\/b5e9097f5115a63587d45ece976d47f33159b9258fd778d9fbb56ce1c9d21ca8?s=96&d=mm&r=g\",\"caption\":\"Juan Alberto Garc\u00eda\"},\"description\":\"los admin tienen demasiados privilegios sobre otros admin, no crees?\",\"sameAs\":[\"https:\/\/www.linkedin.com\/in\/juan-alberto-garc%C3%ADa-esteban-85389310b\"]}]}<\/script>\n<!-- \/ Yoast SEO plugin. -->","yoast_head_json":{"title":"Eventos de Dos Columnas - Dos Columnas","robots":{"index":"index","follow":"follow","max-snippet":"max-snippet:-1","max-image-preview":"max-image-preview:large","max-video-preview":"max-video-preview:-1"},"canonical":"https:\/\/iicolumnas.es\/index.php\/actualidad\/2016\/03\/24\/eventos-dos-columnas\/","og_locale":"es_ES","og_type":"article","og_title":"Eventos de Dos Columnas - Dos Columnas","og_description":"Desde los inicios de la etapa digital de Dos Columnas existe una secci\u00f3n nueva que para muchos de nuestros lectores est\u00e1 pasando desapercibida, esta es la secci\u00f3n de Eventos que podr\u00e9is ver en el&#46;&#46;&#46;","og_url":"https:\/\/iicolumnas.es\/index.php\/actualidad\/2016\/03\/24\/eventos-dos-columnas\/","og_site_name":"Dos Columnas","article_publisher":"https:\/\/www.facebook.com\/iicolumnas\/","article_published_time":"2016-03-24T15:43:11+00:00","article_modified_time":"2016-03-24T15:59:34+00:00","og_image":[{"width":1552,"height":1342,"url":"https:\/\/iicolumnas.es\/wp-content\/uploads\/2016\/03\/articulo_eventos_iicolumnas.png","type":"image\/png"}],"author":"Juan Alberto Garc\u00eda","twitter_card":"summary_large_image","twitter_creator":"@iicolumnas","twitter_site":"@iicolumnas","twitter_misc":{"Escrito por":"Juan Alberto Garc\u00eda","Tiempo de lectura":"1 minuto"},"schema":{"@context":"https:\/\/schema.org","@graph":[{"@type":"WebPage","@id":"https:\/\/iicolumnas.es\/index.php\/actualidad\/2016\/03\/24\/eventos-dos-columnas\/","url":"https:\/\/iicolumnas.es\/index.php\/actualidad\/2016\/03\/24\/eventos-dos-columnas\/","name":"Eventos de Dos Columnas - Dos Columnas","isPartOf":{"@id":"https:\/\/iicolumnas.es\/#website"},"primaryImageOfPage":{"@id":"https:\/\/iicolumnas.es\/index.php\/actualidad\/2016\/03\/24\/eventos-dos-columnas\/#primaryimage"},"image":{"@id":"https:\/\/iicolumnas.es\/index.php\/actualidad\/2016\/03\/24\/eventos-dos-columnas\/#primaryimage"},"thumbnailUrl":"https:\/\/iicolumnas.es\/wp-content\/uploads\/2016\/03\/articulo_eventos_iicolumnas.png","datePublished":"2016-03-24T15:43:11+00:00","dateModified":"2016-03-24T15:59:34+00:00","author":{"@id":"https:\/\/iicolumnas.es\/#\/schema\/person\/454e592beb5051596092682bc7744870"},"breadcrumb":{"@id":"https:\/\/iicolumnas.es\/index.php\/actualidad\/2016\/03\/24\/eventos-dos-columnas\/#breadcrumb"},"inLanguage":"es","potentialAction":[{"@type":"ReadAction","target":["https:\/\/iicolumnas.es\/index.php\/actualidad\/2016\/03\/24\/eventos-dos-columnas\/"]}]},{"@type":"ImageObject","inLanguage":"es","@id":"https:\/\/iicolumnas.es\/index.php\/actualidad\/2016\/03\/24\/eventos-dos-columnas\/#primaryimage","url":"https:\/\/iicolumnas.es\/wp-content\/uploads\/2016\/03\/articulo_eventos_iicolumnas.png","contentUrl":"https:\/\/iicolumnas.es\/wp-content\/uploads\/2016\/03\/articulo_eventos_iicolumnas.png","width":1552,"height":1342},{"@type":"BreadcrumbList","@id":"https:\/\/iicolumnas.es\/index.php\/actualidad\/2016\/03\/24\/eventos-dos-columnas\/#breadcrumb","itemListElement":[{"@type":"ListItem","position":1,"name":"Portada","item":"https:\/\/iicolumnas.es\/"},{"@type":"ListItem","position":2,"name":"Actualidad","item":"https:\/\/iicolumnas.es\/index.php\/category\/actualidad\/"},{"@type":"ListItem","position":3,"name":"Eventos de Dos Columnas"}]},{"@type":"WebSite","@id":"https:\/\/iicolumnas.es\/#website","url":"https:\/\/iicolumnas.es\/","name":"Dos Columnas","description":"El peri\u00f3dico de la villa de Cantalpino","potentialAction":[{"@type":"SearchAction","target":{"@type":"EntryPoint","urlTemplate":"https:\/\/iicolumnas.es\/?s={search_term_string}"},"query-input":{"@type":"PropertyValueSpecification","valueRequired":true,"valueName":"search_term_string"}}],"inLanguage":"es"},{"@type":"Person","@id":"https:\/\/iicolumnas.es\/#\/schema\/person\/454e592beb5051596092682bc7744870","name":"Juan Alberto Garc\u00eda","image":{"@type":"ImageObject","inLanguage":"es","@id":"https:\/\/iicolumnas.es\/#\/schema\/person\/image\/","url":"https:\/\/secure.gravatar.com\/avatar\/b5e9097f5115a63587d45ece976d47f33159b9258fd778d9fbb56ce1c9d21ca8?s=96&d=mm&r=g","contentUrl":"https:\/\/secure.gravatar.com\/avatar\/b5e9097f5115a63587d45ece976d47f33159b9258fd778d9fbb56ce1c9d21ca8?s=96&d=mm&r=g","caption":"Juan Alberto Garc\u00eda"},"description":"los admin tienen demasiados privilegios sobre otros admin, no crees?","sameAs":["https:\/\/www.linkedin.com\/in\/juan-alberto-garc%C3%ADa-esteban-85389310b"]}]}},"_links":{"self":[{"href":"https:\/\/iicolumnas.es\/index.php\/wp-json\/wp\/v2\/posts\/1306","targetHints":{"allow":["GET"]}}],"collection":[{"href":"https:\/\/iicolumnas.es\/index.php\/wp-json\/wp\/v2\/posts"}],"about":[{"href":"https:\/\/iicolumnas.es\/index.php\/wp-json\/wp\/v2\/types\/post"}],"author":[{"embeddable":true,"href":"https:\/\/iicolumnas.es\/index.php\/wp-json\/wp\/v2\/users\/1"}],"replies":[{"embeddable":true,"href":"https:\/\/iicolumnas.es\/index.php\/wp-json\/wp\/v2\/comments?post=1306"}],"version-history":[{"count":0,"href":"https:\/\/iicolumnas.es\/index.php\/wp-json\/wp\/v2\/posts\/1306\/revisions"}],"wp:featuredmedia":[{"embeddable":true,"href":"https:\/\/iicolumnas.es\/index.php\/wp-json\/wp\/v2\/media\/1313"}],"wp:attachment":[{"href":"https:\/\/iicolumnas.es\/index.php\/wp-json\/wp\/v2\/media?parent=1306"}],"wp:term":[{"taxonomy":"category","embeddable":true,"href":"https:\/\/iicolumnas.es\/index.php\/wp-json\/wp\/v2\/categories?post=1306"},{"taxonomy":"post_tag","embeddable":true,"href":"https:\/\/iicolumnas.es\/index.php\/wp-json\/wp\/v2\/tags?post=1306"}],"curies":[{"name":"wp","href":"https:\/\/api.w.org\/{rel}","templated":true}]}}