{"id":12688,"date":"2017-07-15T16:48:19","date_gmt":"2017-07-15T16:48:19","guid":{"rendered":"https:\/\/iicolumnas.es\/?p=12688"},"modified":"2017-07-15T16:48:19","modified_gmt":"2017-07-15T16:48:19","slug":"campamento-sor-eusebia-palomino-2017","status":"publish","type":"post","link":"https:\/\/iicolumnas.es\/index.php\/actualidad\/2017\/07\/15\/campamento-sor-eusebia-palomino-2017\/","title":{"rendered":"Campamento Sor Eusebia Palomino 2017"},"content":{"rendered":"<p style=\"text-align: justify;\">Un a\u00f1o mas las hermanas salesianas y j\u00f3venes voluntarios procedentes de distintos puntos de Espa\u00f1a llegan el domingo a nuestra villa para el ya conocido y tradicional campamento de verano.<\/p>\n<p style=\"text-align: justify;\">Las inscripciones ser\u00e1n el lunes 17 de julio en la Casa de Sor Eusebia, para los ni\u00f1os que ya hayan cumplido 3 a\u00f1os y las actividades se prolongaran durante diez d\u00edas finalizando con una fiesta que los ni\u00f1os preparan con ilusi\u00f3n los durante el campamento. La plazuela y casita de \u00a0Sor Eusebia, el sal\u00f3n teatro municipal, la biblioteca, el pabell\u00f3n de Cantalpino y las piscinas son algunos de los escenarios donde se har\u00e1n las distintas actividades.<\/p>\n<p style=\"text-align: justify;\">Las ma\u00f1anas estar\u00e1n destinadas al apoyo escolar en aquellas asignaturas que hayan costado un poco durante el curso escolar y despu\u00e9s de un peque\u00f1o descanso finalizan las mismas con talleres preparados por los monitores. Por las tardes primero ensayar\u00e1n la actuaci\u00f3n que representan el \u00faltimo d\u00eda en el sal\u00f3n de teatro, y a continuaci\u00f3n las tardes estar\u00e1n llenas de risas aseguradas con gymkanas, guerras de agua y dem\u00e1s actividades, sin olvidar las visitas a la piscina municipal.<\/p>\n<p style=\"text-align: justify;\">Este a\u00f1o no se ha sido posible hacer carteles informativos por eso el grupo de monitores ha delegado en Dos Columnas para difundir el comienzo de la actividad. Partiendo del Dos Columnas, el \u00abboca a boca\u00bb o bien \u00abcompartir\u00bb que es lo que tienen las nuevas tecnolog\u00edas, completar\u00e1 la difusi\u00f3n.<\/p>\n<p style=\"text-align: justify;\">Desde aqu\u00ed solo nos queda animar a las familias para que apunten a sus peque\u00f1os, es una manera entretenida y divertida de pasar unos d\u00edas en verano.<\/p>\n<p style=\"text-align: justify;\">\u00a0<img loading=\"lazy\" decoding=\"async\" class=\"size-full wp-image-4938 aligncenter\" src=\"https:\/\/iicolumnas.es\/wp-content\/uploads\/2016\/07\/fotos-2-dia-campamento-7.jpg\" alt=\"Dia 2 campamento SE\" width=\"800\" height=\"600\" srcset=\"https:\/\/iicolumnas.es\/wp-content\/uploads\/2016\/07\/fotos-2-dia-campamento-7.jpg 800w, https:\/\/iicolumnas.es\/wp-content\/uploads\/2016\/07\/fotos-2-dia-campamento-7-300x225.jpg 300w\" sizes=\"auto, (max-width: 800px) 100vw, 800px\" \/><\/p>\n","protected":false},"excerpt":{"rendered":"<p>Un a\u00f1o mas las hermanas salesianas y j\u00f3venes voluntarios procedentes de distintos puntos de Espa\u00f1a llegan el domingo a nuestra villa para el ya conocido y tradicional campamento de verano. Las inscripciones ser\u00e1n el&#46;&#46;&#46;<\/p>\n","protected":false},"author":18,"featured_media":4862,"comment_status":"open","ping_status":"open","sticky":false,"template":"","format":"standard","meta":{"footnotes":""},"categories":[1,203],"tags":[1374,14,1375],"class_list":["post-12688","post","type-post","status-publish","format-standard","has-post-thumbnail","hentry","category-actualidad","category-tablon-de-anuncios","tag-campamento-salesiano","tag-cantalpino","tag-dos-columnas"],"yoast_head":"<!-- This site is optimized with the Yoast SEO plugin v26.6 - https:\/\/yoast.com\/wordpress\/plugins\/seo\/ -->\n<title>Campamento Sor Eusebia Palomino 2017 - Dos Columnas<\/title>\n<meta name=\"robots\" content=\"index, follow, max-snippet:-1, max-image-preview:large, max-video-preview:-1\" \/>\n<link rel=\"canonical\" href=\"https:\/\/iicolumnas.es\/index.php\/actualidad\/2017\/07\/15\/campamento-sor-eusebia-palomino-2017\/\" \/>\n<meta property=\"og:locale\" content=\"es_ES\" \/>\n<meta property=\"og:type\" content=\"article\" \/>\n<meta property=\"og:title\" content=\"Campamento Sor Eusebia Palomino 2017 - Dos Columnas\" \/>\n<meta property=\"og:description\" content=\"Un a\u00f1o mas las hermanas salesianas y j\u00f3venes voluntarios procedentes de distintos puntos de Espa\u00f1a llegan el domingo a nuestra villa para el ya conocido y tradicional campamento de verano. Las inscripciones ser\u00e1n el&#046;&#046;&#046;\" \/>\n<meta property=\"og:url\" content=\"https:\/\/iicolumnas.es\/index.php\/actualidad\/2017\/07\/15\/campamento-sor-eusebia-palomino-2017\/\" \/>\n<meta property=\"og:site_name\" content=\"Dos Columnas\" \/>\n<meta property=\"article:publisher\" content=\"https:\/\/www.facebook.com\/iicolumnas\/\" \/>\n<meta property=\"article:published_time\" content=\"2017-07-15T16:48:19+00:00\" \/>\n<meta property=\"og:image\" content=\"https:\/\/iicolumnas.es\/wp-content\/uploads\/2016\/07\/campamento-sor-eusebia-2016-primer-dia-14.jpg\" \/>\n\t<meta property=\"og:image:width\" content=\"800\" \/>\n\t<meta property=\"og:image:height\" content=\"533\" \/>\n\t<meta property=\"og:image:type\" content=\"image\/jpeg\" \/>\n<meta name=\"author\" content=\"Lucia Pedroso\" \/>\n<meta name=\"twitter:card\" content=\"summary_large_image\" \/>\n<meta name=\"twitter:creator\" content=\"@iicolumnas\" \/>\n<meta name=\"twitter:site\" content=\"@iicolumnas\" \/>\n<meta name=\"twitter:label1\" content=\"Escrito por\" \/>\n\t<meta name=\"twitter:data1\" content=\"Lucia Pedroso\" \/>\n\t<meta name=\"twitter:label2\" content=\"Tiempo de lectura\" \/>\n\t<meta name=\"twitter:data2\" content=\"1 minuto\" \/>\n<script type=\"application\/ld+json\" class=\"yoast-schema-graph\">{\"@context\":\"https:\/\/schema.org\",\"@graph\":[{\"@type\":\"WebPage\",\"@id\":\"https:\/\/iicolumnas.es\/index.php\/actualidad\/2017\/07\/15\/campamento-sor-eusebia-palomino-2017\/\",\"url\":\"https:\/\/iicolumnas.es\/index.php\/actualidad\/2017\/07\/15\/campamento-sor-eusebia-palomino-2017\/\",\"name\":\"Campamento Sor Eusebia Palomino 2017 - Dos Columnas\",\"isPartOf\":{\"@id\":\"https:\/\/iicolumnas.es\/#website\"},\"primaryImageOfPage\":{\"@id\":\"https:\/\/iicolumnas.es\/index.php\/actualidad\/2017\/07\/15\/campamento-sor-eusebia-palomino-2017\/#primaryimage\"},\"image\":{\"@id\":\"https:\/\/iicolumnas.es\/index.php\/actualidad\/2017\/07\/15\/campamento-sor-eusebia-palomino-2017\/#primaryimage\"},\"thumbnailUrl\":\"https:\/\/iicolumnas.es\/wp-content\/uploads\/2016\/07\/campamento-sor-eusebia-2016-primer-dia-14.jpg\",\"datePublished\":\"2017-07-15T16:48:19+00:00\",\"author\":{\"@id\":\"https:\/\/iicolumnas.es\/#\/schema\/person\/703e12a73a5090b041b461663c8f0531\"},\"breadcrumb\":{\"@id\":\"https:\/\/iicolumnas.es\/index.php\/actualidad\/2017\/07\/15\/campamento-sor-eusebia-palomino-2017\/#breadcrumb\"},\"inLanguage\":\"es\",\"potentialAction\":[{\"@type\":\"ReadAction\",\"target\":[\"https:\/\/iicolumnas.es\/index.php\/actualidad\/2017\/07\/15\/campamento-sor-eusebia-palomino-2017\/\"]}]},{\"@type\":\"ImageObject\",\"inLanguage\":\"es\",\"@id\":\"https:\/\/iicolumnas.es\/index.php\/actualidad\/2017\/07\/15\/campamento-sor-eusebia-palomino-2017\/#primaryimage\",\"url\":\"https:\/\/iicolumnas.es\/wp-content\/uploads\/2016\/07\/campamento-sor-eusebia-2016-primer-dia-14.jpg\",\"contentUrl\":\"https:\/\/iicolumnas.es\/wp-content\/uploads\/2016\/07\/campamento-sor-eusebia-2016-primer-dia-14.jpg\",\"width\":\"800\",\"height\":\"533\",\"caption\":\"campamento Sor Eusebia 2016 inicio\"},{\"@type\":\"BreadcrumbList\",\"@id\":\"https:\/\/iicolumnas.es\/index.php\/actualidad\/2017\/07\/15\/campamento-sor-eusebia-palomino-2017\/#breadcrumb\",\"itemListElement\":[{\"@type\":\"ListItem\",\"position\":1,\"name\":\"Portada\",\"item\":\"https:\/\/iicolumnas.es\/\"},{\"@type\":\"ListItem\",\"position\":2,\"name\":\"Actualidad\",\"item\":\"https:\/\/iicolumnas.es\/index.php\/category\/actualidad\/\"},{\"@type\":\"ListItem\",\"position\":3,\"name\":\"Campamento Sor Eusebia Palomino 2017\"}]},{\"@type\":\"WebSite\",\"@id\":\"https:\/\/iicolumnas.es\/#website\",\"url\":\"https:\/\/iicolumnas.es\/\",\"name\":\"Dos Columnas\",\"description\":\"El peri\u00f3dico de la villa de Cantalpino\",\"potentialAction\":[{\"@type\":\"SearchAction\",\"target\":{\"@type\":\"EntryPoint\",\"urlTemplate\":\"https:\/\/iicolumnas.es\/?s={search_term_string}\"},\"query-input\":{\"@type\":\"PropertyValueSpecification\",\"valueRequired\":true,\"valueName\":\"search_term_string\"}}],\"inLanguage\":\"es\"},{\"@type\":\"Person\",\"@id\":\"https:\/\/iicolumnas.es\/#\/schema\/person\/703e12a73a5090b041b461663c8f0531\",\"name\":\"Lucia Pedroso\",\"image\":{\"@type\":\"ImageObject\",\"inLanguage\":\"es\",\"@id\":\"https:\/\/iicolumnas.es\/#\/schema\/person\/image\/\",\"url\":\"https:\/\/secure.gravatar.com\/avatar\/c6e08a497120c58e110f9fc761b0fe771e7120ebcb2789302216f51d5c9243cc?s=96&d=mm&r=g\",\"contentUrl\":\"https:\/\/secure.gravatar.com\/avatar\/c6e08a497120c58e110f9fc761b0fe771e7120ebcb2789302216f51d5c9243cc?s=96&d=mm&r=g\",\"caption\":\"Lucia Pedroso\"}}]}<\/script>\n<!-- \/ Yoast SEO plugin. -->","yoast_head_json":{"title":"Campamento Sor Eusebia Palomino 2017 - Dos Columnas","robots":{"index":"index","follow":"follow","max-snippet":"max-snippet:-1","max-image-preview":"max-image-preview:large","max-video-preview":"max-video-preview:-1"},"canonical":"https:\/\/iicolumnas.es\/index.php\/actualidad\/2017\/07\/15\/campamento-sor-eusebia-palomino-2017\/","og_locale":"es_ES","og_type":"article","og_title":"Campamento Sor Eusebia Palomino 2017 - Dos Columnas","og_description":"Un a\u00f1o mas las hermanas salesianas y j\u00f3venes voluntarios procedentes de distintos puntos de Espa\u00f1a llegan el domingo a nuestra villa para el ya conocido y tradicional campamento de verano. Las inscripciones ser\u00e1n el&#46;&#46;&#46;","og_url":"https:\/\/iicolumnas.es\/index.php\/actualidad\/2017\/07\/15\/campamento-sor-eusebia-palomino-2017\/","og_site_name":"Dos Columnas","article_publisher":"https:\/\/www.facebook.com\/iicolumnas\/","article_published_time":"2017-07-15T16:48:19+00:00","og_image":[{"width":800,"height":533,"url":"https:\/\/iicolumnas.es\/wp-content\/uploads\/2016\/07\/campamento-sor-eusebia-2016-primer-dia-14.jpg","type":"image\/jpeg"}],"author":"Lucia Pedroso","twitter_card":"summary_large_image","twitter_creator":"@iicolumnas","twitter_site":"@iicolumnas","twitter_misc":{"Escrito por":"Lucia Pedroso","Tiempo de lectura":"1 minuto"},"schema":{"@context":"https:\/\/schema.org","@graph":[{"@type":"WebPage","@id":"https:\/\/iicolumnas.es\/index.php\/actualidad\/2017\/07\/15\/campamento-sor-eusebia-palomino-2017\/","url":"https:\/\/iicolumnas.es\/index.php\/actualidad\/2017\/07\/15\/campamento-sor-eusebia-palomino-2017\/","name":"Campamento Sor Eusebia Palomino 2017 - Dos Columnas","isPartOf":{"@id":"https:\/\/iicolumnas.es\/#website"},"primaryImageOfPage":{"@id":"https:\/\/iicolumnas.es\/index.php\/actualidad\/2017\/07\/15\/campamento-sor-eusebia-palomino-2017\/#primaryimage"},"image":{"@id":"https:\/\/iicolumnas.es\/index.php\/actualidad\/2017\/07\/15\/campamento-sor-eusebia-palomino-2017\/#primaryimage"},"thumbnailUrl":"https:\/\/iicolumnas.es\/wp-content\/uploads\/2016\/07\/campamento-sor-eusebia-2016-primer-dia-14.jpg","datePublished":"2017-07-15T16:48:19+00:00","author":{"@id":"https:\/\/iicolumnas.es\/#\/schema\/person\/703e12a73a5090b041b461663c8f0531"},"breadcrumb":{"@id":"https:\/\/iicolumnas.es\/index.php\/actualidad\/2017\/07\/15\/campamento-sor-eusebia-palomino-2017\/#breadcrumb"},"inLanguage":"es","potentialAction":[{"@type":"ReadAction","target":["https:\/\/iicolumnas.es\/index.php\/actualidad\/2017\/07\/15\/campamento-sor-eusebia-palomino-2017\/"]}]},{"@type":"ImageObject","inLanguage":"es","@id":"https:\/\/iicolumnas.es\/index.php\/actualidad\/2017\/07\/15\/campamento-sor-eusebia-palomino-2017\/#primaryimage","url":"https:\/\/iicolumnas.es\/wp-content\/uploads\/2016\/07\/campamento-sor-eusebia-2016-primer-dia-14.jpg","contentUrl":"https:\/\/iicolumnas.es\/wp-content\/uploads\/2016\/07\/campamento-sor-eusebia-2016-primer-dia-14.jpg","width":"800","height":"533","caption":"campamento Sor Eusebia 2016 inicio"},{"@type":"BreadcrumbList","@id":"https:\/\/iicolumnas.es\/index.php\/actualidad\/2017\/07\/15\/campamento-sor-eusebia-palomino-2017\/#breadcrumb","itemListElement":[{"@type":"ListItem","position":1,"name":"Portada","item":"https:\/\/iicolumnas.es\/"},{"@type":"ListItem","position":2,"name":"Actualidad","item":"https:\/\/iicolumnas.es\/index.php\/category\/actualidad\/"},{"@type":"ListItem","position":3,"name":"Campamento Sor Eusebia Palomino 2017"}]},{"@type":"WebSite","@id":"https:\/\/iicolumnas.es\/#website","url":"https:\/\/iicolumnas.es\/","name":"Dos Columnas","description":"El peri\u00f3dico de la villa de Cantalpino","potentialAction":[{"@type":"SearchAction","target":{"@type":"EntryPoint","urlTemplate":"https:\/\/iicolumnas.es\/?s={search_term_string}"},"query-input":{"@type":"PropertyValueSpecification","valueRequired":true,"valueName":"search_term_string"}}],"inLanguage":"es"},{"@type":"Person","@id":"https:\/\/iicolumnas.es\/#\/schema\/person\/703e12a73a5090b041b461663c8f0531","name":"Lucia Pedroso","image":{"@type":"ImageObject","inLanguage":"es","@id":"https:\/\/iicolumnas.es\/#\/schema\/person\/image\/","url":"https:\/\/secure.gravatar.com\/avatar\/c6e08a497120c58e110f9fc761b0fe771e7120ebcb2789302216f51d5c9243cc?s=96&d=mm&r=g","contentUrl":"https:\/\/secure.gravatar.com\/avatar\/c6e08a497120c58e110f9fc761b0fe771e7120ebcb2789302216f51d5c9243cc?s=96&d=mm&r=g","caption":"Lucia Pedroso"}}]}},"_links":{"self":[{"href":"https:\/\/iicolumnas.es\/index.php\/wp-json\/wp\/v2\/posts\/12688","targetHints":{"allow":["GET"]}}],"collection":[{"href":"https:\/\/iicolumnas.es\/index.php\/wp-json\/wp\/v2\/posts"}],"about":[{"href":"https:\/\/iicolumnas.es\/index.php\/wp-json\/wp\/v2\/types\/post"}],"author":[{"embeddable":true,"href":"https:\/\/iicolumnas.es\/index.php\/wp-json\/wp\/v2\/users\/18"}],"replies":[{"embeddable":true,"href":"https:\/\/iicolumnas.es\/index.php\/wp-json\/wp\/v2\/comments?post=12688"}],"version-history":[{"count":2,"href":"https:\/\/iicolumnas.es\/index.php\/wp-json\/wp\/v2\/posts\/12688\/revisions"}],"predecessor-version":[{"id":12701,"href":"https:\/\/iicolumnas.es\/index.php\/wp-json\/wp\/v2\/posts\/12688\/revisions\/12701"}],"wp:featuredmedia":[{"embeddable":true,"href":"https:\/\/iicolumnas.es\/index.php\/wp-json\/wp\/v2\/media\/4862"}],"wp:attachment":[{"href":"https:\/\/iicolumnas.es\/index.php\/wp-json\/wp\/v2\/media?parent=12688"}],"wp:term":[{"taxonomy":"category","embeddable":true,"href":"https:\/\/iicolumnas.es\/index.php\/wp-json\/wp\/v2\/categories?post=12688"},{"taxonomy":"post_tag","embeddable":true,"href":"https:\/\/iicolumnas.es\/index.php\/wp-json\/wp\/v2\/tags?post=12688"}],"curies":[{"name":"wp","href":"https:\/\/api.w.org\/{rel}","templated":true}]}}