{"id":11816,"date":"2017-06-14T21:43:48","date_gmt":"2017-06-14T21:43:48","guid":{"rendered":"https:\/\/iicolumnas.es\/?p=11816"},"modified":"2017-06-14T21:43:48","modified_gmt":"2017-06-14T21:43:48","slug":"apertura-las-piscinas-municipales","status":"publish","type":"post","link":"https:\/\/iicolumnas.es\/index.php\/actualidad\/2017\/06\/14\/apertura-las-piscinas-municipales\/","title":{"rendered":"Apertura de las Piscinas Municipales"},"content":{"rendered":"<p style=\"text-align: justify;\">Las Piscinas Municipales de Cantalpino abrir\u00e1n sus puertas el pr\u00f3ximo <strong>s\u00e1bado 17 de junio<\/strong>, d\u00eda que ser\u00e1 de <strong>entrada gratuita.<\/strong><\/p>\n<p style=\"text-align: justify;\">A continuaci\u00f3n os dejamos toda la informaci\u00f3n y precios de los<strong> abonos<\/strong> disponibles para esta temporada 2017, que se podr\u00e1n adquirir en la propia taquilla de las piscinas. Os recordamos que los ni\u00f1os de hasta 5 a\u00f1os tendr\u00e1n la entrada gratuita, siempre y cuando vayan acompa\u00f1ados de un familiar mayor de 18 a\u00f1os.<\/p>\n<p><img loading=\"lazy\" decoding=\"async\" class=\"aligncenter size-full wp-image-11818\" src=\"https:\/\/iicolumnas.es\/wp-content\/uploads\/2017\/06\/info-piscinas.jpg\" alt=\"INFO PISCINAS\" width=\"534\" height=\"800\" srcset=\"https:\/\/iicolumnas.es\/wp-content\/uploads\/2017\/06\/info-piscinas.jpg 534w, https:\/\/iicolumnas.es\/wp-content\/uploads\/2017\/06\/info-piscinas-200x300.jpg 200w\" sizes=\"auto, (max-width: 534px) 100vw, 534px\" \/><\/p>\n","protected":false},"excerpt":{"rendered":"<p>Las Piscinas Municipales de Cantalpino abrir\u00e1n sus puertas el pr\u00f3ximo s\u00e1bado 17 de junio, d\u00eda que ser\u00e1 de entrada gratuita. A continuaci\u00f3n os dejamos toda la informaci\u00f3n y precios de los abonos disponibles para&#46;&#46;&#46;<\/p>\n","protected":false},"author":11,"featured_media":11818,"comment_status":"open","ping_status":"open","sticky":false,"template":"","format":"standard","meta":{"footnotes":""},"categories":[1,203],"tags":[1344],"class_list":["post-11816","post","type-post","status-publish","format-standard","has-post-thumbnail","hentry","category-actualidad","category-tablon-de-anuncios","tag-piscinas-municipales"],"yoast_head":"<!-- This site is optimized with the Yoast SEO plugin v26.6 - https:\/\/yoast.com\/wordpress\/plugins\/seo\/ -->\n<title>Apertura de las Piscinas Municipales - Dos Columnas<\/title>\n<meta name=\"robots\" content=\"index, follow, max-snippet:-1, max-image-preview:large, max-video-preview:-1\" \/>\n<link rel=\"canonical\" href=\"https:\/\/iicolumnas.es\/index.php\/actualidad\/2017\/06\/14\/apertura-las-piscinas-municipales\/\" \/>\n<meta property=\"og:locale\" content=\"es_ES\" \/>\n<meta property=\"og:type\" content=\"article\" \/>\n<meta property=\"og:title\" content=\"Apertura de las Piscinas Municipales - Dos Columnas\" \/>\n<meta property=\"og:description\" content=\"Las Piscinas Municipales de Cantalpino abrir\u00e1n sus puertas el pr\u00f3ximo s\u00e1bado 17 de junio, d\u00eda que ser\u00e1 de entrada gratuita. A continuaci\u00f3n os dejamos toda la informaci\u00f3n y precios de los abonos disponibles para&#046;&#046;&#046;\" \/>\n<meta property=\"og:url\" content=\"https:\/\/iicolumnas.es\/index.php\/actualidad\/2017\/06\/14\/apertura-las-piscinas-municipales\/\" \/>\n<meta property=\"og:site_name\" content=\"Dos Columnas\" \/>\n<meta property=\"article:publisher\" content=\"https:\/\/www.facebook.com\/iicolumnas\/\" \/>\n<meta property=\"article:published_time\" content=\"2017-06-14T21:43:48+00:00\" \/>\n<meta property=\"og:image\" content=\"https:\/\/iicolumnas.es\/wp-content\/uploads\/2017\/06\/info-piscinas.jpg\" \/>\n\t<meta property=\"og:image:width\" content=\"534\" \/>\n\t<meta property=\"og:image:height\" content=\"800\" \/>\n\t<meta property=\"og:image:type\" content=\"image\/jpeg\" \/>\n<meta name=\"author\" content=\"Elisabeth Herrero\" \/>\n<meta name=\"twitter:card\" content=\"summary_large_image\" \/>\n<meta name=\"twitter:creator\" content=\"@iicolumnas\" \/>\n<meta name=\"twitter:site\" content=\"@iicolumnas\" \/>\n<meta name=\"twitter:label1\" content=\"Escrito por\" \/>\n\t<meta name=\"twitter:data1\" content=\"Elisabeth Herrero\" \/>\n<script type=\"application\/ld+json\" class=\"yoast-schema-graph\">{\"@context\":\"https:\/\/schema.org\",\"@graph\":[{\"@type\":\"WebPage\",\"@id\":\"https:\/\/iicolumnas.es\/index.php\/actualidad\/2017\/06\/14\/apertura-las-piscinas-municipales\/\",\"url\":\"https:\/\/iicolumnas.es\/index.php\/actualidad\/2017\/06\/14\/apertura-las-piscinas-municipales\/\",\"name\":\"Apertura de las Piscinas Municipales - Dos Columnas\",\"isPartOf\":{\"@id\":\"https:\/\/iicolumnas.es\/#website\"},\"primaryImageOfPage\":{\"@id\":\"https:\/\/iicolumnas.es\/index.php\/actualidad\/2017\/06\/14\/apertura-las-piscinas-municipales\/#primaryimage\"},\"image\":{\"@id\":\"https:\/\/iicolumnas.es\/index.php\/actualidad\/2017\/06\/14\/apertura-las-piscinas-municipales\/#primaryimage\"},\"thumbnailUrl\":\"https:\/\/iicolumnas.es\/wp-content\/uploads\/2017\/06\/info-piscinas.jpg\",\"datePublished\":\"2017-06-14T21:43:48+00:00\",\"author\":{\"@id\":\"https:\/\/iicolumnas.es\/#\/schema\/person\/a7ff663470be5c4a58b4056144602608\"},\"breadcrumb\":{\"@id\":\"https:\/\/iicolumnas.es\/index.php\/actualidad\/2017\/06\/14\/apertura-las-piscinas-municipales\/#breadcrumb\"},\"inLanguage\":\"es\",\"potentialAction\":[{\"@type\":\"ReadAction\",\"target\":[\"https:\/\/iicolumnas.es\/index.php\/actualidad\/2017\/06\/14\/apertura-las-piscinas-municipales\/\"]}]},{\"@type\":\"ImageObject\",\"inLanguage\":\"es\",\"@id\":\"https:\/\/iicolumnas.es\/index.php\/actualidad\/2017\/06\/14\/apertura-las-piscinas-municipales\/#primaryimage\",\"url\":\"https:\/\/iicolumnas.es\/wp-content\/uploads\/2017\/06\/info-piscinas.jpg\",\"contentUrl\":\"https:\/\/iicolumnas.es\/wp-content\/uploads\/2017\/06\/info-piscinas.jpg\",\"width\":534,\"height\":800},{\"@type\":\"BreadcrumbList\",\"@id\":\"https:\/\/iicolumnas.es\/index.php\/actualidad\/2017\/06\/14\/apertura-las-piscinas-municipales\/#breadcrumb\",\"itemListElement\":[{\"@type\":\"ListItem\",\"position\":1,\"name\":\"Portada\",\"item\":\"https:\/\/iicolumnas.es\/\"},{\"@type\":\"ListItem\",\"position\":2,\"name\":\"Actualidad\",\"item\":\"https:\/\/iicolumnas.es\/index.php\/category\/actualidad\/\"},{\"@type\":\"ListItem\",\"position\":3,\"name\":\"Apertura de las Piscinas Municipales\"}]},{\"@type\":\"WebSite\",\"@id\":\"https:\/\/iicolumnas.es\/#website\",\"url\":\"https:\/\/iicolumnas.es\/\",\"name\":\"Dos Columnas\",\"description\":\"El peri\u00f3dico de la villa de Cantalpino\",\"potentialAction\":[{\"@type\":\"SearchAction\",\"target\":{\"@type\":\"EntryPoint\",\"urlTemplate\":\"https:\/\/iicolumnas.es\/?s={search_term_string}\"},\"query-input\":{\"@type\":\"PropertyValueSpecification\",\"valueRequired\":true,\"valueName\":\"search_term_string\"}}],\"inLanguage\":\"es\"},{\"@type\":\"Person\",\"@id\":\"https:\/\/iicolumnas.es\/#\/schema\/person\/a7ff663470be5c4a58b4056144602608\",\"name\":\"Elisabeth Herrero\",\"image\":{\"@type\":\"ImageObject\",\"inLanguage\":\"es\",\"@id\":\"https:\/\/iicolumnas.es\/#\/schema\/person\/image\/\",\"url\":\"https:\/\/secure.gravatar.com\/avatar\/940d2d17ae8f8dbc80e004b6d5cf732529898723a62eb676e66b87e474e93db4?s=96&d=mm&r=g\",\"contentUrl\":\"https:\/\/secure.gravatar.com\/avatar\/940d2d17ae8f8dbc80e004b6d5cf732529898723a62eb676e66b87e474e93db4?s=96&d=mm&r=g\",\"caption\":\"Elisabeth Herrero\"}}]}<\/script>\n<!-- \/ Yoast SEO plugin. -->","yoast_head_json":{"title":"Apertura de las Piscinas Municipales - Dos Columnas","robots":{"index":"index","follow":"follow","max-snippet":"max-snippet:-1","max-image-preview":"max-image-preview:large","max-video-preview":"max-video-preview:-1"},"canonical":"https:\/\/iicolumnas.es\/index.php\/actualidad\/2017\/06\/14\/apertura-las-piscinas-municipales\/","og_locale":"es_ES","og_type":"article","og_title":"Apertura de las Piscinas Municipales - Dos Columnas","og_description":"Las Piscinas Municipales de Cantalpino abrir\u00e1n sus puertas el pr\u00f3ximo s\u00e1bado 17 de junio, d\u00eda que ser\u00e1 de entrada gratuita. A continuaci\u00f3n os dejamos toda la informaci\u00f3n y precios de los abonos disponibles para&#46;&#46;&#46;","og_url":"https:\/\/iicolumnas.es\/index.php\/actualidad\/2017\/06\/14\/apertura-las-piscinas-municipales\/","og_site_name":"Dos Columnas","article_publisher":"https:\/\/www.facebook.com\/iicolumnas\/","article_published_time":"2017-06-14T21:43:48+00:00","og_image":[{"width":534,"height":800,"url":"https:\/\/iicolumnas.es\/wp-content\/uploads\/2017\/06\/info-piscinas.jpg","type":"image\/jpeg"}],"author":"Elisabeth Herrero","twitter_card":"summary_large_image","twitter_creator":"@iicolumnas","twitter_site":"@iicolumnas","twitter_misc":{"Escrito por":"Elisabeth Herrero"},"schema":{"@context":"https:\/\/schema.org","@graph":[{"@type":"WebPage","@id":"https:\/\/iicolumnas.es\/index.php\/actualidad\/2017\/06\/14\/apertura-las-piscinas-municipales\/","url":"https:\/\/iicolumnas.es\/index.php\/actualidad\/2017\/06\/14\/apertura-las-piscinas-municipales\/","name":"Apertura de las Piscinas Municipales - Dos Columnas","isPartOf":{"@id":"https:\/\/iicolumnas.es\/#website"},"primaryImageOfPage":{"@id":"https:\/\/iicolumnas.es\/index.php\/actualidad\/2017\/06\/14\/apertura-las-piscinas-municipales\/#primaryimage"},"image":{"@id":"https:\/\/iicolumnas.es\/index.php\/actualidad\/2017\/06\/14\/apertura-las-piscinas-municipales\/#primaryimage"},"thumbnailUrl":"https:\/\/iicolumnas.es\/wp-content\/uploads\/2017\/06\/info-piscinas.jpg","datePublished":"2017-06-14T21:43:48+00:00","author":{"@id":"https:\/\/iicolumnas.es\/#\/schema\/person\/a7ff663470be5c4a58b4056144602608"},"breadcrumb":{"@id":"https:\/\/iicolumnas.es\/index.php\/actualidad\/2017\/06\/14\/apertura-las-piscinas-municipales\/#breadcrumb"},"inLanguage":"es","potentialAction":[{"@type":"ReadAction","target":["https:\/\/iicolumnas.es\/index.php\/actualidad\/2017\/06\/14\/apertura-las-piscinas-municipales\/"]}]},{"@type":"ImageObject","inLanguage":"es","@id":"https:\/\/iicolumnas.es\/index.php\/actualidad\/2017\/06\/14\/apertura-las-piscinas-municipales\/#primaryimage","url":"https:\/\/iicolumnas.es\/wp-content\/uploads\/2017\/06\/info-piscinas.jpg","contentUrl":"https:\/\/iicolumnas.es\/wp-content\/uploads\/2017\/06\/info-piscinas.jpg","width":534,"height":800},{"@type":"BreadcrumbList","@id":"https:\/\/iicolumnas.es\/index.php\/actualidad\/2017\/06\/14\/apertura-las-piscinas-municipales\/#breadcrumb","itemListElement":[{"@type":"ListItem","position":1,"name":"Portada","item":"https:\/\/iicolumnas.es\/"},{"@type":"ListItem","position":2,"name":"Actualidad","item":"https:\/\/iicolumnas.es\/index.php\/category\/actualidad\/"},{"@type":"ListItem","position":3,"name":"Apertura de las Piscinas Municipales"}]},{"@type":"WebSite","@id":"https:\/\/iicolumnas.es\/#website","url":"https:\/\/iicolumnas.es\/","name":"Dos Columnas","description":"El peri\u00f3dico de la villa de Cantalpino","potentialAction":[{"@type":"SearchAction","target":{"@type":"EntryPoint","urlTemplate":"https:\/\/iicolumnas.es\/?s={search_term_string}"},"query-input":{"@type":"PropertyValueSpecification","valueRequired":true,"valueName":"search_term_string"}}],"inLanguage":"es"},{"@type":"Person","@id":"https:\/\/iicolumnas.es\/#\/schema\/person\/a7ff663470be5c4a58b4056144602608","name":"Elisabeth Herrero","image":{"@type":"ImageObject","inLanguage":"es","@id":"https:\/\/iicolumnas.es\/#\/schema\/person\/image\/","url":"https:\/\/secure.gravatar.com\/avatar\/940d2d17ae8f8dbc80e004b6d5cf732529898723a62eb676e66b87e474e93db4?s=96&d=mm&r=g","contentUrl":"https:\/\/secure.gravatar.com\/avatar\/940d2d17ae8f8dbc80e004b6d5cf732529898723a62eb676e66b87e474e93db4?s=96&d=mm&r=g","caption":"Elisabeth Herrero"}}]}},"_links":{"self":[{"href":"https:\/\/iicolumnas.es\/index.php\/wp-json\/wp\/v2\/posts\/11816","targetHints":{"allow":["GET"]}}],"collection":[{"href":"https:\/\/iicolumnas.es\/index.php\/wp-json\/wp\/v2\/posts"}],"about":[{"href":"https:\/\/iicolumnas.es\/index.php\/wp-json\/wp\/v2\/types\/post"}],"author":[{"embeddable":true,"href":"https:\/\/iicolumnas.es\/index.php\/wp-json\/wp\/v2\/users\/11"}],"replies":[{"embeddable":true,"href":"https:\/\/iicolumnas.es\/index.php\/wp-json\/wp\/v2\/comments?post=11816"}],"version-history":[{"count":2,"href":"https:\/\/iicolumnas.es\/index.php\/wp-json\/wp\/v2\/posts\/11816\/revisions"}],"predecessor-version":[{"id":11819,"href":"https:\/\/iicolumnas.es\/index.php\/wp-json\/wp\/v2\/posts\/11816\/revisions\/11819"}],"wp:featuredmedia":[{"embeddable":true,"href":"https:\/\/iicolumnas.es\/index.php\/wp-json\/wp\/v2\/media\/11818"}],"wp:attachment":[{"href":"https:\/\/iicolumnas.es\/index.php\/wp-json\/wp\/v2\/media?parent=11816"}],"wp:term":[{"taxonomy":"category","embeddable":true,"href":"https:\/\/iicolumnas.es\/index.php\/wp-json\/wp\/v2\/categories?post=11816"},{"taxonomy":"post_tag","embeddable":true,"href":"https:\/\/iicolumnas.es\/index.php\/wp-json\/wp\/v2\/tags?post=11816"}],"curies":[{"name":"wp","href":"https:\/\/api.w.org\/{rel}","templated":true}]}}