{"id":11540,"date":"2017-05-28T20:00:30","date_gmt":"2017-05-28T20:00:30","guid":{"rendered":"https:\/\/iicolumnas.es\/?p=11540"},"modified":"2017-06-01T14:14:38","modified_gmt":"2017-06-01T14:14:38","slug":"felicidades-miguel","status":"publish","type":"post","link":"https:\/\/iicolumnas.es\/index.php\/celebraciones\/2017\/05\/28\/felicidades-miguel\/","title":{"rendered":"\u00a1Feliz cumplea\u00f1os Miguel!"},"content":{"rendered":"<p style=\"text-align: justify;\">Desde Dos Columnas queremos felicitar por su cumplea\u00f1os a un integrante del peri\u00f3dico, aunque m\u00e1s que un compa\u00f1ero, es un amigo, no solo nuestro sino del pueblo en general. Miguel \u00c1ngel Marcos es una de las mejores personas que te podr\u00e1s encontrar en esta vida, siempre est\u00e1 dispuesto a ayudar a los dem\u00e1s. Quiz\u00e1s su mayor defecto es que pasa demasiado tiempo en el trabajo aunque para los dem\u00e1s es una virtud, ya que as\u00ed casi siempre tenemos la oportunidad de pasar tiempo con el. Su hermana Mari Carmen, la familia, los grupos de WhatsApp &#8216;Verbena porque si&#8217;, &#8216;Gastronom\u00eda&#8217; y &#8216;La milla verde&#8217;, queremos desearte de todo coraz\u00f3n \u00a1Feliz Cumplea\u00f1os!<img loading=\"lazy\" decoding=\"async\" class=\"alignnone size-full wp-image-11546\" src=\"https:\/\/iicolumnas.es\/wp-content\/uploads\/2017\/05\/miguel_mayo_2017.jpg\" alt=\"Miguel_mayo_2017\" width=\"450\" height=\"800\" srcset=\"https:\/\/iicolumnas.es\/wp-content\/uploads\/2017\/05\/miguel_mayo_2017.jpg 450w, https:\/\/iicolumnas.es\/wp-content\/uploads\/2017\/05\/miguel_mayo_2017-169x300.jpg 169w\" sizes=\"auto, (max-width: 450px) 100vw, 450px\" \/><\/p>\n","protected":false},"excerpt":{"rendered":"<p>Desde Dos Columnas queremos felicitar por su cumplea\u00f1os a un integrante del peri\u00f3dico, aunque m\u00e1s que un compa\u00f1ero, es un amigo, no solo nuestro sino del pueblo en general. Miguel \u00c1ngel Marcos es una&#46;&#46;&#46;<\/p>\n","protected":false},"author":18,"featured_media":11545,"comment_status":"open","ping_status":"open","sticky":false,"template":"","format":"standard","meta":{"footnotes":""},"categories":[16,88],"tags":[358,1267,378],"class_list":["post-11540","post","type-post","status-publish","format-standard","has-post-thumbnail","hentry","category-celebraciones","category-cumpleanos","tag-bar-espana-cantalpino","tag-mayo-2017","tag-miguel"],"yoast_head":"<!-- This site is optimized with the Yoast SEO plugin v26.6 - https:\/\/yoast.com\/wordpress\/plugins\/seo\/ -->\n<title>\u00a1Feliz cumplea\u00f1os Miguel! - Dos Columnas<\/title>\n<meta name=\"robots\" content=\"index, follow, max-snippet:-1, max-image-preview:large, max-video-preview:-1\" \/>\n<link rel=\"canonical\" href=\"https:\/\/iicolumnas.es\/index.php\/celebraciones\/2017\/05\/28\/felicidades-miguel\/\" \/>\n<meta property=\"og:locale\" content=\"es_ES\" \/>\n<meta property=\"og:type\" content=\"article\" \/>\n<meta property=\"og:title\" content=\"\u00a1Feliz cumplea\u00f1os Miguel! - Dos Columnas\" \/>\n<meta property=\"og:description\" content=\"Desde Dos Columnas queremos felicitar por su cumplea\u00f1os a un integrante del peri\u00f3dico, aunque m\u00e1s que un compa\u00f1ero, es un amigo, no solo nuestro sino del pueblo en general. Miguel \u00c1ngel Marcos es una&#046;&#046;&#046;\" \/>\n<meta property=\"og:url\" content=\"https:\/\/iicolumnas.es\/index.php\/celebraciones\/2017\/05\/28\/felicidades-miguel\/\" \/>\n<meta property=\"og:site_name\" content=\"Dos Columnas\" \/>\n<meta property=\"article:publisher\" content=\"https:\/\/www.facebook.com\/iicolumnas\/\" \/>\n<meta property=\"article:published_time\" content=\"2017-05-28T20:00:30+00:00\" \/>\n<meta property=\"article:modified_time\" content=\"2017-06-01T14:14:38+00:00\" \/>\n<meta property=\"og:image\" content=\"https:\/\/iicolumnas.es\/wp-content\/uploads\/2017\/05\/miguel_mayo_20172.jpg\" \/>\n\t<meta property=\"og:image:width\" content=\"600\" \/>\n\t<meta property=\"og:image:height\" content=\"800\" \/>\n\t<meta property=\"og:image:type\" content=\"image\/jpeg\" \/>\n<meta name=\"author\" content=\"Lucia Pedroso\" \/>\n<meta name=\"twitter:card\" content=\"summary_large_image\" \/>\n<meta name=\"twitter:creator\" content=\"@iicolumnas\" \/>\n<meta name=\"twitter:site\" content=\"@iicolumnas\" \/>\n<meta name=\"twitter:label1\" content=\"Escrito por\" \/>\n\t<meta name=\"twitter:data1\" content=\"Lucia Pedroso\" \/>\n\t<meta name=\"twitter:label2\" content=\"Tiempo de lectura\" \/>\n\t<meta name=\"twitter:data2\" content=\"1 minuto\" \/>\n<script type=\"application\/ld+json\" class=\"yoast-schema-graph\">{\"@context\":\"https:\/\/schema.org\",\"@graph\":[{\"@type\":\"WebPage\",\"@id\":\"https:\/\/iicolumnas.es\/index.php\/celebraciones\/2017\/05\/28\/felicidades-miguel\/\",\"url\":\"https:\/\/iicolumnas.es\/index.php\/celebraciones\/2017\/05\/28\/felicidades-miguel\/\",\"name\":\"\u00a1Feliz cumplea\u00f1os Miguel! - Dos Columnas\",\"isPartOf\":{\"@id\":\"https:\/\/iicolumnas.es\/#website\"},\"primaryImageOfPage\":{\"@id\":\"https:\/\/iicolumnas.es\/index.php\/celebraciones\/2017\/05\/28\/felicidades-miguel\/#primaryimage\"},\"image\":{\"@id\":\"https:\/\/iicolumnas.es\/index.php\/celebraciones\/2017\/05\/28\/felicidades-miguel\/#primaryimage\"},\"thumbnailUrl\":\"https:\/\/iicolumnas.es\/wp-content\/uploads\/2017\/05\/miguel_mayo_20172.jpg\",\"datePublished\":\"2017-05-28T20:00:30+00:00\",\"dateModified\":\"2017-06-01T14:14:38+00:00\",\"author\":{\"@id\":\"https:\/\/iicolumnas.es\/#\/schema\/person\/703e12a73a5090b041b461663c8f0531\"},\"breadcrumb\":{\"@id\":\"https:\/\/iicolumnas.es\/index.php\/celebraciones\/2017\/05\/28\/felicidades-miguel\/#breadcrumb\"},\"inLanguage\":\"es\",\"potentialAction\":[{\"@type\":\"ReadAction\",\"target\":[\"https:\/\/iicolumnas.es\/index.php\/celebraciones\/2017\/05\/28\/felicidades-miguel\/\"]}]},{\"@type\":\"ImageObject\",\"inLanguage\":\"es\",\"@id\":\"https:\/\/iicolumnas.es\/index.php\/celebraciones\/2017\/05\/28\/felicidades-miguel\/#primaryimage\",\"url\":\"https:\/\/iicolumnas.es\/wp-content\/uploads\/2017\/05\/miguel_mayo_20172.jpg\",\"contentUrl\":\"https:\/\/iicolumnas.es\/wp-content\/uploads\/2017\/05\/miguel_mayo_20172.jpg\",\"width\":\"600\",\"height\":\"800\"},{\"@type\":\"BreadcrumbList\",\"@id\":\"https:\/\/iicolumnas.es\/index.php\/celebraciones\/2017\/05\/28\/felicidades-miguel\/#breadcrumb\",\"itemListElement\":[{\"@type\":\"ListItem\",\"position\":1,\"name\":\"Portada\",\"item\":\"https:\/\/iicolumnas.es\/\"},{\"@type\":\"ListItem\",\"position\":2,\"name\":\"Celebraciones\",\"item\":\"https:\/\/iicolumnas.es\/index.php\/category\/celebraciones\/\"},{\"@type\":\"ListItem\",\"position\":3,\"name\":\"Cumplea\u00f1os\",\"item\":\"https:\/\/iicolumnas.es\/index.php\/category\/celebraciones\/cumpleanos\/\"},{\"@type\":\"ListItem\",\"position\":4,\"name\":\"\u00a1Feliz cumplea\u00f1os Miguel!\"}]},{\"@type\":\"WebSite\",\"@id\":\"https:\/\/iicolumnas.es\/#website\",\"url\":\"https:\/\/iicolumnas.es\/\",\"name\":\"Dos Columnas\",\"description\":\"El peri\u00f3dico de la villa de Cantalpino\",\"potentialAction\":[{\"@type\":\"SearchAction\",\"target\":{\"@type\":\"EntryPoint\",\"urlTemplate\":\"https:\/\/iicolumnas.es\/?s={search_term_string}\"},\"query-input\":{\"@type\":\"PropertyValueSpecification\",\"valueRequired\":true,\"valueName\":\"search_term_string\"}}],\"inLanguage\":\"es\"},{\"@type\":\"Person\",\"@id\":\"https:\/\/iicolumnas.es\/#\/schema\/person\/703e12a73a5090b041b461663c8f0531\",\"name\":\"Lucia Pedroso\",\"image\":{\"@type\":\"ImageObject\",\"inLanguage\":\"es\",\"@id\":\"https:\/\/iicolumnas.es\/#\/schema\/person\/image\/\",\"url\":\"https:\/\/secure.gravatar.com\/avatar\/c6e08a497120c58e110f9fc761b0fe771e7120ebcb2789302216f51d5c9243cc?s=96&d=mm&r=g\",\"contentUrl\":\"https:\/\/secure.gravatar.com\/avatar\/c6e08a497120c58e110f9fc761b0fe771e7120ebcb2789302216f51d5c9243cc?s=96&d=mm&r=g\",\"caption\":\"Lucia Pedroso\"}}]}<\/script>\n<!-- \/ Yoast SEO plugin. -->","yoast_head_json":{"title":"\u00a1Feliz cumplea\u00f1os Miguel! - Dos Columnas","robots":{"index":"index","follow":"follow","max-snippet":"max-snippet:-1","max-image-preview":"max-image-preview:large","max-video-preview":"max-video-preview:-1"},"canonical":"https:\/\/iicolumnas.es\/index.php\/celebraciones\/2017\/05\/28\/felicidades-miguel\/","og_locale":"es_ES","og_type":"article","og_title":"\u00a1Feliz cumplea\u00f1os Miguel! - Dos Columnas","og_description":"Desde Dos Columnas queremos felicitar por su cumplea\u00f1os a un integrante del peri\u00f3dico, aunque m\u00e1s que un compa\u00f1ero, es un amigo, no solo nuestro sino del pueblo en general. Miguel \u00c1ngel Marcos es una&#46;&#46;&#46;","og_url":"https:\/\/iicolumnas.es\/index.php\/celebraciones\/2017\/05\/28\/felicidades-miguel\/","og_site_name":"Dos Columnas","article_publisher":"https:\/\/www.facebook.com\/iicolumnas\/","article_published_time":"2017-05-28T20:00:30+00:00","article_modified_time":"2017-06-01T14:14:38+00:00","og_image":[{"width":600,"height":800,"url":"https:\/\/iicolumnas.es\/wp-content\/uploads\/2017\/05\/miguel_mayo_20172.jpg","type":"image\/jpeg"}],"author":"Lucia Pedroso","twitter_card":"summary_large_image","twitter_creator":"@iicolumnas","twitter_site":"@iicolumnas","twitter_misc":{"Escrito por":"Lucia Pedroso","Tiempo de lectura":"1 minuto"},"schema":{"@context":"https:\/\/schema.org","@graph":[{"@type":"WebPage","@id":"https:\/\/iicolumnas.es\/index.php\/celebraciones\/2017\/05\/28\/felicidades-miguel\/","url":"https:\/\/iicolumnas.es\/index.php\/celebraciones\/2017\/05\/28\/felicidades-miguel\/","name":"\u00a1Feliz cumplea\u00f1os Miguel! - Dos Columnas","isPartOf":{"@id":"https:\/\/iicolumnas.es\/#website"},"primaryImageOfPage":{"@id":"https:\/\/iicolumnas.es\/index.php\/celebraciones\/2017\/05\/28\/felicidades-miguel\/#primaryimage"},"image":{"@id":"https:\/\/iicolumnas.es\/index.php\/celebraciones\/2017\/05\/28\/felicidades-miguel\/#primaryimage"},"thumbnailUrl":"https:\/\/iicolumnas.es\/wp-content\/uploads\/2017\/05\/miguel_mayo_20172.jpg","datePublished":"2017-05-28T20:00:30+00:00","dateModified":"2017-06-01T14:14:38+00:00","author":{"@id":"https:\/\/iicolumnas.es\/#\/schema\/person\/703e12a73a5090b041b461663c8f0531"},"breadcrumb":{"@id":"https:\/\/iicolumnas.es\/index.php\/celebraciones\/2017\/05\/28\/felicidades-miguel\/#breadcrumb"},"inLanguage":"es","potentialAction":[{"@type":"ReadAction","target":["https:\/\/iicolumnas.es\/index.php\/celebraciones\/2017\/05\/28\/felicidades-miguel\/"]}]},{"@type":"ImageObject","inLanguage":"es","@id":"https:\/\/iicolumnas.es\/index.php\/celebraciones\/2017\/05\/28\/felicidades-miguel\/#primaryimage","url":"https:\/\/iicolumnas.es\/wp-content\/uploads\/2017\/05\/miguel_mayo_20172.jpg","contentUrl":"https:\/\/iicolumnas.es\/wp-content\/uploads\/2017\/05\/miguel_mayo_20172.jpg","width":"600","height":"800"},{"@type":"BreadcrumbList","@id":"https:\/\/iicolumnas.es\/index.php\/celebraciones\/2017\/05\/28\/felicidades-miguel\/#breadcrumb","itemListElement":[{"@type":"ListItem","position":1,"name":"Portada","item":"https:\/\/iicolumnas.es\/"},{"@type":"ListItem","position":2,"name":"Celebraciones","item":"https:\/\/iicolumnas.es\/index.php\/category\/celebraciones\/"},{"@type":"ListItem","position":3,"name":"Cumplea\u00f1os","item":"https:\/\/iicolumnas.es\/index.php\/category\/celebraciones\/cumpleanos\/"},{"@type":"ListItem","position":4,"name":"\u00a1Feliz cumplea\u00f1os Miguel!"}]},{"@type":"WebSite","@id":"https:\/\/iicolumnas.es\/#website","url":"https:\/\/iicolumnas.es\/","name":"Dos Columnas","description":"El peri\u00f3dico de la villa de Cantalpino","potentialAction":[{"@type":"SearchAction","target":{"@type":"EntryPoint","urlTemplate":"https:\/\/iicolumnas.es\/?s={search_term_string}"},"query-input":{"@type":"PropertyValueSpecification","valueRequired":true,"valueName":"search_term_string"}}],"inLanguage":"es"},{"@type":"Person","@id":"https:\/\/iicolumnas.es\/#\/schema\/person\/703e12a73a5090b041b461663c8f0531","name":"Lucia Pedroso","image":{"@type":"ImageObject","inLanguage":"es","@id":"https:\/\/iicolumnas.es\/#\/schema\/person\/image\/","url":"https:\/\/secure.gravatar.com\/avatar\/c6e08a497120c58e110f9fc761b0fe771e7120ebcb2789302216f51d5c9243cc?s=96&d=mm&r=g","contentUrl":"https:\/\/secure.gravatar.com\/avatar\/c6e08a497120c58e110f9fc761b0fe771e7120ebcb2789302216f51d5c9243cc?s=96&d=mm&r=g","caption":"Lucia Pedroso"}}]}},"_links":{"self":[{"href":"https:\/\/iicolumnas.es\/index.php\/wp-json\/wp\/v2\/posts\/11540","targetHints":{"allow":["GET"]}}],"collection":[{"href":"https:\/\/iicolumnas.es\/index.php\/wp-json\/wp\/v2\/posts"}],"about":[{"href":"https:\/\/iicolumnas.es\/index.php\/wp-json\/wp\/v2\/types\/post"}],"author":[{"embeddable":true,"href":"https:\/\/iicolumnas.es\/index.php\/wp-json\/wp\/v2\/users\/18"}],"replies":[{"embeddable":true,"href":"https:\/\/iicolumnas.es\/index.php\/wp-json\/wp\/v2\/comments?post=11540"}],"version-history":[{"count":7,"href":"https:\/\/iicolumnas.es\/index.php\/wp-json\/wp\/v2\/posts\/11540\/revisions"}],"predecessor-version":[{"id":11637,"href":"https:\/\/iicolumnas.es\/index.php\/wp-json\/wp\/v2\/posts\/11540\/revisions\/11637"}],"wp:featuredmedia":[{"embeddable":true,"href":"https:\/\/iicolumnas.es\/index.php\/wp-json\/wp\/v2\/media\/11545"}],"wp:attachment":[{"href":"https:\/\/iicolumnas.es\/index.php\/wp-json\/wp\/v2\/media?parent=11540"}],"wp:term":[{"taxonomy":"category","embeddable":true,"href":"https:\/\/iicolumnas.es\/index.php\/wp-json\/wp\/v2\/categories?post=11540"},{"taxonomy":"post_tag","embeddable":true,"href":"https:\/\/iicolumnas.es\/index.php\/wp-json\/wp\/v2\/tags?post=11540"}],"curies":[{"name":"wp","href":"https:\/\/api.w.org\/{rel}","templated":true}]}}