{"id":11511,"date":"2017-05-26T20:13:09","date_gmt":"2017-05-26T20:13:09","guid":{"rendered":"https:\/\/iicolumnas.es\/?p=11511"},"modified":"2017-05-29T15:25:38","modified_gmt":"2017-05-29T15:25:38","slug":"una-boda-recuerdo","status":"publish","type":"post","link":"https:\/\/iicolumnas.es\/index.php\/antano-maricastano\/2017\/05\/26\/una-boda-recuerdo\/","title":{"rendered":"Una boda en el recuerdo"},"content":{"rendered":"<p><img loading=\"lazy\" decoding=\"async\" class=\"alignnone wp-image-11512 size-full alignright\" src=\"https:\/\/iicolumnas.es\/wp-content\/uploads\/2017\/05\/boda-nacha-y-juan-1.png\" alt=\"Boda Nacha y Juan-1\" width=\"800\" height=\"573\" srcset=\"https:\/\/iicolumnas.es\/wp-content\/uploads\/2017\/05\/boda-nacha-y-juan-1.png 800w, https:\/\/iicolumnas.es\/wp-content\/uploads\/2017\/05\/boda-nacha-y-juan-1-300x215.png 300w\" sizes=\"auto, (max-width: 800px) 100vw, 800px\" \/><\/p>\n<p style=\"text-align: justify;\">Hoy echamos la vista atr\u00e1s para recordar la boda de Juan Mart\u00edn e Ignacia Saez, aunque sus familiares, seres queridos y conocidos, la llamaban Nacha. Si a\u00fan no los identifican os diremos que este matrimonio tuvo dos hijos Juan Ignacio y Miguel \u00c1ngel.<\/p>\n<p style=\"text-align: justify;\">Fue en la d\u00e9cada de los 50 cuando contrajeron matrimonio, debido a la antig\u00fcedad de la foto tan solo hemos podido reconocer a la pareja de reci\u00e9n casados y la que fue madre de la novia, Tomasa, que se encuentra a su izquierda con un pa\u00f1uelo negro atado en el cuello.<\/p>\n<p style=\"text-align: justify;\">Desde Dos Columnas os animamos a que nos ayud\u00e9is a identificar al resto de personas \u00a0que aparece en la foto.<\/p>\n<p style=\"text-align: justify;\">Os recordados que nos pod\u00e9is \u00a0mandar vuestras antiguas fotos por e-mail a iicolumnas@gmail.com o pod\u00e9is poneros en contacto con alg\u00fan miembro del peri\u00f3dico para compartir con todos nosotros vuestros antiguos recuerdos.<\/p>\n<div id=\"attachment_11513\" style=\"width: 810px\" class=\"wp-caption alignnone\"><img loading=\"lazy\" decoding=\"async\" aria-describedby=\"caption-attachment-11513\" class=\"wp-image-11513 size-full\" src=\"https:\/\/iicolumnas.es\/wp-content\/uploads\/2017\/05\/boda-nacha-y-juan-atras.png\" alt=\"Boda Nacha y Juan (atras)\" width=\"800\" height=\"576\" srcset=\"https:\/\/iicolumnas.es\/wp-content\/uploads\/2017\/05\/boda-nacha-y-juan-atras.png 800w, https:\/\/iicolumnas.es\/wp-content\/uploads\/2017\/05\/boda-nacha-y-juan-atras-300x216.png 300w\" sizes=\"auto, (max-width: 800px) 100vw, 800px\" \/><p id=\"caption-attachment-11513\" class=\"wp-caption-text\">Parte trasera de la foto<\/p><\/div>\n","protected":false},"excerpt":{"rendered":"<p>Hoy echamos la vista atr\u00e1s para recordar la boda de Juan Mart\u00edn e Ignacia Saez, aunque sus familiares, seres queridos y conocidos, la llamaban Nacha. Si a\u00fan no los identifican os diremos que este&#46;&#46;&#46;<\/p>\n","protected":false},"author":18,"featured_media":11512,"comment_status":"open","ping_status":"open","sticky":false,"template":"","format":"standard","meta":{"footnotes":""},"categories":[5],"tags":[18,310,14,1315,1267],"class_list":["post-11511","post","type-post","status-publish","format-standard","has-post-thumbnail","hentry","category-antano-maricastano","tag-antano-maricastano","tag-boda","tag-cantalpino","tag-juan-y-nacha","tag-mayo-2017"],"yoast_head":"<!-- This site is optimized with the Yoast SEO plugin v26.6 - https:\/\/yoast.com\/wordpress\/plugins\/seo\/ -->\n<title>Una boda en el recuerdo - Dos Columnas<\/title>\n<meta name=\"robots\" content=\"index, follow, max-snippet:-1, max-image-preview:large, max-video-preview:-1\" \/>\n<link rel=\"canonical\" href=\"https:\/\/iicolumnas.es\/index.php\/antano-maricastano\/2017\/05\/26\/una-boda-recuerdo\/\" \/>\n<meta property=\"og:locale\" content=\"es_ES\" \/>\n<meta property=\"og:type\" content=\"article\" \/>\n<meta property=\"og:title\" content=\"Una boda en el recuerdo - Dos Columnas\" \/>\n<meta property=\"og:description\" content=\"Hoy echamos la vista atr\u00e1s para recordar la boda de Juan Mart\u00edn e Ignacia Saez, aunque sus familiares, seres queridos y conocidos, la llamaban Nacha. Si a\u00fan no los identifican os diremos que este&#046;&#046;&#046;\" \/>\n<meta property=\"og:url\" content=\"https:\/\/iicolumnas.es\/index.php\/antano-maricastano\/2017\/05\/26\/una-boda-recuerdo\/\" \/>\n<meta property=\"og:site_name\" content=\"Dos Columnas\" \/>\n<meta property=\"article:publisher\" content=\"https:\/\/www.facebook.com\/iicolumnas\/\" \/>\n<meta property=\"article:published_time\" content=\"2017-05-26T20:13:09+00:00\" \/>\n<meta property=\"article:modified_time\" content=\"2017-05-29T15:25:38+00:00\" \/>\n<meta property=\"og:image\" content=\"https:\/\/iicolumnas.es\/wp-content\/uploads\/2017\/05\/boda-nacha-y-juan-1.png\" \/>\n\t<meta property=\"og:image:width\" content=\"800\" \/>\n\t<meta property=\"og:image:height\" content=\"573\" \/>\n\t<meta property=\"og:image:type\" content=\"image\/png\" \/>\n<meta name=\"author\" content=\"Lucia Pedroso\" \/>\n<meta name=\"twitter:card\" content=\"summary_large_image\" \/>\n<meta name=\"twitter:creator\" content=\"@iicolumnas\" \/>\n<meta name=\"twitter:site\" content=\"@iicolumnas\" \/>\n<meta name=\"twitter:label1\" content=\"Escrito por\" \/>\n\t<meta name=\"twitter:data1\" content=\"Lucia Pedroso\" \/>\n\t<meta name=\"twitter:label2\" content=\"Tiempo de lectura\" \/>\n\t<meta name=\"twitter:data2\" content=\"1 minuto\" \/>\n<script type=\"application\/ld+json\" class=\"yoast-schema-graph\">{\"@context\":\"https:\/\/schema.org\",\"@graph\":[{\"@type\":\"WebPage\",\"@id\":\"https:\/\/iicolumnas.es\/index.php\/antano-maricastano\/2017\/05\/26\/una-boda-recuerdo\/\",\"url\":\"https:\/\/iicolumnas.es\/index.php\/antano-maricastano\/2017\/05\/26\/una-boda-recuerdo\/\",\"name\":\"Una boda en el recuerdo - Dos Columnas\",\"isPartOf\":{\"@id\":\"https:\/\/iicolumnas.es\/#website\"},\"primaryImageOfPage\":{\"@id\":\"https:\/\/iicolumnas.es\/index.php\/antano-maricastano\/2017\/05\/26\/una-boda-recuerdo\/#primaryimage\"},\"image\":{\"@id\":\"https:\/\/iicolumnas.es\/index.php\/antano-maricastano\/2017\/05\/26\/una-boda-recuerdo\/#primaryimage\"},\"thumbnailUrl\":\"https:\/\/iicolumnas.es\/wp-content\/uploads\/2017\/05\/boda-nacha-y-juan-1.png\",\"datePublished\":\"2017-05-26T20:13:09+00:00\",\"dateModified\":\"2017-05-29T15:25:38+00:00\",\"author\":{\"@id\":\"https:\/\/iicolumnas.es\/#\/schema\/person\/703e12a73a5090b041b461663c8f0531\"},\"breadcrumb\":{\"@id\":\"https:\/\/iicolumnas.es\/index.php\/antano-maricastano\/2017\/05\/26\/una-boda-recuerdo\/#breadcrumb\"},\"inLanguage\":\"es\",\"potentialAction\":[{\"@type\":\"ReadAction\",\"target\":[\"https:\/\/iicolumnas.es\/index.php\/antano-maricastano\/2017\/05\/26\/una-boda-recuerdo\/\"]}]},{\"@type\":\"ImageObject\",\"inLanguage\":\"es\",\"@id\":\"https:\/\/iicolumnas.es\/index.php\/antano-maricastano\/2017\/05\/26\/una-boda-recuerdo\/#primaryimage\",\"url\":\"https:\/\/iicolumnas.es\/wp-content\/uploads\/2017\/05\/boda-nacha-y-juan-1.png\",\"contentUrl\":\"https:\/\/iicolumnas.es\/wp-content\/uploads\/2017\/05\/boda-nacha-y-juan-1.png\",\"width\":\"800\",\"height\":\"573\"},{\"@type\":\"BreadcrumbList\",\"@id\":\"https:\/\/iicolumnas.es\/index.php\/antano-maricastano\/2017\/05\/26\/una-boda-recuerdo\/#breadcrumb\",\"itemListElement\":[{\"@type\":\"ListItem\",\"position\":1,\"name\":\"Portada\",\"item\":\"https:\/\/iicolumnas.es\/\"},{\"@type\":\"ListItem\",\"position\":2,\"name\":\"Actualidad\",\"item\":\"https:\/\/iicolumnas.es\/index.php\/category\/actualidad\/\"},{\"@type\":\"ListItem\",\"position\":3,\"name\":\"Una boda en el recuerdo\"}]},{\"@type\":\"WebSite\",\"@id\":\"https:\/\/iicolumnas.es\/#website\",\"url\":\"https:\/\/iicolumnas.es\/\",\"name\":\"Dos Columnas\",\"description\":\"El peri\u00f3dico de la villa de Cantalpino\",\"potentialAction\":[{\"@type\":\"SearchAction\",\"target\":{\"@type\":\"EntryPoint\",\"urlTemplate\":\"https:\/\/iicolumnas.es\/?s={search_term_string}\"},\"query-input\":{\"@type\":\"PropertyValueSpecification\",\"valueRequired\":true,\"valueName\":\"search_term_string\"}}],\"inLanguage\":\"es\"},{\"@type\":\"Person\",\"@id\":\"https:\/\/iicolumnas.es\/#\/schema\/person\/703e12a73a5090b041b461663c8f0531\",\"name\":\"Lucia Pedroso\",\"image\":{\"@type\":\"ImageObject\",\"inLanguage\":\"es\",\"@id\":\"https:\/\/iicolumnas.es\/#\/schema\/person\/image\/\",\"url\":\"https:\/\/secure.gravatar.com\/avatar\/c6e08a497120c58e110f9fc761b0fe771e7120ebcb2789302216f51d5c9243cc?s=96&d=mm&r=g\",\"contentUrl\":\"https:\/\/secure.gravatar.com\/avatar\/c6e08a497120c58e110f9fc761b0fe771e7120ebcb2789302216f51d5c9243cc?s=96&d=mm&r=g\",\"caption\":\"Lucia Pedroso\"}}]}<\/script>\n<!-- \/ Yoast SEO plugin. -->","yoast_head_json":{"title":"Una boda en el recuerdo - Dos Columnas","robots":{"index":"index","follow":"follow","max-snippet":"max-snippet:-1","max-image-preview":"max-image-preview:large","max-video-preview":"max-video-preview:-1"},"canonical":"https:\/\/iicolumnas.es\/index.php\/antano-maricastano\/2017\/05\/26\/una-boda-recuerdo\/","og_locale":"es_ES","og_type":"article","og_title":"Una boda en el recuerdo - Dos Columnas","og_description":"Hoy echamos la vista atr\u00e1s para recordar la boda de Juan Mart\u00edn e Ignacia Saez, aunque sus familiares, seres queridos y conocidos, la llamaban Nacha. Si a\u00fan no los identifican os diremos que este&#46;&#46;&#46;","og_url":"https:\/\/iicolumnas.es\/index.php\/antano-maricastano\/2017\/05\/26\/una-boda-recuerdo\/","og_site_name":"Dos Columnas","article_publisher":"https:\/\/www.facebook.com\/iicolumnas\/","article_published_time":"2017-05-26T20:13:09+00:00","article_modified_time":"2017-05-29T15:25:38+00:00","og_image":[{"width":800,"height":573,"url":"https:\/\/iicolumnas.es\/wp-content\/uploads\/2017\/05\/boda-nacha-y-juan-1.png","type":"image\/png"}],"author":"Lucia Pedroso","twitter_card":"summary_large_image","twitter_creator":"@iicolumnas","twitter_site":"@iicolumnas","twitter_misc":{"Escrito por":"Lucia Pedroso","Tiempo de lectura":"1 minuto"},"schema":{"@context":"https:\/\/schema.org","@graph":[{"@type":"WebPage","@id":"https:\/\/iicolumnas.es\/index.php\/antano-maricastano\/2017\/05\/26\/una-boda-recuerdo\/","url":"https:\/\/iicolumnas.es\/index.php\/antano-maricastano\/2017\/05\/26\/una-boda-recuerdo\/","name":"Una boda en el recuerdo - Dos Columnas","isPartOf":{"@id":"https:\/\/iicolumnas.es\/#website"},"primaryImageOfPage":{"@id":"https:\/\/iicolumnas.es\/index.php\/antano-maricastano\/2017\/05\/26\/una-boda-recuerdo\/#primaryimage"},"image":{"@id":"https:\/\/iicolumnas.es\/index.php\/antano-maricastano\/2017\/05\/26\/una-boda-recuerdo\/#primaryimage"},"thumbnailUrl":"https:\/\/iicolumnas.es\/wp-content\/uploads\/2017\/05\/boda-nacha-y-juan-1.png","datePublished":"2017-05-26T20:13:09+00:00","dateModified":"2017-05-29T15:25:38+00:00","author":{"@id":"https:\/\/iicolumnas.es\/#\/schema\/person\/703e12a73a5090b041b461663c8f0531"},"breadcrumb":{"@id":"https:\/\/iicolumnas.es\/index.php\/antano-maricastano\/2017\/05\/26\/una-boda-recuerdo\/#breadcrumb"},"inLanguage":"es","potentialAction":[{"@type":"ReadAction","target":["https:\/\/iicolumnas.es\/index.php\/antano-maricastano\/2017\/05\/26\/una-boda-recuerdo\/"]}]},{"@type":"ImageObject","inLanguage":"es","@id":"https:\/\/iicolumnas.es\/index.php\/antano-maricastano\/2017\/05\/26\/una-boda-recuerdo\/#primaryimage","url":"https:\/\/iicolumnas.es\/wp-content\/uploads\/2017\/05\/boda-nacha-y-juan-1.png","contentUrl":"https:\/\/iicolumnas.es\/wp-content\/uploads\/2017\/05\/boda-nacha-y-juan-1.png","width":"800","height":"573"},{"@type":"BreadcrumbList","@id":"https:\/\/iicolumnas.es\/index.php\/antano-maricastano\/2017\/05\/26\/una-boda-recuerdo\/#breadcrumb","itemListElement":[{"@type":"ListItem","position":1,"name":"Portada","item":"https:\/\/iicolumnas.es\/"},{"@type":"ListItem","position":2,"name":"Actualidad","item":"https:\/\/iicolumnas.es\/index.php\/category\/actualidad\/"},{"@type":"ListItem","position":3,"name":"Una boda en el recuerdo"}]},{"@type":"WebSite","@id":"https:\/\/iicolumnas.es\/#website","url":"https:\/\/iicolumnas.es\/","name":"Dos Columnas","description":"El peri\u00f3dico de la villa de Cantalpino","potentialAction":[{"@type":"SearchAction","target":{"@type":"EntryPoint","urlTemplate":"https:\/\/iicolumnas.es\/?s={search_term_string}"},"query-input":{"@type":"PropertyValueSpecification","valueRequired":true,"valueName":"search_term_string"}}],"inLanguage":"es"},{"@type":"Person","@id":"https:\/\/iicolumnas.es\/#\/schema\/person\/703e12a73a5090b041b461663c8f0531","name":"Lucia Pedroso","image":{"@type":"ImageObject","inLanguage":"es","@id":"https:\/\/iicolumnas.es\/#\/schema\/person\/image\/","url":"https:\/\/secure.gravatar.com\/avatar\/c6e08a497120c58e110f9fc761b0fe771e7120ebcb2789302216f51d5c9243cc?s=96&d=mm&r=g","contentUrl":"https:\/\/secure.gravatar.com\/avatar\/c6e08a497120c58e110f9fc761b0fe771e7120ebcb2789302216f51d5c9243cc?s=96&d=mm&r=g","caption":"Lucia Pedroso"}}]}},"_links":{"self":[{"href":"https:\/\/iicolumnas.es\/index.php\/wp-json\/wp\/v2\/posts\/11511","targetHints":{"allow":["GET"]}}],"collection":[{"href":"https:\/\/iicolumnas.es\/index.php\/wp-json\/wp\/v2\/posts"}],"about":[{"href":"https:\/\/iicolumnas.es\/index.php\/wp-json\/wp\/v2\/types\/post"}],"author":[{"embeddable":true,"href":"https:\/\/iicolumnas.es\/index.php\/wp-json\/wp\/v2\/users\/18"}],"replies":[{"embeddable":true,"href":"https:\/\/iicolumnas.es\/index.php\/wp-json\/wp\/v2\/comments?post=11511"}],"version-history":[{"count":16,"href":"https:\/\/iicolumnas.es\/index.php\/wp-json\/wp\/v2\/posts\/11511\/revisions"}],"predecessor-version":[{"id":11582,"href":"https:\/\/iicolumnas.es\/index.php\/wp-json\/wp\/v2\/posts\/11511\/revisions\/11582"}],"wp:featuredmedia":[{"embeddable":true,"href":"https:\/\/iicolumnas.es\/index.php\/wp-json\/wp\/v2\/media\/11512"}],"wp:attachment":[{"href":"https:\/\/iicolumnas.es\/index.php\/wp-json\/wp\/v2\/media?parent=11511"}],"wp:term":[{"taxonomy":"category","embeddable":true,"href":"https:\/\/iicolumnas.es\/index.php\/wp-json\/wp\/v2\/categories?post=11511"},{"taxonomy":"post_tag","embeddable":true,"href":"https:\/\/iicolumnas.es\/index.php\/wp-json\/wp\/v2\/tags?post=11511"}],"curies":[{"name":"wp","href":"https:\/\/api.w.org\/{rel}","templated":true}]}}