{"id":10964,"date":"2017-05-15T09:50:50","date_gmt":"2017-05-15T09:50:50","guid":{"rendered":"https:\/\/iicolumnas.es\/?p=10964"},"modified":"2017-05-15T09:50:50","modified_gmt":"2017-05-15T09:50:50","slug":"colapso-la-parrillada-la-actc","status":"publish","type":"post","link":"https:\/\/iicolumnas.es\/index.php\/actualidad\/2017\/05\/15\/colapso-la-parrillada-la-actc\/","title":{"rendered":"Colapso en la parrillada de la ACTC"},"content":{"rendered":"<p>Cuando organizas un evento\u00a0donde la cantidad de poblaci\u00f3n residente se multiplica debido al inter\u00e9s que genera, lo m\u00ednimo que puedes hacer es intentar poner todo lo que este en tu mano para poder sacar adelante el evento. El colapso que se formo ayer fue largo y eterno para poder recibir el plato acordado.<\/p>\n<p>Buenas eran las intenciones que ten\u00edan los miembros de la ACTC cuando organizaron, entre otros eventos para estas fiestas, la parrillada que dar\u00eda de cenar a <strong>400 personas<\/strong>. De nada sirven las buenas intenciones cuando la empresa que contratas para realizar la parrillada se presenta <strong>mas tarde de lo acordado<\/strong>, con intenciones de dar de cenar a 400 personas <strong>sin los medios suficientes<\/strong>\u00a0y cuando los propios trabajadores contratados <strong>se ausentan durante la preparaci\u00f3n de la comida<\/strong> del &#8216;puesto de trabajo&#8217;. Es cierto, que la empresa ten\u00eda buena fama en otros lugares, quiz\u00e1s lo de hoy solo haya sido un mal d\u00eda.<\/p>\n<p>Una minor\u00eda devolvi\u00f3 las papeletas que hab\u00eda adquirido previamente a miembros de la ACTC, que <strong>sin ning\u00fan reproche ni tardanza,<\/strong>\u00a0procedieron a la devoluci\u00f3n del importe de la misma.<\/p>\n<p>La ACTC es una asociaci\u00f3n <strong>sin \u00e1nimo de lucro<\/strong>, pero decir solo esto es poco, porque\u00a0no todo es dinero que los miembros de la misma pudiesen ganar por organizar los eventos que realizan, ya que tambi\u00e9n influye el tan valioso tiempo que uno invierte sin esperar nada a cambio, a lo mucho, un gracias, sin hablar de\u00a0los quebraderos de cabeza a mayores que puede generar organizar para intentar satisfacer a la mayor cantidad de personas, ya que a todos, es imposible.<\/p>\n<p>Miembros de la ACTC, salvaron los muebles sacando el trabajo adelante, arrimando el hombro a pesar del fri\u00f3 y la lluvia.<\/p>\n<p>&nbsp;<\/p>\n","protected":false},"excerpt":{"rendered":"<p>Cuando organizas un evento\u00a0donde la cantidad de poblaci\u00f3n residente se multiplica debido al inter\u00e9s que genera, lo m\u00ednimo que puedes hacer es intentar poner todo lo que este en tu mano para poder sacar&#46;&#46;&#46;<\/p>\n","protected":false},"author":15,"featured_media":10975,"comment_status":"open","ping_status":"open","sticky":false,"template":"","format":"standard","meta":{"footnotes":""},"categories":[1],"tags":[13,304,1267,71],"class_list":["post-10964","post","type-post","status-publish","format-standard","has-post-thumbnail","hentry","category-actualidad","tag-actc","tag-fiestas-san-isidro","tag-mayo-2017","tag-parrillada"],"yoast_head":"<!-- This site is optimized with the Yoast SEO plugin v26.6 - https:\/\/yoast.com\/wordpress\/plugins\/seo\/ -->\n<title>Colapso en la parrillada de la ACTC - Dos Columnas<\/title>\n<meta name=\"robots\" content=\"index, follow, max-snippet:-1, max-image-preview:large, max-video-preview:-1\" \/>\n<link rel=\"canonical\" href=\"https:\/\/iicolumnas.es\/index.php\/actualidad\/2017\/05\/15\/colapso-la-parrillada-la-actc\/\" \/>\n<meta property=\"og:locale\" content=\"es_ES\" \/>\n<meta property=\"og:type\" content=\"article\" \/>\n<meta property=\"og:title\" content=\"Colapso en la parrillada de la ACTC - Dos Columnas\" \/>\n<meta property=\"og:description\" content=\"Cuando organizas un evento\u00a0donde la cantidad de poblaci\u00f3n residente se multiplica debido al inter\u00e9s que genera, lo m\u00ednimo que puedes hacer es intentar poner todo lo que este en tu mano para poder sacar&#046;&#046;&#046;\" \/>\n<meta property=\"og:url\" content=\"https:\/\/iicolumnas.es\/index.php\/actualidad\/2017\/05\/15\/colapso-la-parrillada-la-actc\/\" \/>\n<meta property=\"og:site_name\" content=\"Dos Columnas\" \/>\n<meta property=\"article:publisher\" content=\"https:\/\/www.facebook.com\/iicolumnas\/\" \/>\n<meta property=\"article:published_time\" content=\"2017-05-15T09:50:50+00:00\" \/>\n<meta property=\"og:image\" content=\"https:\/\/iicolumnas.es\/wp-content\/uploads\/2017\/05\/parrillada-actc-4.jpg\" \/>\n\t<meta property=\"og:image:width\" content=\"800\" \/>\n\t<meta property=\"og:image:height\" content=\"593\" \/>\n\t<meta property=\"og:image:type\" content=\"image\/jpeg\" \/>\n<meta name=\"author\" content=\"Jonathan Mart\u00edn\" \/>\n<meta name=\"twitter:card\" content=\"summary_large_image\" \/>\n<meta name=\"twitter:creator\" content=\"@iicolumnas\" \/>\n<meta name=\"twitter:site\" content=\"@iicolumnas\" \/>\n<meta name=\"twitter:label1\" content=\"Escrito por\" \/>\n\t<meta name=\"twitter:data1\" content=\"Jonathan Mart\u00edn\" \/>\n\t<meta name=\"twitter:label2\" content=\"Tiempo de lectura\" \/>\n\t<meta name=\"twitter:data2\" content=\"2 minutos\" \/>\n<script type=\"application\/ld+json\" class=\"yoast-schema-graph\">{\"@context\":\"https:\/\/schema.org\",\"@graph\":[{\"@type\":\"WebPage\",\"@id\":\"https:\/\/iicolumnas.es\/index.php\/actualidad\/2017\/05\/15\/colapso-la-parrillada-la-actc\/\",\"url\":\"https:\/\/iicolumnas.es\/index.php\/actualidad\/2017\/05\/15\/colapso-la-parrillada-la-actc\/\",\"name\":\"Colapso en la parrillada de la ACTC - Dos Columnas\",\"isPartOf\":{\"@id\":\"https:\/\/iicolumnas.es\/#website\"},\"primaryImageOfPage\":{\"@id\":\"https:\/\/iicolumnas.es\/index.php\/actualidad\/2017\/05\/15\/colapso-la-parrillada-la-actc\/#primaryimage\"},\"image\":{\"@id\":\"https:\/\/iicolumnas.es\/index.php\/actualidad\/2017\/05\/15\/colapso-la-parrillada-la-actc\/#primaryimage\"},\"thumbnailUrl\":\"https:\/\/iicolumnas.es\/wp-content\/uploads\/2017\/05\/parrillada-actc-4.jpg\",\"datePublished\":\"2017-05-15T09:50:50+00:00\",\"author\":{\"@id\":\"https:\/\/iicolumnas.es\/#\/schema\/person\/9454e693a00b654499448fce52078962\"},\"breadcrumb\":{\"@id\":\"https:\/\/iicolumnas.es\/index.php\/actualidad\/2017\/05\/15\/colapso-la-parrillada-la-actc\/#breadcrumb\"},\"inLanguage\":\"es\",\"potentialAction\":[{\"@type\":\"ReadAction\",\"target\":[\"https:\/\/iicolumnas.es\/index.php\/actualidad\/2017\/05\/15\/colapso-la-parrillada-la-actc\/\"]}]},{\"@type\":\"ImageObject\",\"inLanguage\":\"es\",\"@id\":\"https:\/\/iicolumnas.es\/index.php\/actualidad\/2017\/05\/15\/colapso-la-parrillada-la-actc\/#primaryimage\",\"url\":\"https:\/\/iicolumnas.es\/wp-content\/uploads\/2017\/05\/parrillada-actc-4.jpg\",\"contentUrl\":\"https:\/\/iicolumnas.es\/wp-content\/uploads\/2017\/05\/parrillada-actc-4.jpg\",\"width\":\"800\",\"height\":\"593\"},{\"@type\":\"BreadcrumbList\",\"@id\":\"https:\/\/iicolumnas.es\/index.php\/actualidad\/2017\/05\/15\/colapso-la-parrillada-la-actc\/#breadcrumb\",\"itemListElement\":[{\"@type\":\"ListItem\",\"position\":1,\"name\":\"Portada\",\"item\":\"https:\/\/iicolumnas.es\/\"},{\"@type\":\"ListItem\",\"position\":2,\"name\":\"Actualidad\",\"item\":\"https:\/\/iicolumnas.es\/index.php\/category\/actualidad\/\"},{\"@type\":\"ListItem\",\"position\":3,\"name\":\"Actualidad\",\"item\":\"https:\/\/iicolumnas.es\/index.php\/category\/actualidad\/\"},{\"@type\":\"ListItem\",\"position\":4,\"name\":\"Colapso en la parrillada de la ACTC\"}]},{\"@type\":\"WebSite\",\"@id\":\"https:\/\/iicolumnas.es\/#website\",\"url\":\"https:\/\/iicolumnas.es\/\",\"name\":\"Dos Columnas\",\"description\":\"El peri\u00f3dico de la villa de Cantalpino\",\"potentialAction\":[{\"@type\":\"SearchAction\",\"target\":{\"@type\":\"EntryPoint\",\"urlTemplate\":\"https:\/\/iicolumnas.es\/?s={search_term_string}\"},\"query-input\":{\"@type\":\"PropertyValueSpecification\",\"valueRequired\":true,\"valueName\":\"search_term_string\"}}],\"inLanguage\":\"es\"},{\"@type\":\"Person\",\"@id\":\"https:\/\/iicolumnas.es\/#\/schema\/person\/9454e693a00b654499448fce52078962\",\"name\":\"Jonathan Mart\u00edn\",\"image\":{\"@type\":\"ImageObject\",\"inLanguage\":\"es\",\"@id\":\"https:\/\/iicolumnas.es\/#\/schema\/person\/image\/\",\"url\":\"https:\/\/secure.gravatar.com\/avatar\/8f84b73d8cfcbec514e94597235e91417ea919340a79e734ab4f39abe5099950?s=96&d=mm&r=g\",\"contentUrl\":\"https:\/\/secure.gravatar.com\/avatar\/8f84b73d8cfcbec514e94597235e91417ea919340a79e734ab4f39abe5099950?s=96&d=mm&r=g\",\"caption\":\"Jonathan Mart\u00edn\"}}]}<\/script>\n<!-- \/ Yoast SEO plugin. -->","yoast_head_json":{"title":"Colapso en la parrillada de la ACTC - Dos Columnas","robots":{"index":"index","follow":"follow","max-snippet":"max-snippet:-1","max-image-preview":"max-image-preview:large","max-video-preview":"max-video-preview:-1"},"canonical":"https:\/\/iicolumnas.es\/index.php\/actualidad\/2017\/05\/15\/colapso-la-parrillada-la-actc\/","og_locale":"es_ES","og_type":"article","og_title":"Colapso en la parrillada de la ACTC - Dos Columnas","og_description":"Cuando organizas un evento\u00a0donde la cantidad de poblaci\u00f3n residente se multiplica debido al inter\u00e9s que genera, lo m\u00ednimo que puedes hacer es intentar poner todo lo que este en tu mano para poder sacar&#46;&#46;&#46;","og_url":"https:\/\/iicolumnas.es\/index.php\/actualidad\/2017\/05\/15\/colapso-la-parrillada-la-actc\/","og_site_name":"Dos Columnas","article_publisher":"https:\/\/www.facebook.com\/iicolumnas\/","article_published_time":"2017-05-15T09:50:50+00:00","og_image":[{"width":800,"height":593,"url":"https:\/\/iicolumnas.es\/wp-content\/uploads\/2017\/05\/parrillada-actc-4.jpg","type":"image\/jpeg"}],"author":"Jonathan Mart\u00edn","twitter_card":"summary_large_image","twitter_creator":"@iicolumnas","twitter_site":"@iicolumnas","twitter_misc":{"Escrito por":"Jonathan Mart\u00edn","Tiempo de lectura":"2 minutos"},"schema":{"@context":"https:\/\/schema.org","@graph":[{"@type":"WebPage","@id":"https:\/\/iicolumnas.es\/index.php\/actualidad\/2017\/05\/15\/colapso-la-parrillada-la-actc\/","url":"https:\/\/iicolumnas.es\/index.php\/actualidad\/2017\/05\/15\/colapso-la-parrillada-la-actc\/","name":"Colapso en la parrillada de la ACTC - Dos Columnas","isPartOf":{"@id":"https:\/\/iicolumnas.es\/#website"},"primaryImageOfPage":{"@id":"https:\/\/iicolumnas.es\/index.php\/actualidad\/2017\/05\/15\/colapso-la-parrillada-la-actc\/#primaryimage"},"image":{"@id":"https:\/\/iicolumnas.es\/index.php\/actualidad\/2017\/05\/15\/colapso-la-parrillada-la-actc\/#primaryimage"},"thumbnailUrl":"https:\/\/iicolumnas.es\/wp-content\/uploads\/2017\/05\/parrillada-actc-4.jpg","datePublished":"2017-05-15T09:50:50+00:00","author":{"@id":"https:\/\/iicolumnas.es\/#\/schema\/person\/9454e693a00b654499448fce52078962"},"breadcrumb":{"@id":"https:\/\/iicolumnas.es\/index.php\/actualidad\/2017\/05\/15\/colapso-la-parrillada-la-actc\/#breadcrumb"},"inLanguage":"es","potentialAction":[{"@type":"ReadAction","target":["https:\/\/iicolumnas.es\/index.php\/actualidad\/2017\/05\/15\/colapso-la-parrillada-la-actc\/"]}]},{"@type":"ImageObject","inLanguage":"es","@id":"https:\/\/iicolumnas.es\/index.php\/actualidad\/2017\/05\/15\/colapso-la-parrillada-la-actc\/#primaryimage","url":"https:\/\/iicolumnas.es\/wp-content\/uploads\/2017\/05\/parrillada-actc-4.jpg","contentUrl":"https:\/\/iicolumnas.es\/wp-content\/uploads\/2017\/05\/parrillada-actc-4.jpg","width":"800","height":"593"},{"@type":"BreadcrumbList","@id":"https:\/\/iicolumnas.es\/index.php\/actualidad\/2017\/05\/15\/colapso-la-parrillada-la-actc\/#breadcrumb","itemListElement":[{"@type":"ListItem","position":1,"name":"Portada","item":"https:\/\/iicolumnas.es\/"},{"@type":"ListItem","position":2,"name":"Actualidad","item":"https:\/\/iicolumnas.es\/index.php\/category\/actualidad\/"},{"@type":"ListItem","position":3,"name":"Actualidad","item":"https:\/\/iicolumnas.es\/index.php\/category\/actualidad\/"},{"@type":"ListItem","position":4,"name":"Colapso en la parrillada de la ACTC"}]},{"@type":"WebSite","@id":"https:\/\/iicolumnas.es\/#website","url":"https:\/\/iicolumnas.es\/","name":"Dos Columnas","description":"El peri\u00f3dico de la villa de Cantalpino","potentialAction":[{"@type":"SearchAction","target":{"@type":"EntryPoint","urlTemplate":"https:\/\/iicolumnas.es\/?s={search_term_string}"},"query-input":{"@type":"PropertyValueSpecification","valueRequired":true,"valueName":"search_term_string"}}],"inLanguage":"es"},{"@type":"Person","@id":"https:\/\/iicolumnas.es\/#\/schema\/person\/9454e693a00b654499448fce52078962","name":"Jonathan Mart\u00edn","image":{"@type":"ImageObject","inLanguage":"es","@id":"https:\/\/iicolumnas.es\/#\/schema\/person\/image\/","url":"https:\/\/secure.gravatar.com\/avatar\/8f84b73d8cfcbec514e94597235e91417ea919340a79e734ab4f39abe5099950?s=96&d=mm&r=g","contentUrl":"https:\/\/secure.gravatar.com\/avatar\/8f84b73d8cfcbec514e94597235e91417ea919340a79e734ab4f39abe5099950?s=96&d=mm&r=g","caption":"Jonathan Mart\u00edn"}}]}},"_links":{"self":[{"href":"https:\/\/iicolumnas.es\/index.php\/wp-json\/wp\/v2\/posts\/10964","targetHints":{"allow":["GET"]}}],"collection":[{"href":"https:\/\/iicolumnas.es\/index.php\/wp-json\/wp\/v2\/posts"}],"about":[{"href":"https:\/\/iicolumnas.es\/index.php\/wp-json\/wp\/v2\/types\/post"}],"author":[{"embeddable":true,"href":"https:\/\/iicolumnas.es\/index.php\/wp-json\/wp\/v2\/users\/15"}],"replies":[{"embeddable":true,"href":"https:\/\/iicolumnas.es\/index.php\/wp-json\/wp\/v2\/comments?post=10964"}],"version-history":[{"count":9,"href":"https:\/\/iicolumnas.es\/index.php\/wp-json\/wp\/v2\/posts\/10964\/revisions"}],"predecessor-version":[{"id":10998,"href":"https:\/\/iicolumnas.es\/index.php\/wp-json\/wp\/v2\/posts\/10964\/revisions\/10998"}],"wp:featuredmedia":[{"embeddable":true,"href":"https:\/\/iicolumnas.es\/index.php\/wp-json\/wp\/v2\/media\/10975"}],"wp:attachment":[{"href":"https:\/\/iicolumnas.es\/index.php\/wp-json\/wp\/v2\/media?parent=10964"}],"wp:term":[{"taxonomy":"category","embeddable":true,"href":"https:\/\/iicolumnas.es\/index.php\/wp-json\/wp\/v2\/categories?post=10964"},{"taxonomy":"post_tag","embeddable":true,"href":"https:\/\/iicolumnas.es\/index.php\/wp-json\/wp\/v2\/tags?post=10964"}],"curies":[{"name":"wp","href":"https:\/\/api.w.org\/{rel}","templated":true}]}}