{"id":10433,"date":"2017-05-02T09:24:16","date_gmt":"2017-05-02T09:24:16","guid":{"rendered":"https:\/\/iicolumnas.es\/?p=10433"},"modified":"2017-06-03T18:12:15","modified_gmt":"2017-06-03T18:12:15","slug":"feliz-cumpleanos-eny","status":"publish","type":"post","link":"https:\/\/iicolumnas.es\/index.php\/celebraciones\/cumpleanos\/2017\/05\/02\/feliz-cumpleanos-eny\/","title":{"rendered":"\u00a1Feliz Cumplea\u00f1os Eny!"},"content":{"rendered":"<p>Otro d\u00eda m\u00e1s estamos de fiesta en la pe\u00f1ita guapa, hoy brindamos por la m\u00e1s loca del grupo, la alegr\u00eda de la pe\u00f1a siempre dispuesta a sacar una carcajada con cualquier palabra.<br \/>\n21 a\u00f1os no se cumplen todos los d\u00edas as\u00ed que habr\u00e1 que celebrarlo con unos cuantos chupitos o una cena con pimientos que sabemos que te gustan.<br \/>\nEsperamos que pases un buen d\u00eda de cumplea\u00f1os y que podamos tirarte de las orejas muchos a\u00f1os m\u00e1s.<br \/>\nFelicidades Peny.<br \/>\n\u00a1Te queremos!<\/p>\n\n\t\t<style>\n\t\t\t#gallery-1 {\n\t\t\t\tmargin: auto;\n\t\t\t}\n\t\t\t#gallery-1 .gallery-item {\n\t\t\t\tfloat: left;\n\t\t\t\tmargin-top: 10px;\n\t\t\t\ttext-align: center;\n\t\t\t\twidth: 50%;\n\t\t\t}\n\t\t\t#gallery-1 img {\n\t\t\t\tborder: 2px solid #cfcfcf;\n\t\t\t}\n\t\t\t#gallery-1 .gallery-caption {\n\t\t\t\tmargin-left: 0;\n\t\t\t}\n\t\t\t\/* see gallery_shortcode() in wp-includes\/media.php *\/\n\t\t<\/style>\n\t\t<div id='gallery-1' class='gallery galleryid-10433 gallery-columns-2 gallery-size-large'><dl class='gallery-item'>\n\t\t\t<dt class='gallery-icon landscape'>\n\t\t\t\t<a href='https:\/\/iicolumnas.es\/wp-content\/uploads\/2017\/05\/cumple-eny-2017-05.jpg' title=\"\" data-rl_title=\"\" class=\"rl-gallery-link\" data-rl_caption=\"\" data-rel=\"lightbox-gallery-1\"><img loading=\"lazy\" decoding=\"async\" width=\"720\" height=\"540\" src=\"https:\/\/iicolumnas.es\/wp-content\/uploads\/2017\/05\/cumple-eny-2017-05.jpg\" class=\"attachment-large size-large no-lazy\" alt=\"\" srcset=\"https:\/\/iicolumnas.es\/wp-content\/uploads\/2017\/05\/cumple-eny-2017-05.jpg 720w, https:\/\/iicolumnas.es\/wp-content\/uploads\/2017\/05\/cumple-eny-2017-05-300x225.jpg 300w\" sizes=\"auto, (max-width: 720px) 100vw, 720px\" \/><\/a>\n\t\t\t<\/dt><\/dl><dl class='gallery-item'>\n\t\t\t<dt class='gallery-icon landscape'>\n\t\t\t\t<a href='https:\/\/iicolumnas.es\/wp-content\/uploads\/2017\/05\/cumple-eny-2017-04.jpg' title=\"\" data-rl_title=\"\" class=\"rl-gallery-link\" data-rl_caption=\"\" data-rel=\"lightbox-gallery-1\"><img loading=\"lazy\" decoding=\"async\" width=\"720\" height=\"540\" src=\"https:\/\/iicolumnas.es\/wp-content\/uploads\/2017\/05\/cumple-eny-2017-04.jpg\" class=\"attachment-large size-large no-lazy\" alt=\"\" srcset=\"https:\/\/iicolumnas.es\/wp-content\/uploads\/2017\/05\/cumple-eny-2017-04.jpg 720w, https:\/\/iicolumnas.es\/wp-content\/uploads\/2017\/05\/cumple-eny-2017-04-300x225.jpg 300w\" sizes=\"auto, (max-width: 720px) 100vw, 720px\" \/><\/a>\n\t\t\t<\/dt><\/dl><br style=\"clear: both\" \/><dl class='gallery-item'>\n\t\t\t<dt class='gallery-icon landscape'>\n\t\t\t\t<a href='https:\/\/iicolumnas.es\/wp-content\/uploads\/2017\/05\/cumple-eny-2017-03.jpg' title=\"\" data-rl_title=\"\" class=\"rl-gallery-link\" data-rl_caption=\"\" data-rel=\"lightbox-gallery-1\"><img loading=\"lazy\" decoding=\"async\" width=\"800\" height=\"450\" src=\"https:\/\/iicolumnas.es\/wp-content\/uploads\/2017\/05\/cumple-eny-2017-03.jpg\" class=\"attachment-large size-large no-lazy\" alt=\"\" srcset=\"https:\/\/iicolumnas.es\/wp-content\/uploads\/2017\/05\/cumple-eny-2017-03.jpg 800w, https:\/\/iicolumnas.es\/wp-content\/uploads\/2017\/05\/cumple-eny-2017-03-300x169.jpg 300w\" sizes=\"auto, (max-width: 800px) 100vw, 800px\" \/><\/a>\n\t\t\t<\/dt><\/dl><dl class='gallery-item'>\n\t\t\t<dt class='gallery-icon landscape'>\n\t\t\t\t<a href='https:\/\/iicolumnas.es\/wp-content\/uploads\/2017\/05\/cumple-eny-2017-02.jpg' title=\"\" data-rl_title=\"\" class=\"rl-gallery-link\" data-rl_caption=\"\" data-rel=\"lightbox-gallery-1\"><img loading=\"lazy\" decoding=\"async\" width=\"800\" height=\"600\" src=\"https:\/\/iicolumnas.es\/wp-content\/uploads\/2017\/05\/cumple-eny-2017-02.jpg\" class=\"attachment-large size-large no-lazy\" alt=\"\" srcset=\"https:\/\/iicolumnas.es\/wp-content\/uploads\/2017\/05\/cumple-eny-2017-02.jpg 800w, https:\/\/iicolumnas.es\/wp-content\/uploads\/2017\/05\/cumple-eny-2017-02-300x225.jpg 300w\" sizes=\"auto, (max-width: 800px) 100vw, 800px\" \/><\/a>\n\t\t\t<\/dt><\/dl><br style=\"clear: both\" \/>\n\t\t<\/div>\n\n","protected":false},"excerpt":{"rendered":"<p>Otro d\u00eda m\u00e1s estamos de fiesta en la pe\u00f1ita guapa, hoy brindamos por la m\u00e1s loca del grupo, la alegr\u00eda de la pe\u00f1a siempre dispuesta a sacar una carcajada con cualquier palabra. 21 a\u00f1os&#46;&#46;&#46;<\/p>\n","protected":false},"author":1,"featured_media":10438,"comment_status":"open","ping_status":"open","sticky":false,"template":"","format":"standard","meta":{"footnotes":""},"categories":[1,88],"tags":[1283],"class_list":["post-10433","post","type-post","status-publish","format-standard","has-post-thumbnail","hentry","category-actualidad","category-cumpleanos","tag-cumpleanos-mayo-2017"],"yoast_head":"<!-- This site is optimized with the Yoast SEO plugin v26.6 - https:\/\/yoast.com\/wordpress\/plugins\/seo\/ -->\n<title>\u00a1Feliz Cumplea\u00f1os Eny! - Dos Columnas<\/title>\n<meta name=\"robots\" content=\"index, follow, max-snippet:-1, max-image-preview:large, max-video-preview:-1\" \/>\n<link rel=\"canonical\" href=\"https:\/\/iicolumnas.es\/index.php\/celebraciones\/cumpleanos\/2017\/05\/02\/feliz-cumpleanos-eny\/\" \/>\n<meta property=\"og:locale\" content=\"es_ES\" \/>\n<meta property=\"og:type\" content=\"article\" \/>\n<meta property=\"og:title\" content=\"\u00a1Feliz Cumplea\u00f1os Eny! - Dos Columnas\" \/>\n<meta property=\"og:description\" content=\"Otro d\u00eda m\u00e1s estamos de fiesta en la pe\u00f1ita guapa, hoy brindamos por la m\u00e1s loca del grupo, la alegr\u00eda de la pe\u00f1a siempre dispuesta a sacar una carcajada con cualquier palabra. 21 a\u00f1os&#046;&#046;&#046;\" \/>\n<meta property=\"og:url\" content=\"https:\/\/iicolumnas.es\/index.php\/celebraciones\/cumpleanos\/2017\/05\/02\/feliz-cumpleanos-eny\/\" \/>\n<meta property=\"og:site_name\" content=\"Dos Columnas\" \/>\n<meta property=\"article:publisher\" content=\"https:\/\/www.facebook.com\/iicolumnas\/\" \/>\n<meta property=\"article:published_time\" content=\"2017-05-02T09:24:16+00:00\" \/>\n<meta property=\"article:modified_time\" content=\"2017-06-03T18:12:15+00:00\" \/>\n<meta property=\"og:image\" content=\"https:\/\/iicolumnas.es\/wp-content\/uploads\/2017\/05\/cumple-eny-2017-06.jpg\" \/>\n\t<meta property=\"og:image:width\" content=\"450\" \/>\n\t<meta property=\"og:image:height\" content=\"450\" \/>\n\t<meta property=\"og:image:type\" content=\"image\/jpeg\" \/>\n<meta name=\"author\" content=\"Juan Alberto Garc\u00eda\" \/>\n<meta name=\"twitter:card\" content=\"summary_large_image\" \/>\n<meta name=\"twitter:creator\" content=\"@iicolumnas\" \/>\n<meta name=\"twitter:site\" content=\"@iicolumnas\" \/>\n<meta name=\"twitter:label1\" content=\"Escrito por\" \/>\n\t<meta name=\"twitter:data1\" content=\"Juan Alberto Garc\u00eda\" \/>\n<script type=\"application\/ld+json\" class=\"yoast-schema-graph\">{\"@context\":\"https:\/\/schema.org\",\"@graph\":[{\"@type\":\"WebPage\",\"@id\":\"https:\/\/iicolumnas.es\/index.php\/celebraciones\/cumpleanos\/2017\/05\/02\/feliz-cumpleanos-eny\/\",\"url\":\"https:\/\/iicolumnas.es\/index.php\/celebraciones\/cumpleanos\/2017\/05\/02\/feliz-cumpleanos-eny\/\",\"name\":\"\u00a1Feliz Cumplea\u00f1os Eny! - Dos Columnas\",\"isPartOf\":{\"@id\":\"https:\/\/iicolumnas.es\/#website\"},\"primaryImageOfPage\":{\"@id\":\"https:\/\/iicolumnas.es\/index.php\/celebraciones\/cumpleanos\/2017\/05\/02\/feliz-cumpleanos-eny\/#primaryimage\"},\"image\":{\"@id\":\"https:\/\/iicolumnas.es\/index.php\/celebraciones\/cumpleanos\/2017\/05\/02\/feliz-cumpleanos-eny\/#primaryimage\"},\"thumbnailUrl\":\"https:\/\/iicolumnas.es\/wp-content\/uploads\/2017\/05\/cumple-eny-2017-06.jpg\",\"datePublished\":\"2017-05-02T09:24:16+00:00\",\"dateModified\":\"2017-06-03T18:12:15+00:00\",\"author\":{\"@id\":\"https:\/\/iicolumnas.es\/#\/schema\/person\/454e592beb5051596092682bc7744870\"},\"breadcrumb\":{\"@id\":\"https:\/\/iicolumnas.es\/index.php\/celebraciones\/cumpleanos\/2017\/05\/02\/feliz-cumpleanos-eny\/#breadcrumb\"},\"inLanguage\":\"es\",\"potentialAction\":[{\"@type\":\"ReadAction\",\"target\":[\"https:\/\/iicolumnas.es\/index.php\/celebraciones\/cumpleanos\/2017\/05\/02\/feliz-cumpleanos-eny\/\"]}]},{\"@type\":\"ImageObject\",\"inLanguage\":\"es\",\"@id\":\"https:\/\/iicolumnas.es\/index.php\/celebraciones\/cumpleanos\/2017\/05\/02\/feliz-cumpleanos-eny\/#primaryimage\",\"url\":\"https:\/\/iicolumnas.es\/wp-content\/uploads\/2017\/05\/cumple-eny-2017-06.jpg\",\"contentUrl\":\"https:\/\/iicolumnas.es\/wp-content\/uploads\/2017\/05\/cumple-eny-2017-06.jpg\",\"width\":\"450\",\"height\":\"450\"},{\"@type\":\"BreadcrumbList\",\"@id\":\"https:\/\/iicolumnas.es\/index.php\/celebraciones\/cumpleanos\/2017\/05\/02\/feliz-cumpleanos-eny\/#breadcrumb\",\"itemListElement\":[{\"@type\":\"ListItem\",\"position\":1,\"name\":\"Portada\",\"item\":\"https:\/\/iicolumnas.es\/\"},{\"@type\":\"ListItem\",\"position\":2,\"name\":\"Celebraciones\",\"item\":\"https:\/\/iicolumnas.es\/index.php\/category\/celebraciones\/\"},{\"@type\":\"ListItem\",\"position\":3,\"name\":\"Cumplea\u00f1os\",\"item\":\"https:\/\/iicolumnas.es\/index.php\/category\/celebraciones\/cumpleanos\/\"},{\"@type\":\"ListItem\",\"position\":4,\"name\":\"\u00a1Feliz Cumplea\u00f1os Eny!\"}]},{\"@type\":\"WebSite\",\"@id\":\"https:\/\/iicolumnas.es\/#website\",\"url\":\"https:\/\/iicolumnas.es\/\",\"name\":\"Dos Columnas\",\"description\":\"El peri\u00f3dico de la villa de Cantalpino\",\"potentialAction\":[{\"@type\":\"SearchAction\",\"target\":{\"@type\":\"EntryPoint\",\"urlTemplate\":\"https:\/\/iicolumnas.es\/?s={search_term_string}\"},\"query-input\":{\"@type\":\"PropertyValueSpecification\",\"valueRequired\":true,\"valueName\":\"search_term_string\"}}],\"inLanguage\":\"es\"},{\"@type\":\"Person\",\"@id\":\"https:\/\/iicolumnas.es\/#\/schema\/person\/454e592beb5051596092682bc7744870\",\"name\":\"Juan Alberto Garc\u00eda\",\"image\":{\"@type\":\"ImageObject\",\"inLanguage\":\"es\",\"@id\":\"https:\/\/iicolumnas.es\/#\/schema\/person\/image\/\",\"url\":\"https:\/\/secure.gravatar.com\/avatar\/b5e9097f5115a63587d45ece976d47f33159b9258fd778d9fbb56ce1c9d21ca8?s=96&d=mm&r=g\",\"contentUrl\":\"https:\/\/secure.gravatar.com\/avatar\/b5e9097f5115a63587d45ece976d47f33159b9258fd778d9fbb56ce1c9d21ca8?s=96&d=mm&r=g\",\"caption\":\"Juan Alberto Garc\u00eda\"},\"description\":\"los admin tienen demasiados privilegios sobre otros admin, no crees?\",\"sameAs\":[\"https:\/\/www.linkedin.com\/in\/juan-alberto-garc%C3%ADa-esteban-85389310b\"]}]}<\/script>\n<!-- \/ Yoast SEO plugin. -->","yoast_head_json":{"title":"\u00a1Feliz Cumplea\u00f1os Eny! - Dos Columnas","robots":{"index":"index","follow":"follow","max-snippet":"max-snippet:-1","max-image-preview":"max-image-preview:large","max-video-preview":"max-video-preview:-1"},"canonical":"https:\/\/iicolumnas.es\/index.php\/celebraciones\/cumpleanos\/2017\/05\/02\/feliz-cumpleanos-eny\/","og_locale":"es_ES","og_type":"article","og_title":"\u00a1Feliz Cumplea\u00f1os Eny! - Dos Columnas","og_description":"Otro d\u00eda m\u00e1s estamos de fiesta en la pe\u00f1ita guapa, hoy brindamos por la m\u00e1s loca del grupo, la alegr\u00eda de la pe\u00f1a siempre dispuesta a sacar una carcajada con cualquier palabra. 21 a\u00f1os&#46;&#46;&#46;","og_url":"https:\/\/iicolumnas.es\/index.php\/celebraciones\/cumpleanos\/2017\/05\/02\/feliz-cumpleanos-eny\/","og_site_name":"Dos Columnas","article_publisher":"https:\/\/www.facebook.com\/iicolumnas\/","article_published_time":"2017-05-02T09:24:16+00:00","article_modified_time":"2017-06-03T18:12:15+00:00","og_image":[{"width":450,"height":450,"url":"https:\/\/iicolumnas.es\/wp-content\/uploads\/2017\/05\/cumple-eny-2017-06.jpg","type":"image\/jpeg"}],"author":"Juan Alberto Garc\u00eda","twitter_card":"summary_large_image","twitter_creator":"@iicolumnas","twitter_site":"@iicolumnas","twitter_misc":{"Escrito por":"Juan Alberto Garc\u00eda"},"schema":{"@context":"https:\/\/schema.org","@graph":[{"@type":"WebPage","@id":"https:\/\/iicolumnas.es\/index.php\/celebraciones\/cumpleanos\/2017\/05\/02\/feliz-cumpleanos-eny\/","url":"https:\/\/iicolumnas.es\/index.php\/celebraciones\/cumpleanos\/2017\/05\/02\/feliz-cumpleanos-eny\/","name":"\u00a1Feliz Cumplea\u00f1os Eny! - Dos Columnas","isPartOf":{"@id":"https:\/\/iicolumnas.es\/#website"},"primaryImageOfPage":{"@id":"https:\/\/iicolumnas.es\/index.php\/celebraciones\/cumpleanos\/2017\/05\/02\/feliz-cumpleanos-eny\/#primaryimage"},"image":{"@id":"https:\/\/iicolumnas.es\/index.php\/celebraciones\/cumpleanos\/2017\/05\/02\/feliz-cumpleanos-eny\/#primaryimage"},"thumbnailUrl":"https:\/\/iicolumnas.es\/wp-content\/uploads\/2017\/05\/cumple-eny-2017-06.jpg","datePublished":"2017-05-02T09:24:16+00:00","dateModified":"2017-06-03T18:12:15+00:00","author":{"@id":"https:\/\/iicolumnas.es\/#\/schema\/person\/454e592beb5051596092682bc7744870"},"breadcrumb":{"@id":"https:\/\/iicolumnas.es\/index.php\/celebraciones\/cumpleanos\/2017\/05\/02\/feliz-cumpleanos-eny\/#breadcrumb"},"inLanguage":"es","potentialAction":[{"@type":"ReadAction","target":["https:\/\/iicolumnas.es\/index.php\/celebraciones\/cumpleanos\/2017\/05\/02\/feliz-cumpleanos-eny\/"]}]},{"@type":"ImageObject","inLanguage":"es","@id":"https:\/\/iicolumnas.es\/index.php\/celebraciones\/cumpleanos\/2017\/05\/02\/feliz-cumpleanos-eny\/#primaryimage","url":"https:\/\/iicolumnas.es\/wp-content\/uploads\/2017\/05\/cumple-eny-2017-06.jpg","contentUrl":"https:\/\/iicolumnas.es\/wp-content\/uploads\/2017\/05\/cumple-eny-2017-06.jpg","width":"450","height":"450"},{"@type":"BreadcrumbList","@id":"https:\/\/iicolumnas.es\/index.php\/celebraciones\/cumpleanos\/2017\/05\/02\/feliz-cumpleanos-eny\/#breadcrumb","itemListElement":[{"@type":"ListItem","position":1,"name":"Portada","item":"https:\/\/iicolumnas.es\/"},{"@type":"ListItem","position":2,"name":"Celebraciones","item":"https:\/\/iicolumnas.es\/index.php\/category\/celebraciones\/"},{"@type":"ListItem","position":3,"name":"Cumplea\u00f1os","item":"https:\/\/iicolumnas.es\/index.php\/category\/celebraciones\/cumpleanos\/"},{"@type":"ListItem","position":4,"name":"\u00a1Feliz Cumplea\u00f1os Eny!"}]},{"@type":"WebSite","@id":"https:\/\/iicolumnas.es\/#website","url":"https:\/\/iicolumnas.es\/","name":"Dos Columnas","description":"El peri\u00f3dico de la villa de Cantalpino","potentialAction":[{"@type":"SearchAction","target":{"@type":"EntryPoint","urlTemplate":"https:\/\/iicolumnas.es\/?s={search_term_string}"},"query-input":{"@type":"PropertyValueSpecification","valueRequired":true,"valueName":"search_term_string"}}],"inLanguage":"es"},{"@type":"Person","@id":"https:\/\/iicolumnas.es\/#\/schema\/person\/454e592beb5051596092682bc7744870","name":"Juan Alberto Garc\u00eda","image":{"@type":"ImageObject","inLanguage":"es","@id":"https:\/\/iicolumnas.es\/#\/schema\/person\/image\/","url":"https:\/\/secure.gravatar.com\/avatar\/b5e9097f5115a63587d45ece976d47f33159b9258fd778d9fbb56ce1c9d21ca8?s=96&d=mm&r=g","contentUrl":"https:\/\/secure.gravatar.com\/avatar\/b5e9097f5115a63587d45ece976d47f33159b9258fd778d9fbb56ce1c9d21ca8?s=96&d=mm&r=g","caption":"Juan Alberto Garc\u00eda"},"description":"los admin tienen demasiados privilegios sobre otros admin, no crees?","sameAs":["https:\/\/www.linkedin.com\/in\/juan-alberto-garc%C3%ADa-esteban-85389310b"]}]}},"_links":{"self":[{"href":"https:\/\/iicolumnas.es\/index.php\/wp-json\/wp\/v2\/posts\/10433","targetHints":{"allow":["GET"]}}],"collection":[{"href":"https:\/\/iicolumnas.es\/index.php\/wp-json\/wp\/v2\/posts"}],"about":[{"href":"https:\/\/iicolumnas.es\/index.php\/wp-json\/wp\/v2\/types\/post"}],"author":[{"embeddable":true,"href":"https:\/\/iicolumnas.es\/index.php\/wp-json\/wp\/v2\/users\/1"}],"replies":[{"embeddable":true,"href":"https:\/\/iicolumnas.es\/index.php\/wp-json\/wp\/v2\/comments?post=10433"}],"version-history":[{"count":3,"href":"https:\/\/iicolumnas.es\/index.php\/wp-json\/wp\/v2\/posts\/10433\/revisions"}],"predecessor-version":[{"id":10441,"href":"https:\/\/iicolumnas.es\/index.php\/wp-json\/wp\/v2\/posts\/10433\/revisions\/10441"}],"wp:featuredmedia":[{"embeddable":true,"href":"https:\/\/iicolumnas.es\/index.php\/wp-json\/wp\/v2\/media\/10438"}],"wp:attachment":[{"href":"https:\/\/iicolumnas.es\/index.php\/wp-json\/wp\/v2\/media?parent=10433"}],"wp:term":[{"taxonomy":"category","embeddable":true,"href":"https:\/\/iicolumnas.es\/index.php\/wp-json\/wp\/v2\/categories?post=10433"},{"taxonomy":"post_tag","embeddable":true,"href":"https:\/\/iicolumnas.es\/index.php\/wp-json\/wp\/v2\/tags?post=10433"}],"curies":[{"name":"wp","href":"https:\/\/api.w.org\/{rel}","templated":true}]}}