{"id":10184,"date":"2017-04-28T17:07:44","date_gmt":"2017-04-28T17:07:44","guid":{"rendered":"https:\/\/iicolumnas.es\/?p=10184"},"modified":"2017-04-28T17:07:44","modified_gmt":"2017-04-28T17:07:44","slug":"marcha-solidaria-las-villas","status":"publish","type":"post","link":"https:\/\/iicolumnas.es\/index.php\/actualidad\/2017\/04\/28\/marcha-solidaria-las-villas\/","title":{"rendered":"Marcha solidaria de \u00abLas Villas\u00bb"},"content":{"rendered":"<p><img loading=\"lazy\" decoding=\"async\" class=\" wp-image-10192 alignleft\" src=\"https:\/\/iicolumnas.es\/wp-content\/uploads\/2017\/04\/cartel-marcha-2017.jpg\" alt=\"cartel marcha 2017\" width=\"362\" height=\"474\" srcset=\"https:\/\/iicolumnas.es\/wp-content\/uploads\/2017\/04\/cartel-marcha-2017.jpg 611w, https:\/\/iicolumnas.es\/wp-content\/uploads\/2017\/04\/cartel-marcha-2017-229x300.jpg 229w\" sizes=\"auto, (max-width: 362px) 100vw, 362px\" \/>Este movimiento solidario se organiza a favor del proyecto de ayuda para la seguridad alimentaria, destinado para hogares vulnerables en Hait\u00ed tras la deportaci\u00f3n forzada por las autoridades dominicanas.<\/p>\n<p style=\"text-align: justify;\">Tras finalizar el tramo de\u00a015km de los que consta el itinerario, los pueblos de la comarca de \u00abLas Villas\u00bb que participan en este evento, llevar\u00e1n a cabo comidas solidarias para recaudar fondos con un fin solidario. En el caso de nuestro pueblo varios voluntarios se han encargado de organizar una <strong>operaci\u00f3n bocata<\/strong>.<\/p>\n<p style=\"text-align: justify;\">Para participar en la operaci\u00f3n bocata se pueden adquirir <strong>tickets<\/strong> con valor de 3\u20ac poni\u00e9ndose en contacto con Ceci, In\u00e9s o Mar\u00eda Rosal\u00eda.<\/p>\n<p style=\"text-align: justify;\">Y para todo aqu\u00e9l que quiera echar una mano elaborando los bocadillos o aportando fiambres puede acudir este <span style=\"text-decoration: underline;\">s\u00e1bado a las 20:30h en el Centro C\u00edvico<\/span>, donde tambi\u00e9n se repartir\u00e1n los bocadillos al finalizar la marcha solidaria alrededor de las 14:30h\u00a0del domingo.<\/p>\n<p style=\"text-align: justify;\">Todos los interesados en ir se dar\u00e1n cita, alrededor de las 10:30h, en el parque para dirigirse a Villoruela, como se ha venido haciendo todos los a\u00f1os atr\u00e1s.<\/p>\n<p style=\"text-align: justify;\">\u00a0<img loading=\"lazy\" decoding=\"async\" class=\"aligncenter size-full wp-image-2378\" src=\"https:\/\/iicolumnas.es\/wp-content\/uploads\/2016\/04\/marcha-2016-69.jpg\" alt=\"marcha solidaria y operaci\u00f3n bocata cantalpino\" width=\"6000\" height=\"4000\" srcset=\"https:\/\/iicolumnas.es\/wp-content\/uploads\/2016\/04\/marcha-2016-69.jpg 6000w, https:\/\/iicolumnas.es\/wp-content\/uploads\/2016\/04\/marcha-2016-69-300x200.jpg 300w, https:\/\/iicolumnas.es\/wp-content\/uploads\/2016\/04\/marcha-2016-69-1024x683.jpg 1024w\" sizes=\"auto, (max-width: 6000px) 100vw, 6000px\" \/><\/p>\n<p style=\"text-align: justify;\"><img loading=\"lazy\" decoding=\"async\" class=\"aligncenter size-full wp-image-2364\" src=\"https:\/\/iicolumnas.es\/wp-content\/uploads\/2016\/04\/marcha-2016-51.jpg\" alt=\"marcha solidaria y operaci\u00f3n bocata cantalpino\" width=\"6000\" height=\"4000\" srcset=\"https:\/\/iicolumnas.es\/wp-content\/uploads\/2016\/04\/marcha-2016-51.jpg 6000w, https:\/\/iicolumnas.es\/wp-content\/uploads\/2016\/04\/marcha-2016-51-300x200.jpg 300w, https:\/\/iicolumnas.es\/wp-content\/uploads\/2016\/04\/marcha-2016-51-1024x683.jpg 1024w\" sizes=\"auto, (max-width: 6000px) 100vw, 6000px\" \/><\/p>\n<p style=\"text-align: justify;\"><img loading=\"lazy\" decoding=\"async\" class=\"aligncenter size-full wp-image-2347\" src=\"https:\/\/iicolumnas.es\/wp-content\/uploads\/2016\/04\/marcha-2016-34.jpg\" alt=\"marcha solidaria y operaci\u00f3n bocata cantalpino\" width=\"6000\" height=\"4000\" srcset=\"https:\/\/iicolumnas.es\/wp-content\/uploads\/2016\/04\/marcha-2016-34.jpg 6000w, https:\/\/iicolumnas.es\/wp-content\/uploads\/2016\/04\/marcha-2016-34-300x200.jpg 300w, https:\/\/iicolumnas.es\/wp-content\/uploads\/2016\/04\/marcha-2016-34-1024x683.jpg 1024w\" sizes=\"auto, (max-width: 6000px) 100vw, 6000px\" \/><\/p>\n","protected":false},"excerpt":{"rendered":"<p>Este movimiento solidario se organiza a favor del proyecto de ayuda para la seguridad alimentaria, destinado para hogares vulnerables en Hait\u00ed tras la deportaci\u00f3n forzada por las autoridades dominicanas. Tras finalizar el tramo de\u00a015km&#46;&#46;&#46;<\/p>\n","protected":false},"author":11,"featured_media":10194,"comment_status":"open","ping_status":"open","sticky":false,"template":"","format":"standard","meta":{"footnotes":""},"categories":[1],"tags":[1266,193,1267,195],"class_list":["post-10184","post","type-post","status-publish","format-standard","has-post-thumbnail","hentry","category-actualidad","tag-accion-verapaz","tag-marcha-solidaria","tag-mayo-2017","tag-operacion-bocata"],"yoast_head":"<!-- This site is optimized with the Yoast SEO plugin v26.6 - https:\/\/yoast.com\/wordpress\/plugins\/seo\/ -->\n<title>Marcha solidaria de &quot;Las Villas&quot; - Dos Columnas<\/title>\n<meta name=\"robots\" content=\"index, follow, max-snippet:-1, max-image-preview:large, max-video-preview:-1\" \/>\n<link rel=\"canonical\" href=\"https:\/\/iicolumnas.es\/index.php\/actualidad\/2017\/04\/28\/marcha-solidaria-las-villas\/\" \/>\n<meta property=\"og:locale\" content=\"es_ES\" \/>\n<meta property=\"og:type\" content=\"article\" \/>\n<meta property=\"og:title\" content=\"Marcha solidaria de &quot;Las Villas&quot; - Dos Columnas\" \/>\n<meta property=\"og:description\" content=\"Este movimiento solidario se organiza a favor del proyecto de ayuda para la seguridad alimentaria, destinado para hogares vulnerables en Hait\u00ed tras la deportaci\u00f3n forzada por las autoridades dominicanas. Tras finalizar el tramo de\u00a015km&#046;&#046;&#046;\" \/>\n<meta property=\"og:url\" content=\"https:\/\/iicolumnas.es\/index.php\/actualidad\/2017\/04\/28\/marcha-solidaria-las-villas\/\" \/>\n<meta property=\"og:site_name\" content=\"Dos Columnas\" \/>\n<meta property=\"article:publisher\" content=\"https:\/\/www.facebook.com\/iicolumnas\/\" \/>\n<meta property=\"article:published_time\" content=\"2017-04-28T17:07:44+00:00\" \/>\n<meta property=\"og:image\" content=\"https:\/\/iicolumnas.es\/wp-content\/uploads\/2017\/04\/cartel-marcha-solidaria-2017.jpg\" \/>\n\t<meta property=\"og:image:width\" content=\"800\" \/>\n\t<meta property=\"og:image:height\" content=\"288\" \/>\n\t<meta property=\"og:image:type\" content=\"image\/jpeg\" \/>\n<meta name=\"author\" content=\"Elisabeth Herrero\" \/>\n<meta name=\"twitter:card\" content=\"summary_large_image\" \/>\n<meta name=\"twitter:creator\" content=\"@iicolumnas\" \/>\n<meta name=\"twitter:site\" content=\"@iicolumnas\" \/>\n<meta name=\"twitter:label1\" content=\"Escrito por\" \/>\n\t<meta name=\"twitter:data1\" content=\"Elisabeth Herrero\" \/>\n\t<meta name=\"twitter:label2\" content=\"Tiempo de lectura\" \/>\n\t<meta name=\"twitter:data2\" content=\"1 minuto\" \/>\n<script type=\"application\/ld+json\" class=\"yoast-schema-graph\">{\"@context\":\"https:\/\/schema.org\",\"@graph\":[{\"@type\":\"WebPage\",\"@id\":\"https:\/\/iicolumnas.es\/index.php\/actualidad\/2017\/04\/28\/marcha-solidaria-las-villas\/\",\"url\":\"https:\/\/iicolumnas.es\/index.php\/actualidad\/2017\/04\/28\/marcha-solidaria-las-villas\/\",\"name\":\"Marcha solidaria de \\\"Las Villas\\\" - Dos Columnas\",\"isPartOf\":{\"@id\":\"https:\/\/iicolumnas.es\/#website\"},\"primaryImageOfPage\":{\"@id\":\"https:\/\/iicolumnas.es\/index.php\/actualidad\/2017\/04\/28\/marcha-solidaria-las-villas\/#primaryimage\"},\"image\":{\"@id\":\"https:\/\/iicolumnas.es\/index.php\/actualidad\/2017\/04\/28\/marcha-solidaria-las-villas\/#primaryimage\"},\"thumbnailUrl\":\"https:\/\/iicolumnas.es\/wp-content\/uploads\/2017\/04\/cartel-marcha-solidaria-2017.jpg\",\"datePublished\":\"2017-04-28T17:07:44+00:00\",\"author\":{\"@id\":\"https:\/\/iicolumnas.es\/#\/schema\/person\/a7ff663470be5c4a58b4056144602608\"},\"breadcrumb\":{\"@id\":\"https:\/\/iicolumnas.es\/index.php\/actualidad\/2017\/04\/28\/marcha-solidaria-las-villas\/#breadcrumb\"},\"inLanguage\":\"es\",\"potentialAction\":[{\"@type\":\"ReadAction\",\"target\":[\"https:\/\/iicolumnas.es\/index.php\/actualidad\/2017\/04\/28\/marcha-solidaria-las-villas\/\"]}]},{\"@type\":\"ImageObject\",\"inLanguage\":\"es\",\"@id\":\"https:\/\/iicolumnas.es\/index.php\/actualidad\/2017\/04\/28\/marcha-solidaria-las-villas\/#primaryimage\",\"url\":\"https:\/\/iicolumnas.es\/wp-content\/uploads\/2017\/04\/cartel-marcha-solidaria-2017.jpg\",\"contentUrl\":\"https:\/\/iicolumnas.es\/wp-content\/uploads\/2017\/04\/cartel-marcha-solidaria-2017.jpg\",\"width\":\"800\",\"height\":\"288\"},{\"@type\":\"BreadcrumbList\",\"@id\":\"https:\/\/iicolumnas.es\/index.php\/actualidad\/2017\/04\/28\/marcha-solidaria-las-villas\/#breadcrumb\",\"itemListElement\":[{\"@type\":\"ListItem\",\"position\":1,\"name\":\"Portada\",\"item\":\"https:\/\/iicolumnas.es\/\"},{\"@type\":\"ListItem\",\"position\":2,\"name\":\"Actualidad\",\"item\":\"https:\/\/iicolumnas.es\/index.php\/category\/actualidad\/\"},{\"@type\":\"ListItem\",\"position\":3,\"name\":\"Marcha solidaria de &#8220;Las Villas&#8221;\"}]},{\"@type\":\"WebSite\",\"@id\":\"https:\/\/iicolumnas.es\/#website\",\"url\":\"https:\/\/iicolumnas.es\/\",\"name\":\"Dos Columnas\",\"description\":\"El peri\u00f3dico de la villa de Cantalpino\",\"potentialAction\":[{\"@type\":\"SearchAction\",\"target\":{\"@type\":\"EntryPoint\",\"urlTemplate\":\"https:\/\/iicolumnas.es\/?s={search_term_string}\"},\"query-input\":{\"@type\":\"PropertyValueSpecification\",\"valueRequired\":true,\"valueName\":\"search_term_string\"}}],\"inLanguage\":\"es\"},{\"@type\":\"Person\",\"@id\":\"https:\/\/iicolumnas.es\/#\/schema\/person\/a7ff663470be5c4a58b4056144602608\",\"name\":\"Elisabeth Herrero\",\"image\":{\"@type\":\"ImageObject\",\"inLanguage\":\"es\",\"@id\":\"https:\/\/iicolumnas.es\/#\/schema\/person\/image\/\",\"url\":\"https:\/\/secure.gravatar.com\/avatar\/940d2d17ae8f8dbc80e004b6d5cf732529898723a62eb676e66b87e474e93db4?s=96&d=mm&r=g\",\"contentUrl\":\"https:\/\/secure.gravatar.com\/avatar\/940d2d17ae8f8dbc80e004b6d5cf732529898723a62eb676e66b87e474e93db4?s=96&d=mm&r=g\",\"caption\":\"Elisabeth Herrero\"}}]}<\/script>\n<!-- \/ Yoast SEO plugin. -->","yoast_head_json":{"title":"Marcha solidaria de \"Las Villas\" - Dos Columnas","robots":{"index":"index","follow":"follow","max-snippet":"max-snippet:-1","max-image-preview":"max-image-preview:large","max-video-preview":"max-video-preview:-1"},"canonical":"https:\/\/iicolumnas.es\/index.php\/actualidad\/2017\/04\/28\/marcha-solidaria-las-villas\/","og_locale":"es_ES","og_type":"article","og_title":"Marcha solidaria de \"Las Villas\" - Dos Columnas","og_description":"Este movimiento solidario se organiza a favor del proyecto de ayuda para la seguridad alimentaria, destinado para hogares vulnerables en Hait\u00ed tras la deportaci\u00f3n forzada por las autoridades dominicanas. Tras finalizar el tramo de\u00a015km&#46;&#46;&#46;","og_url":"https:\/\/iicolumnas.es\/index.php\/actualidad\/2017\/04\/28\/marcha-solidaria-las-villas\/","og_site_name":"Dos Columnas","article_publisher":"https:\/\/www.facebook.com\/iicolumnas\/","article_published_time":"2017-04-28T17:07:44+00:00","og_image":[{"width":800,"height":288,"url":"https:\/\/iicolumnas.es\/wp-content\/uploads\/2017\/04\/cartel-marcha-solidaria-2017.jpg","type":"image\/jpeg"}],"author":"Elisabeth Herrero","twitter_card":"summary_large_image","twitter_creator":"@iicolumnas","twitter_site":"@iicolumnas","twitter_misc":{"Escrito por":"Elisabeth Herrero","Tiempo de lectura":"1 minuto"},"schema":{"@context":"https:\/\/schema.org","@graph":[{"@type":"WebPage","@id":"https:\/\/iicolumnas.es\/index.php\/actualidad\/2017\/04\/28\/marcha-solidaria-las-villas\/","url":"https:\/\/iicolumnas.es\/index.php\/actualidad\/2017\/04\/28\/marcha-solidaria-las-villas\/","name":"Marcha solidaria de \"Las Villas\" - Dos Columnas","isPartOf":{"@id":"https:\/\/iicolumnas.es\/#website"},"primaryImageOfPage":{"@id":"https:\/\/iicolumnas.es\/index.php\/actualidad\/2017\/04\/28\/marcha-solidaria-las-villas\/#primaryimage"},"image":{"@id":"https:\/\/iicolumnas.es\/index.php\/actualidad\/2017\/04\/28\/marcha-solidaria-las-villas\/#primaryimage"},"thumbnailUrl":"https:\/\/iicolumnas.es\/wp-content\/uploads\/2017\/04\/cartel-marcha-solidaria-2017.jpg","datePublished":"2017-04-28T17:07:44+00:00","author":{"@id":"https:\/\/iicolumnas.es\/#\/schema\/person\/a7ff663470be5c4a58b4056144602608"},"breadcrumb":{"@id":"https:\/\/iicolumnas.es\/index.php\/actualidad\/2017\/04\/28\/marcha-solidaria-las-villas\/#breadcrumb"},"inLanguage":"es","potentialAction":[{"@type":"ReadAction","target":["https:\/\/iicolumnas.es\/index.php\/actualidad\/2017\/04\/28\/marcha-solidaria-las-villas\/"]}]},{"@type":"ImageObject","inLanguage":"es","@id":"https:\/\/iicolumnas.es\/index.php\/actualidad\/2017\/04\/28\/marcha-solidaria-las-villas\/#primaryimage","url":"https:\/\/iicolumnas.es\/wp-content\/uploads\/2017\/04\/cartel-marcha-solidaria-2017.jpg","contentUrl":"https:\/\/iicolumnas.es\/wp-content\/uploads\/2017\/04\/cartel-marcha-solidaria-2017.jpg","width":"800","height":"288"},{"@type":"BreadcrumbList","@id":"https:\/\/iicolumnas.es\/index.php\/actualidad\/2017\/04\/28\/marcha-solidaria-las-villas\/#breadcrumb","itemListElement":[{"@type":"ListItem","position":1,"name":"Portada","item":"https:\/\/iicolumnas.es\/"},{"@type":"ListItem","position":2,"name":"Actualidad","item":"https:\/\/iicolumnas.es\/index.php\/category\/actualidad\/"},{"@type":"ListItem","position":3,"name":"Marcha solidaria de &#8220;Las Villas&#8221;"}]},{"@type":"WebSite","@id":"https:\/\/iicolumnas.es\/#website","url":"https:\/\/iicolumnas.es\/","name":"Dos Columnas","description":"El peri\u00f3dico de la villa de Cantalpino","potentialAction":[{"@type":"SearchAction","target":{"@type":"EntryPoint","urlTemplate":"https:\/\/iicolumnas.es\/?s={search_term_string}"},"query-input":{"@type":"PropertyValueSpecification","valueRequired":true,"valueName":"search_term_string"}}],"inLanguage":"es"},{"@type":"Person","@id":"https:\/\/iicolumnas.es\/#\/schema\/person\/a7ff663470be5c4a58b4056144602608","name":"Elisabeth Herrero","image":{"@type":"ImageObject","inLanguage":"es","@id":"https:\/\/iicolumnas.es\/#\/schema\/person\/image\/","url":"https:\/\/secure.gravatar.com\/avatar\/940d2d17ae8f8dbc80e004b6d5cf732529898723a62eb676e66b87e474e93db4?s=96&d=mm&r=g","contentUrl":"https:\/\/secure.gravatar.com\/avatar\/940d2d17ae8f8dbc80e004b6d5cf732529898723a62eb676e66b87e474e93db4?s=96&d=mm&r=g","caption":"Elisabeth Herrero"}}]}},"_links":{"self":[{"href":"https:\/\/iicolumnas.es\/index.php\/wp-json\/wp\/v2\/posts\/10184","targetHints":{"allow":["GET"]}}],"collection":[{"href":"https:\/\/iicolumnas.es\/index.php\/wp-json\/wp\/v2\/posts"}],"about":[{"href":"https:\/\/iicolumnas.es\/index.php\/wp-json\/wp\/v2\/types\/post"}],"author":[{"embeddable":true,"href":"https:\/\/iicolumnas.es\/index.php\/wp-json\/wp\/v2\/users\/11"}],"replies":[{"embeddable":true,"href":"https:\/\/iicolumnas.es\/index.php\/wp-json\/wp\/v2\/comments?post=10184"}],"version-history":[{"count":14,"href":"https:\/\/iicolumnas.es\/index.php\/wp-json\/wp\/v2\/posts\/10184\/revisions"}],"predecessor-version":[{"id":10201,"href":"https:\/\/iicolumnas.es\/index.php\/wp-json\/wp\/v2\/posts\/10184\/revisions\/10201"}],"wp:featuredmedia":[{"embeddable":true,"href":"https:\/\/iicolumnas.es\/index.php\/wp-json\/wp\/v2\/media\/10194"}],"wp:attachment":[{"href":"https:\/\/iicolumnas.es\/index.php\/wp-json\/wp\/v2\/media?parent=10184"}],"wp:term":[{"taxonomy":"category","embeddable":true,"href":"https:\/\/iicolumnas.es\/index.php\/wp-json\/wp\/v2\/categories?post=10184"},{"taxonomy":"post_tag","embeddable":true,"href":"https:\/\/iicolumnas.es\/index.php\/wp-json\/wp\/v2\/tags?post=10184"}],"curies":[{"name":"wp","href":"https:\/\/api.w.org\/{rel}","templated":true}]}}