{"id":10030,"date":"2017-04-16T15:05:13","date_gmt":"2017-04-16T15:05:13","guid":{"rendered":"https:\/\/iicolumnas.es\/?p=10030"},"modified":"2017-04-16T15:05:13","modified_gmt":"2017-04-16T15:05:13","slug":"video-promocional-del-ii-toro-san-isidro","status":"publish","type":"post","link":"https:\/\/iicolumnas.es\/index.php\/actualidad\/2017\/04\/16\/video-promocional-del-ii-toro-san-isidro\/","title":{"rendered":"Video promocional del II Toro de San Isidro"},"content":{"rendered":"<p style=\"text-align: justify;\">En la tarde de ayer, 15 de abril, tuvo lugar la presentaci\u00f3n del <span style=\"color: #00ccff;\"><a style=\"color: #00ccff;\" href=\"https:\/\/iicolumnas.es\/index.php\/actualidad\/2017\/04\/15\/la-actc-presenta-ii-toro-san-isidro\/\">II Toro de San Isidro<\/a>\u00a0,<\/span> en el Sal\u00f3n Teatro, a cargo de la Asociaci\u00f3n Cultural Taurina de Cantalpino, en la que todos los asistentes pudieron disfrutar de la proyecci\u00f3n del v\u00eddeo promocional de los toros que se soltar\u00e1n por las calles cantalpinesas el <strong>13 de mayo a las 16:30,<\/strong> coincidiendo con la fiesta local en honor a San Isidro.<\/p>\n<p style=\"text-align: justify;\">Os dejamos a continuaci\u00f3n el video promocional del II Toro de San Isidro, creado por el fot\u00f3grafo<span style=\"color: #00ccff;\"> <a style=\"color: #00ccff;\" href=\"https:\/\/www.facebook.com\/isma.sanchezcarrasco\">Isma S\u00e1nchez<\/a>.<\/span><\/p>\n<p>&nbsp;<\/p>\n<p><a href=\"http:\/\/www.youtube.com\/watch?v=QV7FjItQjlA\" data-rel=\"lightbox-video-0\">http:\/\/www.youtube.com\/watch?v=QV7FjItQjlA<\/a><\/p>\n","protected":false},"excerpt":{"rendered":"<p>En la tarde de ayer, 15 de abril, tuvo lugar la presentaci\u00f3n del II Toro de San Isidro\u00a0, en el Sal\u00f3n Teatro, a cargo de la Asociaci\u00f3n Cultural Taurina de Cantalpino, en la que&#46;&#46;&#46;<\/p>\n","protected":false},"author":11,"featured_media":9911,"comment_status":"open","ping_status":"open","sticky":false,"template":"","format":"standard","meta":{"footnotes":""},"categories":[1],"tags":[13,1258,1262,199,1261],"class_list":["post-10030","post","type-post","status-publish","format-standard","has-post-thumbnail","hentry","category-actualidad","tag-actc","tag-ii-toro-de-san-isidro","tag-isma-sanchez","tag-toro-del-cajon","tag-video-promocional"],"yoast_head":"<!-- This site is optimized with the Yoast SEO plugin v26.6 - https:\/\/yoast.com\/wordpress\/plugins\/seo\/ -->\n<title>Video promocional del II Toro de San Isidro - Dos Columnas<\/title>\n<meta name=\"robots\" content=\"index, follow, max-snippet:-1, max-image-preview:large, max-video-preview:-1\" \/>\n<link rel=\"canonical\" href=\"https:\/\/iicolumnas.es\/index.php\/actualidad\/2017\/04\/16\/video-promocional-del-ii-toro-san-isidro\/\" \/>\n<meta property=\"og:locale\" content=\"es_ES\" \/>\n<meta property=\"og:type\" content=\"article\" \/>\n<meta property=\"og:title\" content=\"Video promocional del II Toro de San Isidro - Dos Columnas\" \/>\n<meta property=\"og:description\" content=\"En la tarde de ayer, 15 de abril, tuvo lugar la presentaci\u00f3n del II Toro de San Isidro\u00a0, en el Sal\u00f3n Teatro, a cargo de la Asociaci\u00f3n Cultural Taurina de Cantalpino, en la que&#046;&#046;&#046;\" \/>\n<meta property=\"og:url\" content=\"https:\/\/iicolumnas.es\/index.php\/actualidad\/2017\/04\/16\/video-promocional-del-ii-toro-san-isidro\/\" \/>\n<meta property=\"og:site_name\" content=\"Dos Columnas\" \/>\n<meta property=\"article:publisher\" content=\"https:\/\/www.facebook.com\/iicolumnas\/\" \/>\n<meta property=\"article:published_time\" content=\"2017-04-16T15:05:13+00:00\" \/>\n<meta property=\"og:image\" content=\"https:\/\/iicolumnas.es\/wp-content\/uploads\/2017\/04\/segundo-toro-cajon.jpg\" \/>\n\t<meta property=\"og:image:width\" content=\"800\" \/>\n\t<meta property=\"og:image:height\" content=\"731\" \/>\n\t<meta property=\"og:image:type\" content=\"image\/jpeg\" \/>\n<meta name=\"author\" content=\"Elisabeth Herrero\" \/>\n<meta name=\"twitter:card\" content=\"summary_large_image\" \/>\n<meta name=\"twitter:creator\" content=\"@iicolumnas\" \/>\n<meta name=\"twitter:site\" content=\"@iicolumnas\" \/>\n<meta name=\"twitter:label1\" content=\"Escrito por\" \/>\n\t<meta name=\"twitter:data1\" content=\"Elisabeth Herrero\" \/>\n\t<meta name=\"twitter:label2\" content=\"Tiempo de lectura\" \/>\n\t<meta name=\"twitter:data2\" content=\"1 minuto\" \/>\n<script type=\"application\/ld+json\" class=\"yoast-schema-graph\">{\"@context\":\"https:\/\/schema.org\",\"@graph\":[{\"@type\":\"WebPage\",\"@id\":\"https:\/\/iicolumnas.es\/index.php\/actualidad\/2017\/04\/16\/video-promocional-del-ii-toro-san-isidro\/\",\"url\":\"https:\/\/iicolumnas.es\/index.php\/actualidad\/2017\/04\/16\/video-promocional-del-ii-toro-san-isidro\/\",\"name\":\"Video promocional del II Toro de San Isidro - Dos Columnas\",\"isPartOf\":{\"@id\":\"https:\/\/iicolumnas.es\/#website\"},\"primaryImageOfPage\":{\"@id\":\"https:\/\/iicolumnas.es\/index.php\/actualidad\/2017\/04\/16\/video-promocional-del-ii-toro-san-isidro\/#primaryimage\"},\"image\":{\"@id\":\"https:\/\/iicolumnas.es\/index.php\/actualidad\/2017\/04\/16\/video-promocional-del-ii-toro-san-isidro\/#primaryimage\"},\"thumbnailUrl\":\"https:\/\/iicolumnas.es\/wp-content\/uploads\/2017\/04\/segundo-toro-cajon.jpg\",\"datePublished\":\"2017-04-16T15:05:13+00:00\",\"author\":{\"@id\":\"https:\/\/iicolumnas.es\/#\/schema\/person\/a7ff663470be5c4a58b4056144602608\"},\"breadcrumb\":{\"@id\":\"https:\/\/iicolumnas.es\/index.php\/actualidad\/2017\/04\/16\/video-promocional-del-ii-toro-san-isidro\/#breadcrumb\"},\"inLanguage\":\"es\",\"potentialAction\":[{\"@type\":\"ReadAction\",\"target\":[\"https:\/\/iicolumnas.es\/index.php\/actualidad\/2017\/04\/16\/video-promocional-del-ii-toro-san-isidro\/\"]}]},{\"@type\":\"ImageObject\",\"inLanguage\":\"es\",\"@id\":\"https:\/\/iicolumnas.es\/index.php\/actualidad\/2017\/04\/16\/video-promocional-del-ii-toro-san-isidro\/#primaryimage\",\"url\":\"https:\/\/iicolumnas.es\/wp-content\/uploads\/2017\/04\/segundo-toro-cajon.jpg\",\"contentUrl\":\"https:\/\/iicolumnas.es\/wp-content\/uploads\/2017\/04\/segundo-toro-cajon.jpg\",\"width\":\"800\",\"height\":\"731\"},{\"@type\":\"BreadcrumbList\",\"@id\":\"https:\/\/iicolumnas.es\/index.php\/actualidad\/2017\/04\/16\/video-promocional-del-ii-toro-san-isidro\/#breadcrumb\",\"itemListElement\":[{\"@type\":\"ListItem\",\"position\":1,\"name\":\"Portada\",\"item\":\"https:\/\/iicolumnas.es\/\"},{\"@type\":\"ListItem\",\"position\":2,\"name\":\"Actualidad\",\"item\":\"https:\/\/iicolumnas.es\/index.php\/category\/actualidad\/\"},{\"@type\":\"ListItem\",\"position\":3,\"name\":\"Video promocional del II Toro de San Isidro\"}]},{\"@type\":\"WebSite\",\"@id\":\"https:\/\/iicolumnas.es\/#website\",\"url\":\"https:\/\/iicolumnas.es\/\",\"name\":\"Dos Columnas\",\"description\":\"El peri\u00f3dico de la villa de Cantalpino\",\"potentialAction\":[{\"@type\":\"SearchAction\",\"target\":{\"@type\":\"EntryPoint\",\"urlTemplate\":\"https:\/\/iicolumnas.es\/?s={search_term_string}\"},\"query-input\":{\"@type\":\"PropertyValueSpecification\",\"valueRequired\":true,\"valueName\":\"search_term_string\"}}],\"inLanguage\":\"es\"},{\"@type\":\"Person\",\"@id\":\"https:\/\/iicolumnas.es\/#\/schema\/person\/a7ff663470be5c4a58b4056144602608\",\"name\":\"Elisabeth Herrero\",\"image\":{\"@type\":\"ImageObject\",\"inLanguage\":\"es\",\"@id\":\"https:\/\/iicolumnas.es\/#\/schema\/person\/image\/\",\"url\":\"https:\/\/secure.gravatar.com\/avatar\/940d2d17ae8f8dbc80e004b6d5cf732529898723a62eb676e66b87e474e93db4?s=96&d=mm&r=g\",\"contentUrl\":\"https:\/\/secure.gravatar.com\/avatar\/940d2d17ae8f8dbc80e004b6d5cf732529898723a62eb676e66b87e474e93db4?s=96&d=mm&r=g\",\"caption\":\"Elisabeth Herrero\"}}]}<\/script>\n<!-- \/ Yoast SEO plugin. -->","yoast_head_json":{"title":"Video promocional del II Toro de San Isidro - Dos Columnas","robots":{"index":"index","follow":"follow","max-snippet":"max-snippet:-1","max-image-preview":"max-image-preview:large","max-video-preview":"max-video-preview:-1"},"canonical":"https:\/\/iicolumnas.es\/index.php\/actualidad\/2017\/04\/16\/video-promocional-del-ii-toro-san-isidro\/","og_locale":"es_ES","og_type":"article","og_title":"Video promocional del II Toro de San Isidro - Dos Columnas","og_description":"En la tarde de ayer, 15 de abril, tuvo lugar la presentaci\u00f3n del II Toro de San Isidro\u00a0, en el Sal\u00f3n Teatro, a cargo de la Asociaci\u00f3n Cultural Taurina de Cantalpino, en la que&#46;&#46;&#46;","og_url":"https:\/\/iicolumnas.es\/index.php\/actualidad\/2017\/04\/16\/video-promocional-del-ii-toro-san-isidro\/","og_site_name":"Dos Columnas","article_publisher":"https:\/\/www.facebook.com\/iicolumnas\/","article_published_time":"2017-04-16T15:05:13+00:00","og_image":[{"width":800,"height":731,"url":"https:\/\/iicolumnas.es\/wp-content\/uploads\/2017\/04\/segundo-toro-cajon.jpg","type":"image\/jpeg"}],"author":"Elisabeth Herrero","twitter_card":"summary_large_image","twitter_creator":"@iicolumnas","twitter_site":"@iicolumnas","twitter_misc":{"Escrito por":"Elisabeth Herrero","Tiempo de lectura":"1 minuto"},"schema":{"@context":"https:\/\/schema.org","@graph":[{"@type":"WebPage","@id":"https:\/\/iicolumnas.es\/index.php\/actualidad\/2017\/04\/16\/video-promocional-del-ii-toro-san-isidro\/","url":"https:\/\/iicolumnas.es\/index.php\/actualidad\/2017\/04\/16\/video-promocional-del-ii-toro-san-isidro\/","name":"Video promocional del II Toro de San Isidro - Dos Columnas","isPartOf":{"@id":"https:\/\/iicolumnas.es\/#website"},"primaryImageOfPage":{"@id":"https:\/\/iicolumnas.es\/index.php\/actualidad\/2017\/04\/16\/video-promocional-del-ii-toro-san-isidro\/#primaryimage"},"image":{"@id":"https:\/\/iicolumnas.es\/index.php\/actualidad\/2017\/04\/16\/video-promocional-del-ii-toro-san-isidro\/#primaryimage"},"thumbnailUrl":"https:\/\/iicolumnas.es\/wp-content\/uploads\/2017\/04\/segundo-toro-cajon.jpg","datePublished":"2017-04-16T15:05:13+00:00","author":{"@id":"https:\/\/iicolumnas.es\/#\/schema\/person\/a7ff663470be5c4a58b4056144602608"},"breadcrumb":{"@id":"https:\/\/iicolumnas.es\/index.php\/actualidad\/2017\/04\/16\/video-promocional-del-ii-toro-san-isidro\/#breadcrumb"},"inLanguage":"es","potentialAction":[{"@type":"ReadAction","target":["https:\/\/iicolumnas.es\/index.php\/actualidad\/2017\/04\/16\/video-promocional-del-ii-toro-san-isidro\/"]}]},{"@type":"ImageObject","inLanguage":"es","@id":"https:\/\/iicolumnas.es\/index.php\/actualidad\/2017\/04\/16\/video-promocional-del-ii-toro-san-isidro\/#primaryimage","url":"https:\/\/iicolumnas.es\/wp-content\/uploads\/2017\/04\/segundo-toro-cajon.jpg","contentUrl":"https:\/\/iicolumnas.es\/wp-content\/uploads\/2017\/04\/segundo-toro-cajon.jpg","width":"800","height":"731"},{"@type":"BreadcrumbList","@id":"https:\/\/iicolumnas.es\/index.php\/actualidad\/2017\/04\/16\/video-promocional-del-ii-toro-san-isidro\/#breadcrumb","itemListElement":[{"@type":"ListItem","position":1,"name":"Portada","item":"https:\/\/iicolumnas.es\/"},{"@type":"ListItem","position":2,"name":"Actualidad","item":"https:\/\/iicolumnas.es\/index.php\/category\/actualidad\/"},{"@type":"ListItem","position":3,"name":"Video promocional del II Toro de San Isidro"}]},{"@type":"WebSite","@id":"https:\/\/iicolumnas.es\/#website","url":"https:\/\/iicolumnas.es\/","name":"Dos Columnas","description":"El peri\u00f3dico de la villa de Cantalpino","potentialAction":[{"@type":"SearchAction","target":{"@type":"EntryPoint","urlTemplate":"https:\/\/iicolumnas.es\/?s={search_term_string}"},"query-input":{"@type":"PropertyValueSpecification","valueRequired":true,"valueName":"search_term_string"}}],"inLanguage":"es"},{"@type":"Person","@id":"https:\/\/iicolumnas.es\/#\/schema\/person\/a7ff663470be5c4a58b4056144602608","name":"Elisabeth Herrero","image":{"@type":"ImageObject","inLanguage":"es","@id":"https:\/\/iicolumnas.es\/#\/schema\/person\/image\/","url":"https:\/\/secure.gravatar.com\/avatar\/940d2d17ae8f8dbc80e004b6d5cf732529898723a62eb676e66b87e474e93db4?s=96&d=mm&r=g","contentUrl":"https:\/\/secure.gravatar.com\/avatar\/940d2d17ae8f8dbc80e004b6d5cf732529898723a62eb676e66b87e474e93db4?s=96&d=mm&r=g","caption":"Elisabeth Herrero"}}]}},"_links":{"self":[{"href":"https:\/\/iicolumnas.es\/index.php\/wp-json\/wp\/v2\/posts\/10030","targetHints":{"allow":["GET"]}}],"collection":[{"href":"https:\/\/iicolumnas.es\/index.php\/wp-json\/wp\/v2\/posts"}],"about":[{"href":"https:\/\/iicolumnas.es\/index.php\/wp-json\/wp\/v2\/types\/post"}],"author":[{"embeddable":true,"href":"https:\/\/iicolumnas.es\/index.php\/wp-json\/wp\/v2\/users\/11"}],"replies":[{"embeddable":true,"href":"https:\/\/iicolumnas.es\/index.php\/wp-json\/wp\/v2\/comments?post=10030"}],"version-history":[{"count":7,"href":"https:\/\/iicolumnas.es\/index.php\/wp-json\/wp\/v2\/posts\/10030\/revisions"}],"predecessor-version":[{"id":10048,"href":"https:\/\/iicolumnas.es\/index.php\/wp-json\/wp\/v2\/posts\/10030\/revisions\/10048"}],"wp:featuredmedia":[{"embeddable":true,"href":"https:\/\/iicolumnas.es\/index.php\/wp-json\/wp\/v2\/media\/9911"}],"wp:attachment":[{"href":"https:\/\/iicolumnas.es\/index.php\/wp-json\/wp\/v2\/media?parent=10030"}],"wp:term":[{"taxonomy":"category","embeddable":true,"href":"https:\/\/iicolumnas.es\/index.php\/wp-json\/wp\/v2\/categories?post=10030"},{"taxonomy":"post_tag","embeddable":true,"href":"https:\/\/iicolumnas.es\/index.php\/wp-json\/wp\/v2\/tags?post=10030"}],"curies":[{"name":"wp","href":"https:\/\/api.w.org\/{rel}","templated":true}]}}